{"id":3420,"date":"2011-03-11T13:08:25","date_gmt":"2011-03-11T13:08:25","guid":{"rendered":"http:\/\/e-anjelik.sk\/?p=3420"},"modified":"2011-03-11T13:08:25","modified_gmt":"2011-03-11T13:08:25","slug":"ordinacia-noveho-ruskeho-farara-v-krasnojarsku","status":"publish","type":"post","link":"https:\/\/www.e-anjelik.sk\/index.php\/2011\/03\/11\/ordinacia-noveho-ruskeho-farara-v-krasnojarsku\/","title":{"rendered":"Ordin\u00e1cia nov\u00e9ho rusk\u00e9ho far\u00e1ra v Krasnojarsku"},"content":{"rendered":"<p>V nede\u013eu 27. febru&aacute;ra 2011 sa v cirkevnom zbore ELKRAS&nbsp;v Krasnojarsku konala sl&aacute;vnos\u0165 ordin&aacute;cie a s&uacute;\u010dasne in&scaron;tal&aacute;cie za zborov&eacute;ho farara v tomto meste Gleba Pivovarova, absolventa teologick&eacute;ho semin&aacute;ra v Novosaratovke. 25-ro\u010dn&yacute; Gleb je v porad&iacute; u\u017e piatym rusk&yacute;m pastorom v tejto cirkvi. Ordin&aacute;ciu vykonal nov&yacute; biskup Otto Schaude za asistencie propsta Michaila Fellera a far&aacute;ra Stefana Wagenera. Mlad&yacute; duchovn&yacute; bude zaopatrova\u0165 okrem cirkevn&eacute;ho zboru Krasnojarsk aj \u010fal&scaron;&iacute;ch 11 obc&iacute; v tomto kraji. Sl&aacute;vnos\u0165 bola ve\u013ek&yacute;m d\u0148om pre veriacich, lebo po dlhom \u010dase upr&aacute;zdnen&eacute;ho miesta sa im kone\u010dne dostalo duchovn&eacute;ho pastiera.&nbsp;&nbsp;<\/p>\n<p>(<a href=\"http:\/\/www.elkusfo.ru\">www.elkusfo.ru<\/a>)<\/p>\n","protected":false},"excerpt":{"rendered":"<p>V nede\u013eu 27. febru&aacute;ra 2011 sa v cirkevnom zbore ELKRAS&nbsp;v Krasnojarsku konala sl&aacute;vnos\u0165 ordin&aacute;cie a s&uacute;\u010dasne in&scaron;tal&aacute;cie za zborov&eacute;ho farara v tomto meste Gleba Pivovarova, absolventa teologick&eacute;ho semin&aacute;ra v Novosaratovke. 25-ro\u010dn&yacute; Gleb je v porad&iacute; u\u017e piatym rusk&yacute;m pastorom v tejto cirkvi. Ordin&aacute;ciu vykonal nov&yacute; biskup Otto Schaude za asistencie propsta Michaila Fellera a far&aacute;ra &#8230; <a title=\"Ordin\u00e1cia nov\u00e9ho rusk\u00e9ho far\u00e1ra v Krasnojarsku\" class=\"read-more\" href=\"https:\/\/www.e-anjelik.sk\/index.php\/2011\/03\/11\/ordinacia-noveho-ruskeho-farara-v-krasnojarsku\/\" aria-label=\"Pre\u010d\u00edtajte si viac o Ordin\u00e1cia nov\u00e9ho rusk\u00e9ho far\u00e1ra v Krasnojarsku\">\u010c\u00edta\u0165 viac<\/a><\/p>\n","protected":false},"author":22,"featured_media":0,"comment_status":"open","ping_status":"open","sticky":false,"template":"","format":"standard","meta":{"footnotes":""},"categories":[35,10],"tags":[],"class_list":["post-3420","post","type-post","status-publish","format-standard","hentry","category-rusko-a-ine","category-zo-sveta"],"_links":{"self":[{"href":"https:\/\/www.e-anjelik.sk\/index.php\/wp-json\/wp\/v2\/posts\/3420","targetHints":{"allow":["GET"]}}],"collection":[{"href":"https:\/\/www.e-anjelik.sk\/index.php\/wp-json\/wp\/v2\/posts"}],"about":[{"href":"https:\/\/www.e-anjelik.sk\/index.php\/wp-json\/wp\/v2\/types\/post"}],"author":[{"embeddable":true,"href":"https:\/\/www.e-anjelik.sk\/index.php\/wp-json\/wp\/v2\/users\/22"}],"replies":[{"embeddable":true,"href":"https:\/\/www.e-anjelik.sk\/index.php\/wp-json\/wp\/v2\/comments?post=3420"}],"version-history":[{"count":0,"href":"https:\/\/www.e-anjelik.sk\/index.php\/wp-json\/wp\/v2\/posts\/3420\/revisions"}],"wp:attachment":[{"href":"https:\/\/www.e-anjelik.sk\/index.php\/wp-json\/wp\/v2\/media?parent=3420"}],"wp:term":[{"taxonomy":"category","embeddable":true,"href":"https:\/\/www.e-anjelik.sk\/index.php\/wp-json\/wp\/v2\/categories?post=3420"},{"taxonomy":"post_tag","embeddable":true,"href":"https:\/\/www.e-anjelik.sk\/index.php\/wp-json\/wp\/v2\/tags?post=3420"}],"curies":[{"name":"wp","href":"https:\/\/api.w.org\/{rel}","templated":true}]}}