{"id":3421,"date":"2011-03-12T09:57:55","date_gmt":"2011-03-12T09:57:55","guid":{"rendered":"http:\/\/e-anjelik.sk\/?p=3421"},"modified":"2011-03-12T09:57:55","modified_gmt":"2011-03-12T09:57:55","slug":"generalny-tajomnik-src-o-fykse-tveit-na-navsteve-v-korei","status":"publish","type":"post","link":"https:\/\/www.e-anjelik.sk\/index.php\/2011\/03\/12\/generalny-tajomnik-src-o-fykse-tveit-na-navsteve-v-korei\/","title":{"rendered":"Gener\u00e1lny tajomn\u00edk SRC O.Fykse Tveit na n\u00e1v\u0161teve v K\u00f3rei"},"content":{"rendered":"<p>Gener&aacute;lny tajomn&iacute;k Svetovej rady cirkv&iacute; (SRC)&nbsp;, far&aacute;r Olav Fykse Tveit pricestoval s deleg&aacute;ciou na n&aacute;v&scaron;tevu K&oacute;rey. Ako na tla\u010dovej konferencii v stredu 9.marca v Seoule povedal, pri&scaron;li nav&scaron;t&iacute;vi\u0165 k&oacute;rejsk&eacute; cirkvi a &scaron;t&aacute;t,aby pripravili praktick&eacute; podklady pre 10. valn&eacute; zhroma\u017edenie SRC ,ktor&eacute; sa bude kona\u0165 v meste Busan v okt&oacute;bri 2013. T&eacute;ma zasadnutia znie:&quot; Bo\u017ee \u017eivota, nau\u010d n&aacute;s spravodlivosti a pokoju.&quot; P&auml;\u0165 cel&yacute;ch dn&iacute;&nbsp; konal sa&nbsp;rad stretnut&iacute; s K&oacute;rejcami, ktor&iacute; bud&uacute; pripravova\u0165 dva roky VZ. Vyvrcholen&iacute;m n&aacute;v&scaron;tevy boli dve bohoslu\u017eby 13. marca, na ktor&yacute;ch k&aacute;zal O.F.Tveit.<\/p>\n<p>(<a href=\"http:\/\/www.oikoumene.org\">www.oikoumene.org<\/a>)<\/p>\n","protected":false},"excerpt":{"rendered":"<p>Gener&aacute;lny tajomn&iacute;k Svetovej rady cirkv&iacute; (SRC)&nbsp;, far&aacute;r Olav Fykse Tveit pricestoval s deleg&aacute;ciou na n&aacute;v&scaron;tevu K&oacute;rey. Ako na tla\u010dovej konferencii v stredu 9.marca v Seoule povedal, pri&scaron;li nav&scaron;t&iacute;vi\u0165 k&oacute;rejsk&eacute; cirkvi a &scaron;t&aacute;t,aby pripravili praktick&eacute; podklady pre 10. valn&eacute; zhroma\u017edenie SRC ,ktor&eacute; sa bude kona\u0165 v meste Busan v okt&oacute;bri 2013. T&eacute;ma zasadnutia znie:&quot; Bo\u017ee \u017eivota, &#8230; <a title=\"Gener\u00e1lny tajomn\u00edk SRC O.Fykse Tveit na n\u00e1v\u0161teve v K\u00f3rei\" class=\"read-more\" href=\"https:\/\/www.e-anjelik.sk\/index.php\/2011\/03\/12\/generalny-tajomnik-src-o-fykse-tveit-na-navsteve-v-korei\/\" aria-label=\"Pre\u010d\u00edtajte si viac o Gener\u00e1lny tajomn\u00edk SRC O.Fykse Tveit na n\u00e1v\u0161teve v K\u00f3rei\">\u010c\u00edta\u0165 viac<\/a><\/p>\n","protected":false},"author":22,"featured_media":0,"comment_status":"open","ping_status":"open","sticky":false,"template":"","format":"standard","meta":{"footnotes":""},"categories":[16,10],"tags":[],"class_list":["post-3421","post","type-post","status-publish","format-standard","hentry","category-azia","category-zo-sveta"],"_links":{"self":[{"href":"https:\/\/www.e-anjelik.sk\/index.php\/wp-json\/wp\/v2\/posts\/3421","targetHints":{"allow":["GET"]}}],"collection":[{"href":"https:\/\/www.e-anjelik.sk\/index.php\/wp-json\/wp\/v2\/posts"}],"about":[{"href":"https:\/\/www.e-anjelik.sk\/index.php\/wp-json\/wp\/v2\/types\/post"}],"author":[{"embeddable":true,"href":"https:\/\/www.e-anjelik.sk\/index.php\/wp-json\/wp\/v2\/users\/22"}],"replies":[{"embeddable":true,"href":"https:\/\/www.e-anjelik.sk\/index.php\/wp-json\/wp\/v2\/comments?post=3421"}],"version-history":[{"count":0,"href":"https:\/\/www.e-anjelik.sk\/index.php\/wp-json\/wp\/v2\/posts\/3421\/revisions"}],"wp:attachment":[{"href":"https:\/\/www.e-anjelik.sk\/index.php\/wp-json\/wp\/v2\/media?parent=3421"}],"wp:term":[{"taxonomy":"category","embeddable":true,"href":"https:\/\/www.e-anjelik.sk\/index.php\/wp-json\/wp\/v2\/categories?post=3421"},{"taxonomy":"post_tag","embeddable":true,"href":"https:\/\/www.e-anjelik.sk\/index.php\/wp-json\/wp\/v2\/tags?post=3421"}],"curies":[{"name":"wp","href":"https:\/\/api.w.org\/{rel}","templated":true}]}}