{"id":34217,"date":"2020-12-24T13:10:31","date_gmt":"2020-12-24T12:10:31","guid":{"rendered":"http:\/\/e-anjelik.sk\/?p=34217"},"modified":"2020-12-24T13:10:33","modified_gmt":"2020-12-24T12:10:33","slug":"zvestujem-vam-velku-radost","status":"publish","type":"post","link":"https:\/\/www.e-anjelik.sk\/index.php\/2020\/12\/24\/zvestujem-vam-velku-radost\/","title":{"rendered":"Zvestujem v\u00e1m ve\u013ek\u00fa rados\u0165!"},"content":{"rendered":"\n<p><em>\u201eZvestujem v\u00e1m ve\u013ek\u00fa rados\u0165, ktor\u00e1 bude rados\u0165ou pre v\u0161etk\u00fdch \u013eud\u00ed,<\/em><em> <\/em><em>lebo v D\u00e1vidovom meste sa v\u00e1m dnes narodil Spasite\u013e, Kristus P\u00e1n.\u201c<\/em> Lk 2,10,11<\/p>\n\n\n\n<p>\u00c1no, ve\u013ek\u00e1 to je rados\u0165, ktor\u00e1 sa n\u00e1m zvestuje v sv\u00e4t\u00fd \u010das viano\u010dn\u00fd, rados\u0165 prevy\u0161uj\u00faca v\u0161etky \u013eudsk\u00e9 rozko\u0161e, ktor\u00e9 sa zdaj\u00fa s\u00edce by\u0165 ve\u013ek\u00e9, ale v skuto\u010dnosti s\u00fa ve\u013emi nepatrn\u00e9. T\u00e1to rados\u0165 sa zd\u00e1 by\u0165 malou, je v\u0161ak preve\u013ek\u00e1 a sv\u00e4t\u00e1, lebo ona je dan\u00e1 od Boha a k Nemu vedie.<\/p>\n\n\n\n<p>Predivnou Hospodinovou milos\u0165ou sa stalo, \u017ee sa narodil Dedi\u010d Bo\u017eej koruny. Tento n\u00e1sledn\u00edk Bo\u017eieho tr\u00f3nu ku ktor\u00e9mu&nbsp;noh\u00e1m raz v\u0161etky knie\u017eat\u00e1 zlo\u017eia svoje koruny, a ktor\u00e9mu u\u017e teraz sa v&nbsp;pokore kla\u0148aj\u00fa mnoh\u00ed pozemsk\u00ed kr\u00e1li, nie je ozdoben\u00fd skvostn\u00fdm r\u00fachom, ale le\u017e\u00ed v&nbsp;prost\u00fdch plienkach ako to najchudobnej\u0161ie die\u0165a; Jeho prv\u00e9 l\u00f4\u017eko nie je n\u00e1dhern\u00e1 kol\u00edska, ale tvrd\u00e9 jasle; Jeho prv\u00fd pr\u00edbytok nie je ozdobn\u00e1 sie\u0148, ale ma\u0161ta\u013e! Ak\u00e1 prostota a chudoba! Ale \u010do tomuto Die\u0165atku ch\u00fdba: to sa v\u0161etko skrze Jeho narodenie d\u00e1va n\u00e1m!<\/p>\n\n\n\n<p><em>On pri\u0161iel na svet v chudobe<\/em><br><em>bez v\u0161etkej sl\u00e1vy svetskej,<\/em><br><em>mal v\u0161ak poklad pri sebe:<\/em><br><em>Kr\u00e1\u013eovstvo nebesk\u00e9!<\/em><br><em>On n\u00e1m dvere otvoril s\u00e1m<\/em><br><em>do raja kr\u00e1sneho,<\/em><br><em>nezabr\u00e1ni viac cherub\u00edn tam;<\/em><br><em>Chv\u00e1la bu\u010f Mu z\u00a0toho!<\/em><\/p>\n\n\n\n<p>Ak\u00fa tu Boh u\u010dinil v\u00fdmenu! On pre svoje mil\u00e9 Die\u0165a prijal na\u0161u chudobu, a n\u00e1s za to obdaril nebesk\u00fdmi pokladmi. On svojho Syna poslal do biedy, a n\u00e1s obk\u013e\u00fa\u010dil sl\u00e1vou. Kristus le\u017e\u00ed v plienkach, ale Bo\u017e\u00ed \u013eud je pocten\u00fd \u0161arl\u00e1tom a zlatom Bo\u017eou spravodlivos\u0165ou; Kristus le\u017e\u00ed v jasliach a odpo\u010d\u00edva v lone svojej chudobnej matky, ale my za to dlieme v\u00a0Bo\u017eom lone a vystupujeme k tr\u00f3nu spravodlivosti; Kristus sa zjavil v noci a my sme sa stali synmi svetla; On nem\u00e1 miesto v hostinci, a aj k n\u00e1m zaznieva nebesk\u00fd hlas: <em>\u00d3, br\u00e1ny, pozdvihnite svoje hlavy, a zdvihnite sa, ve\u010dn\u00e9 vr\u00e1ta, aby mohol vojs\u0165 Kr\u00e1\u013e sl\u00e1vy! Kto\u017ee je ten Kr\u00e1\u013e sl\u00e1vy? Hospodin siln\u00fd a mocn\u00fd, Hospodin mocn\u00fd v boji.<\/em> Teda \u013eudia, v ktor\u00fdch pre Je\u017ei\u0161a, svojho Syna, Boh m\u00e1 za\u013e\u00fabenie! Tak\u00fato rados\u0165 kto dok\u00e1\u017ee pochopi\u0165, kto dok\u00e1\u017ee vypoveda\u0165?<\/p>\n\n\n\n<p>Len mdl\u00fdm lkan\u00edm vo svojom srdci dok\u00e1\u017eeme vyslovi\u0165 v\u010faku za nezasl\u00fa\u017een\u00fa l\u00e1sku, bij\u00fac sa do svojich p\u0155s a vzdychaj\u00fac: nehodn\u00ed sme, \u00f3 Hospodine, v\u0161etk\u00e9ho milosrdenstva a v\u0161etkej pravdy, ktor\u00fa s&nbsp;nami u\u010dinil!<\/p>\n\n\n\n<p>Ve\u013ek\u00e1 je na\u0161a rados\u0165, lebo milos\u0165 sa stala v\u0161etk\u00e9mu \u013eudu! \u010co dnes tis\u00edce \u017eiadaj\u00fa s hrozbami a reptan\u00edm, vonkaj\u0161\u00edm vyrovnan\u00edm rozdielov v\u00a0ka\u017edodenn\u00fdch potreb\u00e1ch a\u00a0\u013eudskom postaven\u00ed: tu je to dan\u00e9! Chudobn\u00ed obohaten\u00ed vtelen\u00edm Syna Bo\u017eieho. Kde zaiste vl\u00e1dne duch Kristov, tam sa bud\u00fa nach\u00e1dza\u0165 \u013eudia, ktor\u00ed mnoho zozbieraj\u00fa, a ni\u010d im nebude zost\u00e1va\u0165, a \u013eudia, ktor\u00ed m\u00e1lo nazbieraj\u00fa a nebud\u00fa ma\u0165 nedostatok, ako p\u00ed\u0161e apo\u0161tol ku Korintsk\u00fdm v 2. liste v 8, 13: <em>\u201eVe\u010f nejde o to, aby sa in\u00fdm u\u013eavilo a v\u00e1m pri\u0165a\u017eilo, ale aby bola rovnos\u0165. Va\u0161a teraj\u0161ia hojnos\u0165 nech pom\u00f4\u017ee ich nedostatku, aby ich hojnos\u0165 pomohla nedostatku v\u00e1\u0161mu, a tak nastala rovnos\u0165;\u201c<\/em> Aj najchudobnej\u0161ie die\u0165a je urodzen\u00e9 vtelen\u00edm Krista Je\u017ei\u0161a, N\u00edm s\u00fa n\u00fadzni bohat\u00ed, zarm\u00faten\u00ed pote\u0161en\u00ed, nemocn\u00ed uzdraven\u00ed a umieraj\u00faci bla\u017een\u00ed. Vtelenie P\u00e1na je ako oblak, z\u00a0ktor\u00e9ho pad\u00e1 d\u00e1\u017e\u010f po\u017eehnania na v\u0161etky n\u00e1rody. Po\u010fme a\u00a0postavme sa pod tento oblak, vzdajme \u010des\u0165 nebesk\u00e9mu Otcovi a radujme sa v P\u00e1novi!<\/p>\n\n\n\n<p>A na\u0161a rados\u0165 nech je sv\u00e4t\u00e1, lebo ona sa so sv\u00e4t\u00fdm Bohom zaober\u00e1, zamestn\u00e1va, zapodieva a k Bohu priv\u00e1dza. Ona prenikne hlbiny na\u0161ej du\u0161e ako ohe\u0148, preb\u00fadza vieru, rozhoj\u0148uje l\u00e1sku, odkr\u00fdva a tresce hriech a pon\u00faka k pok\u00e1niu a obr\u00e1teniu \u017eivota. T\u00e1 viano\u010dn\u00e1 rados\u0165, preto\u017ee je \u010dist\u00e1 a&nbsp;posv\u00e4tn\u00e1, sklon\u00ed tvoju hlavu, pohne tvoj\u00edm srdcom a zohne tvoje kolen\u00e1, tak\u017ee sa pokor\u00ed\u0161 pred svojim P\u00e1nom! Lebo kto si ty? \u010co je chudobnej\u0161ie ako tvoje srdce, \u010do nepokojnej\u0161ie ne\u017e tvoje svedomie, \u010do ne\u010distej\u0161ie ako tvoj \u017eivot \u2014 keby si sa nechcel obr\u00e1ti\u0165 k&nbsp;Spasite\u013eovi svojej du\u0161e? \u010co by ti prospelo viano\u010dn\u00e9 veselie, keby nebolo t\u00fdm prav\u00fdm vesel\u00edm? A&nbsp;pr\u00e1ve preto bude, ke\u010f teba, stojaceho pred novonaroden\u00fdm Je\u017ei\u0161om, tvojim P\u00e1nom, prenikne sv\u00e4t\u00e1 b\u00e1ze\u0148 ako Izai\u00e1\u0161a, ktor\u00fd videl P\u00e1na sediaceho na tr\u00f3ne, zvolal: <em>Beda mi, som straten\u00fd, lebo som mu\u017eom ne\u010dist\u00fdch per\u00ed a b\u00fdvam uprostred \u013eudu ne\u010dist\u00fdch per\u00ed, preto\u017ee Kr\u00e1\u013ea, Hospodina mocnost\u00ed, videli moje o\u010di.<\/em> Po tejto sv\u00e4tej b\u00e1zni zv\u00e1\u017e, prehodno\u0165 a posudzuj svoju rados\u0165, lebo sv\u00e4t\u00fd Boh nen\u00e1vid\u00ed zlo, a skutky tela s\u00fa pred N\u00edm ohavnos\u0165ou, Jemu klam\u00e1ri s\u00fa odporn\u00ed, aj t\u00ed, ktor\u00ed p\u00e1chaj\u00fa nepravosti a krivdy. Tak\u00e1 viano\u010dn\u00e1 rados\u0165 je prav\u00e1, skuto\u010dn\u00e1, ktor\u00fa s\u00e1m Boh nazna\u010dil: L\u00e1m hladn\u00e9mu svoj chlieb, a&nbsp;nah\u00e9ho priodej, dus \u017eiadosti a chr\u00e1\u0148 sa lakomstva, chamtivosti, p\u00fdchy, pokrytectva a svoje \u00fasta od zlore\u010denia, a svoju du\u0161u od nen\u00e1visti a horkosti. Ke\u010f to bude\u0161 \u010dini\u0165, tvoja rados\u0165 bude sv\u00e4t\u00e1.<\/p>\n\n\n\n<p><em>\u201ePovsta\u0148 a zaskvej sa, preto\u017ee prich\u00e1dza tvoje svetlo a sl\u00e1va Hospodinova vych\u00e1dza nad tebou\u201c.<\/em> Iz 60,1<\/p>\n\n\n\n<p><\/p>\n\n\n\n<p>K sviatkom TOHO, ktor\u00fd sa narodil pre na\u0161u sp\u00e1su, prajeme v\u0161etk\u00fdm- mal\u00fdm i dospel\u00fdm- dietkam Bo\u017e\u00edm, hojnos\u0165 po\u017eehnania a pokoja od P\u00e1na Je\u017ei\u0161a Krista.<\/p>\n\n\n\n<p>Pokoj V\u00e1m!!<\/p>\n\n\n\n<p><\/p>\n","protected":false},"excerpt":{"rendered":"<p>\u201eZvestujem v\u00e1m ve\u013ek\u00fa rados\u0165, ktor\u00e1 bude rados\u0165ou pre v\u0161etk\u00fdch \u013eud\u00ed, lebo v D\u00e1vidovom meste sa v\u00e1m dnes narodil Spasite\u013e, Kristus P\u00e1n.\u201c Lk 2,10,11 \u00c1no, ve\u013ek\u00e1 to je rados\u0165, ktor\u00e1 sa n\u00e1m zvestuje v sv\u00e4t\u00fd \u010das viano\u010dn\u00fd, rados\u0165 prevy\u0161uj\u00faca v\u0161etky \u013eudsk\u00e9 rozko\u0161e, ktor\u00e9 sa zdaj\u00fa s\u00edce by\u0165 ve\u013ek\u00e9, ale v skuto\u010dnosti s\u00fa ve\u013emi nepatrn\u00e9. T\u00e1to rados\u0165 &#8230; <a title=\"Zvestujem v\u00e1m ve\u013ek\u00fa rados\u0165!\" class=\"read-more\" href=\"https:\/\/www.e-anjelik.sk\/index.php\/2020\/12\/24\/zvestujem-vam-velku-radost\/\" aria-label=\"Pre\u010d\u00edtajte si viac o Zvestujem v\u00e1m ve\u013ek\u00fa rados\u0165!\">\u010c\u00edta\u0165 viac<\/a><\/p>\n","protected":false},"author":3,"featured_media":0,"comment_status":"open","ping_status":"open","sticky":false,"template":"","format":"standard","meta":{"footnotes":""},"categories":[373],"tags":[],"class_list":["post-34217","post","type-post","status-publish","format-standard","hentry","category-stedry-vecer"],"_links":{"self":[{"href":"https:\/\/www.e-anjelik.sk\/index.php\/wp-json\/wp\/v2\/posts\/34217","targetHints":{"allow":["GET"]}}],"collection":[{"href":"https:\/\/www.e-anjelik.sk\/index.php\/wp-json\/wp\/v2\/posts"}],"about":[{"href":"https:\/\/www.e-anjelik.sk\/index.php\/wp-json\/wp\/v2\/types\/post"}],"author":[{"embeddable":true,"href":"https:\/\/www.e-anjelik.sk\/index.php\/wp-json\/wp\/v2\/users\/3"}],"replies":[{"embeddable":true,"href":"https:\/\/www.e-anjelik.sk\/index.php\/wp-json\/wp\/v2\/comments?post=34217"}],"version-history":[{"count":1,"href":"https:\/\/www.e-anjelik.sk\/index.php\/wp-json\/wp\/v2\/posts\/34217\/revisions"}],"predecessor-version":[{"id":34218,"href":"https:\/\/www.e-anjelik.sk\/index.php\/wp-json\/wp\/v2\/posts\/34217\/revisions\/34218"}],"wp:attachment":[{"href":"https:\/\/www.e-anjelik.sk\/index.php\/wp-json\/wp\/v2\/media?parent=34217"}],"wp:term":[{"taxonomy":"category","embeddable":true,"href":"https:\/\/www.e-anjelik.sk\/index.php\/wp-json\/wp\/v2\/categories?post=34217"},{"taxonomy":"post_tag","embeddable":true,"href":"https:\/\/www.e-anjelik.sk\/index.php\/wp-json\/wp\/v2\/tags?post=34217"}],"curies":[{"name":"wp","href":"https:\/\/api.w.org\/{rel}","templated":true}]}}