{"id":3422,"date":"2011-03-12T10:28:16","date_gmt":"2011-03-12T10:28:16","guid":{"rendered":"http:\/\/e-anjelik.sk\/?p=3422"},"modified":"2011-03-12T10:28:16","modified_gmt":"2011-03-12T10:28:16","slug":"vyzva-gen-tajomnika-src-o-f-tveita-k-zemetraseniu-a-cunami-v-japonsku","status":"publish","type":"post","link":"https:\/\/www.e-anjelik.sk\/index.php\/2011\/03\/12\/vyzva-gen-tajomnika-src-o-f-tveita-k-zemetraseniu-a-cunami-v-japonsku\/","title":{"rendered":"V\u00fdzva gen. tajomn\u00edka SRC O.F.Tveita k zemetraseniu a cunami v Japonsku"},"content":{"rendered":"<p>Gener&aacute;lny tajomn&iacute;k SRC O.F.Tveit, ktor&yacute; je na \u010dele deleg&aacute;cie SRC na n&aacute;v&scaron;teve v K&oacute;rei, vyzval \u010dlensk&eacute; cirkvi SRC k modlitb&aacute;m a solid&aacute;rnej pomoci obetiam siln&eacute;ho zemetrasenia a cunami, ktor&eacute; boli&nbsp;v piatok 11. marca t.r. &quot;Vyjadrujeme na&scaron;e najhlb&scaron;ie sympatie a modlime sa za v&scaron;etky obete, za ich rodiny a za v&scaron;etk&yacute;ch ,ktor&iacute; teraz \u017eij&uacute; v strachu z \u010fal&scaron;ieho zemetrasenia.Modl&iacute;me sa za t&yacute;ch ,ktor&iacute; stratili alebo pohre&scaron;uj&uacute; svojich bl&iacute;zkych&nbsp;, za t&yacute;ch,ktor&iacute; stratili svoje obydlia alebo tv&aacute;r &uacute;\u010dinku tejto hroznej de&scaron;trukcie. Apelujeme na v&scaron;etk&yacute;ch, ktor&iacute; chc&uacute; pom&ocirc;c\u0165, aby tak urobili cestou aliancie ACT ,ktor&aacute; m&aacute; zast&uacute;penia v mnoh&yacute;ch krajin&aacute;ch sveta.&quot;<\/p>\n<p>(<a href=\"http:\/\/www.oikoumene.org\">www.oikoumene.org<\/a>)<\/p>\n","protected":false},"excerpt":{"rendered":"<p>Gener&aacute;lny tajomn&iacute;k SRC O.F.Tveit, ktor&yacute; je na \u010dele deleg&aacute;cie SRC na n&aacute;v&scaron;teve v K&oacute;rei, vyzval \u010dlensk&eacute; cirkvi SRC k modlitb&aacute;m a solid&aacute;rnej pomoci obetiam siln&eacute;ho zemetrasenia a cunami, ktor&eacute; boli&nbsp;v piatok 11. marca t.r. &quot;Vyjadrujeme na&scaron;e najhlb&scaron;ie sympatie a modlime sa za v&scaron;etky obete, za ich rodiny a za v&scaron;etk&yacute;ch ,ktor&iacute; teraz \u017eij&uacute; v strachu &#8230; <a title=\"V\u00fdzva gen. tajomn\u00edka SRC O.F.Tveita k zemetraseniu a cunami v Japonsku\" class=\"read-more\" href=\"https:\/\/www.e-anjelik.sk\/index.php\/2011\/03\/12\/vyzva-gen-tajomnika-src-o-f-tveita-k-zemetraseniu-a-cunami-v-japonsku\/\" aria-label=\"Pre\u010d\u00edtajte si viac o V\u00fdzva gen. tajomn\u00edka SRC O.F.Tveita k zemetraseniu a cunami v Japonsku\">\u010c\u00edta\u0165 viac<\/a><\/p>\n","protected":false},"author":22,"featured_media":0,"comment_status":"open","ping_status":"open","sticky":false,"template":"","format":"standard","meta":{"footnotes":""},"categories":[16,10],"tags":[],"class_list":["post-3422","post","type-post","status-publish","format-standard","hentry","category-azia","category-zo-sveta"],"_links":{"self":[{"href":"https:\/\/www.e-anjelik.sk\/index.php\/wp-json\/wp\/v2\/posts\/3422","targetHints":{"allow":["GET"]}}],"collection":[{"href":"https:\/\/www.e-anjelik.sk\/index.php\/wp-json\/wp\/v2\/posts"}],"about":[{"href":"https:\/\/www.e-anjelik.sk\/index.php\/wp-json\/wp\/v2\/types\/post"}],"author":[{"embeddable":true,"href":"https:\/\/www.e-anjelik.sk\/index.php\/wp-json\/wp\/v2\/users\/22"}],"replies":[{"embeddable":true,"href":"https:\/\/www.e-anjelik.sk\/index.php\/wp-json\/wp\/v2\/comments?post=3422"}],"version-history":[{"count":0,"href":"https:\/\/www.e-anjelik.sk\/index.php\/wp-json\/wp\/v2\/posts\/3422\/revisions"}],"wp:attachment":[{"href":"https:\/\/www.e-anjelik.sk\/index.php\/wp-json\/wp\/v2\/media?parent=3422"}],"wp:term":[{"taxonomy":"category","embeddable":true,"href":"https:\/\/www.e-anjelik.sk\/index.php\/wp-json\/wp\/v2\/categories?post=3422"},{"taxonomy":"post_tag","embeddable":true,"href":"https:\/\/www.e-anjelik.sk\/index.php\/wp-json\/wp\/v2\/tags?post=3422"}],"curies":[{"name":"wp","href":"https:\/\/api.w.org\/{rel}","templated":true}]}}