{"id":34283,"date":"2021-01-04T19:36:42","date_gmt":"2021-01-04T18:36:42","guid":{"rendered":"http:\/\/e-anjelik.sk\/?p=34283"},"modified":"2021-01-04T19:36:43","modified_gmt":"2021-01-04T18:36:43","slug":"s-doverou-v-meno-jezis","status":"publish","type":"post","link":"https:\/\/www.e-anjelik.sk\/index.php\/2021\/01\/04\/s-doverou-v-meno-jezis\/","title":{"rendered":"S d\u00f4verou v meno Je\u017ei\u0161"},"content":{"rendered":"\n<p><em>&nbsp; <\/em><strong>&nbsp; &nbsp; S d\u00f4verou v meno Je\u017ei\u0161&nbsp;<\/strong><\/p>\n\n\n\n<p><em>Pane Bo\u017ee n\u00e1\u0161, k Tebe vol\u00e1me,<\/em><\/p>\n\n\n\n<p><em>ke\u010f sa nov\u00fd rok za\u010d\u00edna &#8211;<\/em><\/p>\n\n\n\n<p><em>od Teba \u010dak\u00e1me nov\u00e9 poslanie<\/em><\/p>\n\n\n\n<p><em>plach\u00e1 na\u0161a rodina\u2026<\/em><\/p>\n\n\n\n<p><em>Ty sa n\u00e1s ujmi, Ty sa n\u00e1s zasta\u0148,<\/em><\/p>\n\n\n\n<p><em>ve\u010f Tys\u2019 n\u00e1\u0161 Vodca, Radca a n\u00e1\u0161 P\u00e1n &#8211;<\/em><\/p>\n\n\n\n<p><em>vyslobo\u010f z bied a \u0165a\u017ekost\u00ed,<\/em><\/p>\n\n\n\n<p><em>a \u017eehnaj vern\u00fdm z milosti!&nbsp; Amen (M.R.)<\/em><\/p>\n\n\n\n<p><strong>L 2, 15 &#8211; 21:<\/strong><\/p>\n\n\n\n<p><em>\u201cKe\u010f anjeli odi\u0161li od nich do neba, povedali si pastieri: Po\u010fme a\u017e do Betlehema a vi\u010fme, \u010do sa to stalo, \u010do n\u00e1m ozn\u00e1mil P\u00e1n. (16) Popon\u00e1h\u013eali sa teda a na\u0161li M\u00e1riu a Jozefa i nemluvniatko ulo\u017een\u00e9 v jasliach. (17) Ke\u010f to videli, vyrozpr\u00e1vali, \u010do im bolo povedan\u00e9 o die\u0165atku. (18) A v\u0161etci, ktor\u00ed to po\u010duli, divili sa tomu, \u010do im pastieri hovorili. (19) Ale M\u00e1ria zachovala si toto v\u0161etko a prem\u00fd\u0161\u013eala o tom v srdci. (20) Potom sa pastieri vr\u00e1tili, oslavuj\u00fac a chv\u00e1liac Boha za v\u0161etko, \u010do po\u010duli a videli, ako im bolo povedan\u00e9. (21) Ke\u010f pri\u0161iel \u00f4smy de\u0148 a die\u0165atko bolo treba obreza\u0165, dali Mu meno Je\u017ei\u0161, ako Ho anjel bol pomenoval prv, ne\u017e sa po\u010dalo v \u017eivote\u201d. Amen<\/em><\/p>\n\n\n\n<p>&nbsp; &nbsp; Bohumil\u00ed kres\u0165ania, bratia a sestry v P\u00e1novi!<\/p>\n\n\n\n<p>&nbsp; &nbsp; &nbsp; So \u017eelan\u00edm Bo\u017eieho po\u017eehnania a v\u0161etk\u00e9ho najlep\u0161ieho od P\u00e1na vstupujeme do nov\u00e9ho roku 2021. Mo\u017eno n\u00e1m na\u0161e vz\u00e1jomn\u00e9 \u017eelania pripadaj\u00fa form\u00e1lne a v\u0161edn\u00e9. Vyslovujeme ich v\u0161ak nie preto, \u017ee sa tak patr\u00ed a slu\u0161\u00ed a je to zau\u017e\u00edvan\u00e1 spolo\u010densk\u00e1 konvencia. V\u017edy n\u00e1m dobre padne po\u010du\u0165 ka\u017ed\u00e9 mil\u00e9 a priate\u013esk\u00e9 slovo. Raz znie ako povzbudenie, inokedy priam ako pohladenie.&nbsp;<\/p>\n\n\n\n<p>To iste v\u0161etci potrebujeme a radi prij\u00edmame.<\/p>\n\n\n\n<p>&nbsp;&nbsp; &nbsp; &nbsp; Na za\u010diatku nov\u00e9ho roku odznieva aj ve\u013ea \u00favah o novej ceste, nov\u00fdch o\u010dak\u00e1vaniach, ale aj o nov\u00fdch, \u010di staro-nov\u00fdch obav\u00e1ch z bud\u00facnosti. Dovo\u013eme preto Duchu Bo\u017eiemu prehovori\u0165 do na\u0161ich s\u0155dc a my\u0161lienok a sk\u00fasme sa zapo\u010d\u00fava\u0165 nanovo do slov evanjelia, s o\u010dak\u00e1van\u00edm objavenia d\u00f4le\u017eit\u00e9ho posolstva pre n\u00e1s a na\u0161e rodiny, pre na\u0161u cirkev i n\u00e1\u0161 cirkevn\u00fd zbor.<\/p>\n\n\n\n<p>&nbsp; &nbsp; &nbsp; Nie sme s\u00edce n\u00e1morn\u00edci, ani ne\u017eijeme v bl\u00edzkosti mora, ale chcel by som v \u00favode nazva\u0165 nazva\u0165 na\u0161e novoro\u010dn\u00e9 vykro\u010denie plavbou. Plavbou v lodi\u010dke cirkvi. Dnes, obrazne povedan\u00e9, spolo\u010dne dv\u00edhame kotvu a vyd\u00e1vame sa na nov\u00fa plavbu t\u00fdmto svetom. Sme pln\u00ed r\u00f4znych o\u010dak\u00e1van\u00ed, vzru\u0161enia i predt\u00fach, podobn\u00ed apo\u0161tolovi Pavlovi a kres\u0165anom v Tyat\u00edre, ke\u010f ho vyprev\u00e1dzali na lo\u010f. V Skutkoch apo\u0161tolov o tom \u010d\u00edtame: <em>\u201d Ke\u010f v\u0161ak ubehol \u010das, vydali sme sa \u010falej na cestu a vyprevadili n\u00e1s a\u017e za mesto v\u0161etci so \u017eenami a de\u0165mi. Tam na brehu sme si pok\u013eakli a pomodlili sme sa. A potom, rozl\u00fa\u010diac sa, vst\u00fapili sme na lo\u010f\u201d. ( Sk 21) <\/em>Tu je jasne nazna\u010den\u00e9, \u010do m\u00e1me urobi\u0165 aj my na za\u010diatku na\u0161ej novej plavby v novom roku: Pok\u013eakn\u00fa\u0165, pomodli\u0165 sa vst\u00fapi\u0165 na lo\u010f. Podobne n\u00e1s vyz\u00fdva dnes aj na\u0161a n\u00e1bo\u017en\u00e1 piese\u0148:<em> \u201cHospodinu podajme ruky\u2026a na \u010fal\u0161ie putovanie, vylej svoje po\u017eehnanie!\u201d.(ES 71, 5)&nbsp;<\/em><\/p>\n\n\n\n<p><em>&nbsp;&nbsp; <\/em>\u00davodn\u00e9 evanjelium, ktor\u00e9 n\u00e1m pripom\u00edna d\u00f4verne zn\u00e1mu viano\u010dn\u00fa zves\u0165, tie\u017e hovor\u00ed o betlehemsk\u00fdch pastieroch, ktor\u00ed vykro\u010dili na cestu: <em>\u201cPo\u010fme a\u017e do Betehema a vi\u010fme, \u010do sa to stalo, \u010do n\u00e1m ozn\u00e1mil P\u00e1n\u201d. <\/em>Aj pre n\u00e1s je d\u00f4le\u017eit\u00e9 uvedomi\u0165 si to, \u010do si iste aj oni uvedomili pri ceste no\u010dnou krajinou: <em>\u201cP\u00e1n Boh nesp\u00ed a nedrieme!<\/em>&nbsp; (\u017d 121, 4) Preto mohli pok\u013ean\u00fa\u0165 pri jasliach Je\u017ei\u0161a Krista.<\/p>\n\n\n\n<p>&nbsp; &nbsp; Podanie r\u00fak Hospodinu z na\u0161ej strany je mo\u017en\u00e9 pr\u00e1ve preto, \u017ee On s\u00e1m podal ruku n\u00e1m v Je\u017ei\u0161ovi a dal n\u00e1m v \u0147om najavo, \u017ee chce by\u0165 st\u00e1le s nami. Je to d\u00f4le\u017eit\u00e9 poznanie pri na\u0161ej novej plavbe morom tohoto sveta. Toto je jasn\u00e1 a trval\u00e1 kon\u0161tanta, ktor\u00fa by sme mali v odvahe viery zakomponova\u0165 do v\u0161etk\u00fdch na\u0161ich \u00favah, ktor\u00e9 s\u00favisia s na\u0161imi o\u010dak\u00e1vaniami, pl\u00e1nmi, alebo obavami.<\/p>\n\n\n\n<p>&nbsp; &nbsp; <strong>V P\u00e1novi Je\u017ei\u0161ovi n\u00e1m Boh Otec podal ruku k plavbe do ve\u010dnosti<\/strong>. Preto:<\/p>\n\n\n\n<p>&nbsp;<em>1. Bo\u017eiu ruku podan\u00fa v Je\u017ei\u0161ovi vi\u010fme<\/em><\/p>\n\n\n\n<p><em>&nbsp;3.&nbsp; \u010do n\u00e1m bolo o \u0147om povedan\u00e9 zachovajme<\/em><\/p>\n\n\n\n<p>&nbsp; Bratia a sestry!<\/p>\n\n\n\n<p>&nbsp; P\u00e1n Boh v\u017edy konal v dejin\u00e1ch sveta. Ani dnes nestoj\u00ed mimo \u013eudsk\u00fdch dej\u00edn a tohoto sveta. On je p\u00e1nom dej\u00edn. Pr\u00edkladom toho s\u00fa aj Vianoce. Pre niekoho je v\u00fdznamn\u00fdm \u010dinite\u013eom pri Je\u017ei\u0161ovom naroden\u00ed cis\u00e1r Augustus, jeho rozkaz a v\u00f4\u013ea tyrana, ktor\u00fd sa iste nezmazate\u013ene zap\u00edsal do hist\u00f3rie R\u00edmskej r\u00ed\u0161e a tohoto sveta. Od mocn\u00fdch tohoto sveta sa v\u0161eobecne o\u010dak\u00e1va ve\u013ea a pripisuje sa im rozhoduj\u00faca v\u00e1ha v \u017eivotn\u00fdch \u00fadeloch \u013eud\u00ed a n\u00e1rodov. Zdanlivo oni v\u0161etko riadia, neraz zjavne, a inokedy skryte manipuluj\u00fa udalosti, ktor\u00e9 sa valia ako vlny na mori. Len\u017ee aj za t\u00fdm rozkazom a rozhodnut\u00edm vzne\u0161en\u00e9ho Augusta stoj\u00ed Bo\u017e\u00ed pl\u00e1n a Bo\u017eia v\u00f4\u013ea.&nbsp; Evanjelista, historik a lek\u00e1r Luk\u00e1\u0161 jasne nazna\u010duje, \u017ee sa n\u00edm P\u00e1nom Bohom vyvolen\u00e1 panna M\u00e1ria a Jozef vydali z Nazareta do Betlehema, aby sa pr\u00e1ve tam <em>\u201cnaplnili dni<\/em>\u201d. Pr\u00e1ve tu sa narodil zas\u013e\u00faben\u00fd Mesi\u00e1\u0161, ako to predpovedali proroci (Napr.Mich 5,2).<\/p>\n\n\n\n<p>Augustus si postupne upev\u0148oval svoju moc r\u00f4znymi sp\u00f4sobmi, ale s\u00fa\u010dasne bol n\u00e1strojom v Bo\u017e\u00edch pl\u00e1noch, smeruj\u00facich k z\u00e1chrane a sp\u00e1se sveta. Prostredn\u00edctvom svojich poslov (anjelov) sa dal Boh pozna\u0165 biednym \u013eu\u010fom tejto zeme a opovrhovan\u00ed pastieri pri Betleheme mohli ako prv\u00ed po\u010du\u0165 radostn\u00fa zves\u0165 a prija\u0165 <em>\u201cmilos\u0165 nad milos\u0165\u201d.(J 1,16)<\/em><\/p>\n\n\n\n<p><em>&nbsp;&nbsp; <\/em>Pre Jozefa a M\u00e1riu znamenal cis\u00e1rsky rozkaz \u0165a\u017ekosti,&nbsp; komplik\u00e1cie a ne\u013eahk\u00fa \u00falohu pripravi\u0165 sa na cestu a pravdepodobn\u00fd p\u00f4rod v Betleheme. V\u0161etko v\u0161ak zvl\u00e1dli, lebo Boh bol pri nich. To je aj na\u0161a n\u00e1dej, ktorej sa nem\u00e1me vzda\u0165 a na ktor\u00fa nesmieme zaudn\u00fa\u0165 pri \u00favah\u00e1ch o nov\u00fdch cest\u00e1ch, povinnostiach a v\u0161etk\u00fdch mo\u017en\u00fdch rizik\u00e1ch \u010fal\u0161ej \u017eivotnej plavby. P\u00e1n Boh nesp\u00ed a nedrieme, je bl\u00edzko n\u00e1s a s nami. Ak Ho chceme n\u00e1js\u0165, smieme po\u010du\u0165 Jeho \u017eiv\u00e9 slovo a prija\u0165 Jeho pomoc aj v najv\u00e4\u010d\u0161\u00edch sk\u00fa\u0161kach.<\/p>\n\n\n\n<p>&nbsp;&nbsp; 2. Bratia a sestry!<\/p>\n\n\n\n<p>&nbsp;&nbsp; Vypo\u010dut\u00e9 evanjelium kladie do centra na\u0161ej pozornosti nielen r\u00f4znych \u013eud\u00ed, ale najm\u00e4 nemluvniatko v jasliach. Je to iste ve\u013ek\u00fd paradox, \u017ee P\u00e1n Boh si ako znamenie svojej moci a sl\u00e1vy vyvolil pr\u00e1ve jasle. K nim viedol a vedie v\u0161etk\u00fdch \u013eud\u00ed, po\u010dn\u00fac od betlehemsk\u00fdch pastierov. Do nich polo\u017eila M\u00e1ria Toho, ktor\u00fd sa narodil nielen ako jej syn, ale aj Syn Bo\u017e\u00ed, Dobr\u00fd pastier v\u0161etk\u00fdch \u013eud\u00ed. O \u0147om plat\u00ed zas\u013e\u00fabenie, \u017ee <em>\u201ctrstinu nalomen\u00fa nedolom\u00ed a tlej\u00faci kn\u00f4t neuhas\u00ed\u201d. Z<\/em>bo\u017en\u00fd pevec vyznal: <em>\u201cV Je\u017ei\u0161i- Die\u0165ati, Boh sa l\u00e1skavo usmieva n\u00e1m\u201d\u2026(&nbsp; ES 60,3)&nbsp; <\/em>V mene Je\u017ei\u0161, ktor\u00e9 mu pri pri obriezke dali Jozef a M\u00e1ria sme pre\u0161li ako cirkev i jednotlivci u\u017e dlh\u00fa cestu. V Jeho mene a s poznan\u00edm, \u017ee v \u0147om n\u00e1m dal Boh Ochrancu, Pomocn\u00edka a Spasite\u013ea, pam\u00e4taj\u00fac na v\u0161etko, \u010do o \u0147om sved\u010d\u00ed ve\u013ek\u00fd oblak svedkov viery. Chceme s N\u00edm nielen za\u010da\u0165 \u010fal\u0161iu plavbu na vln\u00e1ch tohoto sveta, ale Jeho slovo aj v\u017edy posl\u00facha\u0165. Chceme urobi\u0165 v\u0161etko, \u010do n\u00e1m povie, ako urobila rodina v K\u00e1ne Galilejskej. Ochotne posl\u00fachnime ke\u010f povie: <em>\u201cOdrazte na hlbinu, spus\u0165te siete a lovte\u201d. <\/em>Je\u017ei\u0161 nie je pre nikoho hrozbou, ale je na\u0161\u00edm najlep\u0161\u00edm priate\u013eom a bratom. Nie je pov\u00fd\u0161eneck\u00fdm mocn\u00e1rom, obklopen\u00fd po zuby ozbrojenou ochrankou, ale je na\u0161\u00edm Spasite\u013eom, vyslobodite\u013eom z ka\u017edej zlej moci a mocnosti.&nbsp;<\/p>\n\n\n\n<p>&nbsp;&nbsp; &nbsp; &nbsp; Aj cis\u00e1r Kon\u0161tant\u00edn Ve\u013ek\u00fd posl\u00fachol zjaven\u00e9 znamenie IHS: \u201dIn Hoc signo\u201d- \u201cV tomto znamen\u00ed zv\u00ed\u0165az\u00ed\u0161\u201d a na smrte\u013enej posteli prijal Jeho Krst.Toto znamenie, ktor\u00e9 m\u00f4\u017eeme prija\u0165 aj ako svedectvo: Iesus Hominem Salvator= Je\u017ei\u0161 \u013eudsk\u00fd Spasite\u013e, je n\u00e1m dan\u00e9 ako hviezda Pol\u00e1rka, pod\u013ea ktorej sa odd\u00e1vna riadili moreplavci.&nbsp;<\/p>\n\n\n\n<p>&nbsp; &nbsp; &nbsp; Zachov\u00e1vajme v srdci v\u0161etky Jeho slov\u00e1 a posolstv\u00e1 vyjadren\u00e9 spasite\u013en\u00fdmi skutkami. Vieme, \u017ee skr\u00ed\u017een\u00e9 drev\u00e1 jasl\u00ed sa akoby poto\u010dili a stal sa z nich dreven\u00fd kr\u00ed\u017e Spaste\u013ea, na ktorom vyriekol: <em>Dokonan\u00e9<\/em>. Jeho kr\u00ed\u017e je n\u00e1m najsv\u00e4tej\u0161\u00edm znamen\u00edm, lebo je re\u010dou o na\u0161om vyk\u00fapen\u00ed z ka\u017edej zlej moci. Preto zachovajme v srdci v\u0161etko, \u010do n\u00e1m a\u017e doteraz bolo zvestovan\u00e9 a vyjaven\u00e9 o \u0147om. Nasledujme Ho v plnej d\u00f4vere aj v novom roku, v istote \u0161tastnej plavby, ktor\u00e1 skon\u010d\u00ed v pr\u00edstave ve\u010dn\u00e9ho \u017eivota, radosti a pokoja. Amen<\/p>\n\n\n\n<p>&nbsp;&nbsp; &nbsp; &nbsp; &nbsp; &nbsp; Nov\u00fd rok P\u00e1nov 2021 &nbsp; &nbsp; &nbsp; &nbsp; &nbsp; &nbsp; &nbsp; \u013dubom\u00edr Batka st.<\/p>\n","protected":false},"excerpt":{"rendered":"<p>&nbsp; &nbsp; &nbsp; S d\u00f4verou v meno Je\u017ei\u0161&nbsp; Pane Bo\u017ee n\u00e1\u0161, k Tebe vol\u00e1me, ke\u010f sa nov\u00fd rok za\u010d\u00edna &#8211; od Teba \u010dak\u00e1me nov\u00e9 poslanie plach\u00e1 na\u0161a rodina\u2026 Ty sa n\u00e1s ujmi, Ty sa n\u00e1s zasta\u0148, ve\u010f Tys\u2019 n\u00e1\u0161 Vodca, Radca a n\u00e1\u0161 P\u00e1n &#8211; vyslobo\u010f z bied a \u0165a\u017ekost\u00ed, a \u017eehnaj vern\u00fdm z milosti!&nbsp; &#8230; <a title=\"S d\u00f4verou v meno Je\u017ei\u0161\" class=\"read-more\" href=\"https:\/\/www.e-anjelik.sk\/index.php\/2021\/01\/04\/s-doverou-v-meno-jezis\/\" aria-label=\"Pre\u010d\u00edtajte si viac o S d\u00f4verou v meno Je\u017ei\u0161\">\u010c\u00edta\u0165 viac<\/a><\/p>\n","protected":false},"author":4,"featured_media":0,"comment_status":"open","ping_status":"open","sticky":false,"template":"","format":"standard","meta":{"footnotes":""},"categories":[121,118,15],"tags":[],"class_list":["post-34283","post","type-post","status-publish","format-standard","hentry","category-kazne","category-myjava","category-novy-rok"],"_links":{"self":[{"href":"https:\/\/www.e-anjelik.sk\/index.php\/wp-json\/wp\/v2\/posts\/34283","targetHints":{"allow":["GET"]}}],"collection":[{"href":"https:\/\/www.e-anjelik.sk\/index.php\/wp-json\/wp\/v2\/posts"}],"about":[{"href":"https:\/\/www.e-anjelik.sk\/index.php\/wp-json\/wp\/v2\/types\/post"}],"author":[{"embeddable":true,"href":"https:\/\/www.e-anjelik.sk\/index.php\/wp-json\/wp\/v2\/users\/4"}],"replies":[{"embeddable":true,"href":"https:\/\/www.e-anjelik.sk\/index.php\/wp-json\/wp\/v2\/comments?post=34283"}],"version-history":[{"count":1,"href":"https:\/\/www.e-anjelik.sk\/index.php\/wp-json\/wp\/v2\/posts\/34283\/revisions"}],"predecessor-version":[{"id":34284,"href":"https:\/\/www.e-anjelik.sk\/index.php\/wp-json\/wp\/v2\/posts\/34283\/revisions\/34284"}],"wp:attachment":[{"href":"https:\/\/www.e-anjelik.sk\/index.php\/wp-json\/wp\/v2\/media?parent=34283"}],"wp:term":[{"taxonomy":"category","embeddable":true,"href":"https:\/\/www.e-anjelik.sk\/index.php\/wp-json\/wp\/v2\/categories?post=34283"},{"taxonomy":"post_tag","embeddable":true,"href":"https:\/\/www.e-anjelik.sk\/index.php\/wp-json\/wp\/v2\/tags?post=34283"}],"curies":[{"name":"wp","href":"https:\/\/api.w.org\/{rel}","templated":true}]}}