{"id":34289,"date":"2021-01-05T23:58:54","date_gmt":"2021-01-05T22:58:54","guid":{"rendered":"http:\/\/e-anjelik.sk\/?p=34289"},"modified":"2021-01-05T23:58:55","modified_gmt":"2021-01-05T22:58:55","slug":"zjavenie-epifania","status":"publish","type":"post","link":"https:\/\/www.e-anjelik.sk\/index.php\/2021\/01\/05\/zjavenie-epifania\/","title":{"rendered":"Zjavenie &#8211; Epif\u00e1nia"},"content":{"rendered":"\n<p><strong><em>&nbsp; &nbsp; &nbsp; &nbsp; &nbsp; &nbsp; <\/em><\/strong><strong><em>&nbsp; <\/em>Zjavenie &#8211; Epif\u00e1nia<\/strong><\/p>\n\n\n\n<p><strong><em>1 Pt 3, 18 -22:<\/em><\/strong><\/p>\n\n\n\n<p><strong><em>Propoz\u00edcia<\/em>:&nbsp;<\/strong><\/p>\n\n\n\n<p>&nbsp;&nbsp; &nbsp; &nbsp; &nbsp; &nbsp; &nbsp; &nbsp; &nbsp; &nbsp;<em> &nbsp; Viano\u010dn\u00e1 zves\u0165 je ur\u010den\u00e1 v\u0161etk\u00fdm:<\/em><\/p>\n\n\n\n<p><em>&nbsp;&nbsp; &nbsp; 1.&nbsp; jednoduch\u00fdm i vzdelan\u00fdm<\/em><\/p>\n\n\n\n<p><em>&nbsp;&nbsp; &nbsp; 2.&nbsp; \u017didom i pohanom<\/em><\/p>\n\n\n\n<p><em>&nbsp;&nbsp; &nbsp; 3.&nbsp; \u017eiv\u00fdm i m\u0155tvym<\/em><\/p>\n\n\n\n<p><strong>N\u00e1\u010drt k\u00e1zne:<\/strong><\/p>\n\n\n\n<p>&nbsp;&nbsp; &nbsp; Ke\u010f sv\u00e4t\u00edme posledn\u00fd viano\u010dn\u00fd sviatok: Zjavenie Krista P\u00e1na mudrcom, neraz s\u00fa v centre k\u00e1zne i pozornosti posluch\u00e1\u010dov \u201ctraja\u201d mudrci od v\u00fdchodu so svojimi skvostn\u00fdmi darmi naroden\u00e9mu Je\u017ei\u0161kovi. Pod vplyvom mnoh\u00fdch v\u00fdznamn\u00fdch spisovate\u013eov a maliarov z\u013eudovel nespr\u00e1vny n\u00e1zov tohto v\u00fdznamn\u00e9ho sviatku: kla\u0148anie sa \u201ctroch kr\u00e1\u013eov\u201d. Zobrazen\u00e9 Jezuliatko je sk\u00f4r v \u00fazad\u00ed a maliari sa \u010dasto ani nesna\u017eia o to, aby uk\u00e1zali, kto je v skuto\u010dnosti obdarovan\u00fd a kto Darca. Kto je hoden nie \u013e\u00fatosti pred zlobou sveta, ale skuto\u010dnej \u00facty, pokornej poklony a radostnej oslavy.<\/p>\n\n\n\n<p>&nbsp;&nbsp; &nbsp; Sviatok Zjavenie Krista P\u00e1na chce uk\u00e1za\u0165 a predstavi\u0165 naroden\u00e9ho Bo\u017eieho Syna ako Darcu v\u0161etk\u00fdch duchovn\u00fdch darov, ktor\u00e9 pon\u00faka v\u0161etk\u00fdm \u013eu\u010fom. Chce nanovo pripomen\u00fa\u0165, \u017ee Je\u017ei\u0161 pri\u0161iel na svet a narodil sa preto, aby zjavil Bo\u017eiu milos\u0165 hrie\u0161nikom a dok\u00e1zal sa ako skuto\u010dn\u00fd Spasite\u013e, Z\u00e1chranca z moci hriechu, diabla a smrti. Pri\u0161iel, aby uk\u00e1zal Bo\u017eiu moc a sl\u00e1vu, ale aj Bo\u017eiu milos\u0165 a l\u00e1sku.&nbsp;<\/p>\n\n\n\n<p>&nbsp;&nbsp; 1.Kr\u00e1tko si pripome\u0148me, \u017ee anjelsk\u00e9 oslovenie z neba bolo zjavne pon\u00faknut\u00e9 najsk\u00f4r t\u00fdm naposlednej\u0161\u00edm, \u010dasto zazn\u00e1van\u00fdm a opovrhovan\u00fdm betlehemsk\u00fdm pastierom. Aj keby sme ako prv\u00e9ho obdarovan\u00e9 \u010dloveka spomenuli M\u00e1riu a Jozefa a staru\u010dk\u00fdch man\u017eelov Zachari\u00e1\u0161a a Al\u017ebetu, aj vtedy by boli prv\u00fdmi obdarovan\u00fdmi \u013eudia <em>\u201cpokorn\u00ed v duchu\u201d . <\/em>Rodiny, ktor\u00e9 neboli vo svojom okol\u00ed \u017eiadnymi celebritami. Jedni i druh\u00ed v\u0161ak naroden\u00e9ho Bo\u017eieho Syna prijali a stali sa Jeho slu\u017eobn\u00edkmi a nasledovn\u00edkmi.&nbsp;<\/p>\n\n\n\n<p>&nbsp; &nbsp; &nbsp; K nim sa pridali aj mudrci od v\u00fdchodu, dobre poznaj\u00faci nebesk\u00fa oblohu, ktor\u00fdch spom\u00edna evanjelista Mat\u00fa\u0161. Kres\u0165ansk\u00e1 cirkev ich odd\u00e1vna pova\u017euje za prv\u00fdch mision\u00e1rov medzi pohanmi a dne\u0161n\u00fd sviatok je pripomenut\u00edm tejto misie, ktor\u00e1 pokra\u010duje a m\u00e1 pokra\u010dova\u0165 dodnes.<\/p>\n\n\n\n<p>&nbsp;&nbsp; &nbsp; Mimoriadnym svedkom Krista, ktor\u00fd bol svetu poslan\u00fd z neba bol J\u00e1n Krstite\u013e. Po betlehemsk\u00fdch de\u0165och bol prv\u00fdm mart\u00fdrom medzi \u017didmi pre svoje svedectv\u00e1 a zves\u0165: <em>\u201cVidel som Ducha Sv\u00e4t\u00e9ho ako holubicu zost\u00fapi\u0165 na Neho\u201d. <\/em>T\u00fdm, \u017ee sa stal nezlomn\u00fdm kazate\u013eom pok\u00e1nia medzi svojimi, neuvidel e\u0161te v\u00e4\u010d\u0161\u00ed div, Je\u017ei\u0161ovu vykupite\u013esk\u00fa smr\u0165 a sl\u00e1vne vzkriesenie. Krst pok\u00e1nia, ktor\u00fdm J\u00e1n krstil P\u00e1n Je\u017ei\u0161 osobne nepotreboval, ale t\u00fdm, \u017ee uk\u00e1zal, \u017ee je Bar\u00e1nkom Bo\u017e\u00edm, ktor\u00fd vzal na seba na\u0161e hriechy, dal \u017eivotadarn\u00fa n\u00e1dej J\u00e1novi i mnoh\u00fdm \u010fal\u0161\u00edm.&nbsp;<\/p>\n\n\n\n<p>&nbsp;&nbsp; 2. Niektor\u00ed u\u010den\u00edci, ktor\u00fdch si Je\u017ei\u0161 vyvolil, videli Jeho sl\u00e1vu na hore premenenia, ale najm\u00e4 po Jeho zm\u0155tychvstan\u00ed. T\u00ed, \u010do Ho prijali ako P\u00e1na, stali sa obdarovan\u00fdmi do tej miery, \u017ee sa stali aj Jeho apo\u0161tolmi, nosite\u013emi Jeho evanjelia nielen medzi \u017didmi, ale aj pohanmi. Je\u017ei\u0161ova misia, nesenie evanjelia o vyk\u00fapen\u00ed a spasen\u00ed ka\u017ed\u00e9ho kaj\u00faceho hrie\u0161nika trv\u00e1 aj dnes, uprostred bied a hriechov n\u00e1\u0161ho sveta. Je\u017ei\u0161ovo poverenie je zn\u00e1me a jasn\u00e9: <em>\u201cCho\u010fte teda, \u010di\u0148te mi u\u010den\u00edkmi v\u0161etky n\u00e1rody, krstiac ich v meno Otca i Syna, i Ducha Sv\u00e4t\u00e9ho a u\u010diac ich zachov\u00e1va\u0165 v\u0161etko, \u010doko\u013evek som v\u00e1m prik\u00e1zal\u201d (Mt 28 19 &#8211; 20) <\/em>Jeho zas\u013e\u00fabenie sp\u00e1sy patr\u00ed \u017didom i pohanom.<\/p>\n\n\n\n<p>&nbsp; &nbsp; 3. Posilnen\u00ed vo viere, pote\u0161en\u00ed v na\u0161ej n\u00e1deji v ukri\u017eovan\u00e9ho a vzkriesen\u00e9ho P\u00e1na, vych\u00e1dzame z viano\u010dn\u00fdch sviatkov na nov\u00e9 cesty \u017eivota. Nevieme, ak\u00e9 bud\u00fa, nepozn\u00e1me v\u0161etky bud\u00face \u00faskalia cesty za Kristom. Jedno v\u0161ak vieme, \u017ee v\u0161etci pokrsten\u00ed sme povolan\u00ed a m\u00e1me by\u0165 Kristov\u00fdmi nasledovn\u00edkmi a Jeho slu\u017eobn\u00edkmi, hl\u00e1saj\u00facimi Jeho evanjelium. Aby boli blahoslaven\u00ed \u010d\u00edm viacer\u00ed \u013eudia \u017eij\u00faci dnes okolo n\u00e1s, ka\u017ed\u00fd pokrsten\u00fd a veriaci v Krista m\u00e1 vedie\u0165 o povolan\u00ed k zvesti evanjelia a k svedectvu nov\u00e9ho \u017eivota. Evanjelium je radostn\u00e1 zves\u0165 nielen pre deti a nielen pre star\u00fdch a slab\u00fdch, ale pre v\u0161etk\u00fdch. Ako P\u00e1n Je\u017ei\u0161 volal a poz\u00fdval pracuj\u00facich a v\u0161elijak\u00fdmi bremenami pre\u0165a\u017een\u00fdch, tak m\u00e1me kona\u0165 aj my. Sviato\u010dn\u00e9 dni n\u00e1m pripomenuli Je\u017ei\u0161ovu moc, sl\u00e1vu a mnoh\u00e9 dary Ducha Sv\u00e4t\u00e9ho ktor\u00e9 potrebujeme: l\u00e1sku, rados\u0165 a pokoj. Z\u00edska\u0165 ich m\u00f4\u017eeme len od Toho, ktor\u00fd ich m\u00e1 v plnosti.<\/p>\n\n\n\n<p>&nbsp; &nbsp; Povzbudenie a blahoslaven\u00fa n\u00e1dej potrebujeme v\u0161etci, ktor\u00ed sme zastali v br\u00e1nach nov\u00e9ho roku, v\u0161etci putuj\u00faci, ale i umieraj\u00faci. Ak mysl\u00edme na t\u00fdch, ktor\u00ed zomreli sk\u00f4r, ako sa Kristus narodil a dokonal dielo spasenia, nemus\u00edme ma\u0165 obavy o to, \u017ee s\u00fa ukr\u00e1ten\u00ed o posolstvo a dielo Kristovo. Po\u010dujeme z dne\u0161n\u00e9ho slova P\u00edsma, \u017ee aj o nich sa Kristus postaral a pon\u00fakol im mo\u017enos\u0165 prija\u0165 Ho vierou ako V\u00ed\u0165aza na smr\u0165ou. Po Jeho vykupite\u013eskej smrti <em>\u201cmnoh\u00e9 tel\u00e1 zosnul\u00fdch sv\u00e4t\u00fdch vstali a uk\u00e1zali sa mnoh\u00fdm\u201d<\/em>.<em>(Mt 27,52) <\/em>Nezostali v <em>\u201cr\u00ed\u0161i ml\u010dania a smrti\u201d,<\/em> ako<em> \u201cani Jeho du\u0161a nezostala v podsvet\u00ed\u201d<\/em>, ak uverili v Jeho z\u00e1stupn\u00fa smr\u0165 na kr\u00ed\u017ei a v Jeho sl\u00e1vne vzkriesenie. On s\u00e1m zvestoval a zjavil svoje v\u00ed\u0165azstvo aj m\u0155tvym. Mnoh\u00ed Ho o\u010dak\u00e1vali, lebo Ho sami predvideli, ale i posmieva\u010di a pochybova\u010di mali mo\u017enos\u0165 vierou chyti\u0165 sa kyn\u00facej im n\u00e1deje a dosiahn\u00fa\u0165<em> \u201cmilos\u0165 nad milos\u0165<\/em>\u201d. Pr\u00e1ve tak, ako aj my dnes.<\/p>\n\n\n\n<p>&nbsp; &nbsp; Radostn\u00e1 sves\u0165 o n\u00e1deji v Kristu m\u00f4\u017ee a m\u00e1 pokra\u010dova\u0165 aj po t\u00fdchto sviatkoch. Je ur\u010den\u00e1 jednoduch\u00fdm i vzdelan\u00fdm, \u017didom i pohanom, \u017eiv\u00fdm i m\u0155tvym, aby \u010d\u00edm viacer\u00ed uverili v Neho ako Kr\u00e1\u013ea kr\u00e1\u013eov a P\u00e1na p\u00e1nov a napokon mali \u00fa\u010das\u0165 na Jeho ve\u010dnej sl\u00e1ve v nebesiach. Amen<\/p>\n\n\n\n<p>&nbsp;&nbsp; &nbsp; &nbsp; &nbsp; &nbsp; &nbsp; &nbsp; &nbsp; &nbsp; &nbsp; &nbsp; &nbsp; &nbsp; &nbsp; &nbsp; &nbsp; &nbsp; &nbsp; &nbsp; &nbsp; &nbsp; &nbsp; &nbsp; &nbsp; &nbsp; &nbsp; &nbsp; &nbsp; &nbsp; &nbsp; &nbsp; &nbsp; &nbsp; &nbsp; &nbsp; &nbsp; \u013dubom\u00edr Batka st.<\/p>\n","protected":false},"excerpt":{"rendered":"<p>&nbsp; &nbsp; &nbsp; &nbsp; &nbsp; &nbsp; &nbsp; Zjavenie &#8211; Epif\u00e1nia 1 Pt 3, 18 -22: Propoz\u00edcia:&nbsp; &nbsp;&nbsp; &nbsp; &nbsp; &nbsp; &nbsp; &nbsp; &nbsp; &nbsp; &nbsp; &nbsp; Viano\u010dn\u00e1 zves\u0165 je ur\u010den\u00e1 v\u0161etk\u00fdm: &nbsp;&nbsp; &nbsp; 1.&nbsp; jednoduch\u00fdm i vzdelan\u00fdm &nbsp;&nbsp; &nbsp; 2.&nbsp; \u017didom i pohanom &nbsp;&nbsp; &nbsp; 3.&nbsp; \u017eiv\u00fdm i m\u0155tvym N\u00e1\u010drt k\u00e1zne: &nbsp;&nbsp; &nbsp; Ke\u010f sv\u00e4t\u00edme &#8230; <a title=\"Zjavenie &#8211; Epif\u00e1nia\" class=\"read-more\" href=\"https:\/\/www.e-anjelik.sk\/index.php\/2021\/01\/05\/zjavenie-epifania\/\" aria-label=\"Pre\u010d\u00edtajte si viac o Zjavenie &#8211; Epif\u00e1nia\">\u010c\u00edta\u0165 viac<\/a><\/p>\n","protected":false},"author":4,"featured_media":0,"comment_status":"open","ping_status":"open","sticky":false,"template":"","format":"standard","meta":{"footnotes":""},"categories":[121,118,544],"tags":[],"class_list":["post-34289","post","type-post","status-publish","format-standard","hentry","category-kazne","category-myjava","category-zjavenie-epifania"],"_links":{"self":[{"href":"https:\/\/www.e-anjelik.sk\/index.php\/wp-json\/wp\/v2\/posts\/34289","targetHints":{"allow":["GET"]}}],"collection":[{"href":"https:\/\/www.e-anjelik.sk\/index.php\/wp-json\/wp\/v2\/posts"}],"about":[{"href":"https:\/\/www.e-anjelik.sk\/index.php\/wp-json\/wp\/v2\/types\/post"}],"author":[{"embeddable":true,"href":"https:\/\/www.e-anjelik.sk\/index.php\/wp-json\/wp\/v2\/users\/4"}],"replies":[{"embeddable":true,"href":"https:\/\/www.e-anjelik.sk\/index.php\/wp-json\/wp\/v2\/comments?post=34289"}],"version-history":[{"count":1,"href":"https:\/\/www.e-anjelik.sk\/index.php\/wp-json\/wp\/v2\/posts\/34289\/revisions"}],"predecessor-version":[{"id":34290,"href":"https:\/\/www.e-anjelik.sk\/index.php\/wp-json\/wp\/v2\/posts\/34289\/revisions\/34290"}],"wp:attachment":[{"href":"https:\/\/www.e-anjelik.sk\/index.php\/wp-json\/wp\/v2\/media?parent=34289"}],"wp:term":[{"taxonomy":"category","embeddable":true,"href":"https:\/\/www.e-anjelik.sk\/index.php\/wp-json\/wp\/v2\/categories?post=34289"},{"taxonomy":"post_tag","embeddable":true,"href":"https:\/\/www.e-anjelik.sk\/index.php\/wp-json\/wp\/v2\/tags?post=34289"}],"curies":[{"name":"wp","href":"https:\/\/api.w.org\/{rel}","templated":true}]}}