{"id":34299,"date":"2021-01-08T22:39:45","date_gmt":"2021-01-08T21:39:45","guid":{"rendered":"http:\/\/e-anjelik.sk\/?p=34299"},"modified":"2021-01-08T22:39:47","modified_gmt":"2021-01-08T21:39:47","slug":"500-rokov-od-exkomunikacie-m-luthera","status":"publish","type":"post","link":"https:\/\/www.e-anjelik.sk\/index.php\/2021\/01\/08\/500-rokov-od-exkomunikacie-m-luthera\/","title":{"rendered":"500 rokov od exkomunik\u00e1cie M.Luthera"},"content":{"rendered":"\n<p><a href=\"https:\/\/www.facebook.com\/groups\/158516810950888\/user\/1317767653\/?__cft__%5B0%5D=AZV5UBkuqX0tU9qaY5eyqGveh-4vvkOSQ4NLLYrZ1CI0kDVaSidCCSTbQh9fzMr_6v6kIanlP48nEtOrAVbQ7KWu_Fy5oouKc5itE6IDh3E4LqrJDJhdY0A7EcrzjOvvUo14F9QRGn5HQ8b3_L9rsW7igRv8k7BBPgjLndpDewC4NO-F_EJDzu9sUsR81s2o3j-rLZMzRqnxL3ADVDgrFH--&amp;__tn__=-%5DC%2CP-R\"><strong>Tibor Moln\u00e1r<\/strong><\/a>:<\/p>\n\n\n\n<p>&nbsp;A m\u00e1me tu zase 500vku&nbsp;<\/p>\n\n\n\n<p>Bol vydan\u00fd aj interdikt &#8211; z\u00e1kaz akejko\u013evek cirkevnej \u010dinnosti na mieste, kde by sa Luther zdr\u017eiaval. No 90 percent obyvate\u013estva st\u00e1lo za Lutherom.<\/p>\n\n\n\n<p>Inak bula o exkomunik\u00e1cii spred 500 rokov je st\u00e1le platn\u00e1.<\/p>\n\n\n\n<p><a href=\"https:\/\/www.facebook.com\/CzEcavMengusovce\/?__cft__%5B0%5D=AZV5UBkuqX0tU9qaY5eyqGveh-4vvkOSQ4NLLYrZ1CI0kDVaSidCCSTbQh9fzMr_6v6kIanlP48nEtOrAVbQ7KWu_Fy5oouKc5itE6IDh3E4LqrJDJhdY0A7EcrzjOvvUo14F9QRGn5HQ8b3_L9rsW7igRv8k7BBPgjLndpDewC4NO-F_EJDzu9sUsR81s2o3j-rLZMzRqnxL3ADVDgrFH--&amp;__tn__=-UC%2CP-y-R\"><strong>CZ ECAV Mengusovce<\/strong><\/a><\/p>\n\n\n\n<p>Dnes je 500 rokov od buly p\u00e1pe\u017ea Lea X. k&nbsp; exkomunik\u00e1cii Martina Luthera.<\/p>\n\n\n\n<p>P\u00e1pe\u017esk\u00e1 bula exkomunikuj\u00faca Martina Luthera, nesie n\u00e1zov prv\u00fdch troch latinsk\u00fdch slov svojho textu. Bola vydana 3. janu\u00e1ra 1521 p\u00e1pe\u017eom Levom X. na uskuto\u010dnenie exkomunik\u00e1cie, ktor\u00e1 hrozila v jeho predch\u00e1dzaj\u00facej p\u00e1pe\u017eskej bule Exsurge Domine (1520), preto\u017ee Luther neust\u00fapil.&nbsp;<\/p>\n\n\n\n<p>Luther sp\u00e1lil svoju k\u00f3piu Exsurge Domine 10. decembra 1520 pri Elsterskej br\u00e1ne vo Wittenbergu.<\/p>\n\n\n\n<p>Existuj\u00fa najmenej \u010fal\u0161ie dve d\u00f4le\u017eit\u00e9 p\u00e1pe\u017esk\u00e9 buly s titulom Decet Romanum Pontificem: jedna z 23. febru\u00e1ra 1596 vydan\u00e1 p\u00e1pe\u017eom Klementom VIII. A druh\u00e1 z 12. marca 1622 vydan\u00e1 p\u00e1pe\u017eom Gregorom XV.<\/p>\n\n\n\n<p>Na konci 20. storo\u010dia evanjelici v dial\u00f3gu s katol\u00edckou cirkvou po\u017eadovali zru\u0161enie tejto exkomunik\u00e1cie, av\u0161ak R\u00edmska k\u00faria odpovedala, \u017ee jej praxou je zru\u0161i\u0165 exkomunik\u00e1cie iba u t\u00fdch, ktor\u00ed e\u0161te \u017eij\u00fa.&nbsp;<\/p>\n\n\n\n<p>Roland Bainton vo svojom predslove k vydaniu Lutherovej biografie z roku 1978 \u201eTu stoj\u00edm po \u0161tvr\u0165storo\u010d\u00ed\u201c nap\u00edsal: \u201eSom \u0161\u0165astn\u00fd, \u017ee R\u00edmska cirkev povolila nejak\u00e9 rozhovory o odstr\u00e1nen\u00ed Lutherovej exkomunik\u00e1cie. Mohlo by sa tak sta\u0165. Nikdy nebol kac\u00edrom. Dalo by sa lep\u0161ie poveda\u0165, ako to niekto formuloval, \u201eneochotn\u00fd rebel.\u201c&nbsp;<\/p>\n\n\n\n<p>Lutherovu rehabilit\u00e1ciu v\u0161ak Vatik\u00e1n poprel: \u201eRe\u010di o tom, \u017ee Vatik\u00e1n m\u00e1 rehabilitova\u0165 Martina Luthera, vodcu protestantskej reform\u00e1cie zo 16. storo\u010dia, s\u00fa neopodstatnen\u00e9,\u201c uviedol vatik\u00e1nsky hovorca jezuita Federico Lombardi.<\/p>\n","protected":false},"excerpt":{"rendered":"<p>Tibor Moln\u00e1r: &nbsp;A m\u00e1me tu zase 500vku&nbsp; Bol vydan\u00fd aj interdikt &#8211; z\u00e1kaz akejko\u013evek cirkevnej \u010dinnosti na mieste, kde by sa Luther zdr\u017eiaval. No 90 percent obyvate\u013estva st\u00e1lo za Lutherom. Inak bula o exkomunik\u00e1cii spred 500 rokov je st\u00e1le platn\u00e1. CZ ECAV Mengusovce Dnes je 500 rokov od buly p\u00e1pe\u017ea Lea X. k&nbsp; exkomunik\u00e1cii Martina &#8230; <a title=\"500 rokov od exkomunik\u00e1cie M.Luthera\" class=\"read-more\" href=\"https:\/\/www.e-anjelik.sk\/index.php\/2021\/01\/08\/500-rokov-od-exkomunikacie-m-luthera\/\" aria-label=\"Pre\u010d\u00edtajte si viac o 500 rokov od exkomunik\u00e1cie M.Luthera\">\u010c\u00edta\u0165 viac<\/a><\/p>\n","protected":false},"author":4,"featured_media":0,"comment_status":"open","ping_status":"open","sticky":false,"template":"","format":"standard","meta":{"footnotes":""},"categories":[193,2,40,386,41,43],"tags":[],"class_list":["post-34299","post","type-post","status-publish","format-standard","hentry","category-co-pisu-ini","category-ekumena","category-historia","category-historicke-okienko","category-papez","category-rimsko-katolicka-cirkev"],"_links":{"self":[{"href":"https:\/\/www.e-anjelik.sk\/index.php\/wp-json\/wp\/v2\/posts\/34299","targetHints":{"allow":["GET"]}}],"collection":[{"href":"https:\/\/www.e-anjelik.sk\/index.php\/wp-json\/wp\/v2\/posts"}],"about":[{"href":"https:\/\/www.e-anjelik.sk\/index.php\/wp-json\/wp\/v2\/types\/post"}],"author":[{"embeddable":true,"href":"https:\/\/www.e-anjelik.sk\/index.php\/wp-json\/wp\/v2\/users\/4"}],"replies":[{"embeddable":true,"href":"https:\/\/www.e-anjelik.sk\/index.php\/wp-json\/wp\/v2\/comments?post=34299"}],"version-history":[{"count":1,"href":"https:\/\/www.e-anjelik.sk\/index.php\/wp-json\/wp\/v2\/posts\/34299\/revisions"}],"predecessor-version":[{"id":34300,"href":"https:\/\/www.e-anjelik.sk\/index.php\/wp-json\/wp\/v2\/posts\/34299\/revisions\/34300"}],"wp:attachment":[{"href":"https:\/\/www.e-anjelik.sk\/index.php\/wp-json\/wp\/v2\/media?parent=34299"}],"wp:term":[{"taxonomy":"category","embeddable":true,"href":"https:\/\/www.e-anjelik.sk\/index.php\/wp-json\/wp\/v2\/categories?post=34299"},{"taxonomy":"post_tag","embeddable":true,"href":"https:\/\/www.e-anjelik.sk\/index.php\/wp-json\/wp\/v2\/tags?post=34299"}],"curies":[{"name":"wp","href":"https:\/\/api.w.org\/{rel}","templated":true}]}}