{"id":3430,"date":"2011-03-17T10:22:08","date_gmt":"2011-03-17T10:22:08","guid":{"rendered":"http:\/\/e-anjelik.sk\/?p=3430"},"modified":"2011-03-17T10:22:08","modified_gmt":"2011-03-17T10:22:08","slug":"zacalo-jarne-zasadnutie-synody-evanjelickej-krajinskej-cirkvi-wurttemberska","status":"publish","type":"post","link":"https:\/\/www.e-anjelik.sk\/index.php\/2011\/03\/17\/zacalo-jarne-zasadnutie-synody-evanjelickej-krajinskej-cirkvi-wurttemberska\/","title":{"rendered":"Za\u010dalo jarn\u00e9 zasadnutie synody Evanjelickej krajinskej cirkvi W\u00fcrttemberska"},"content":{"rendered":"<p>Dnes 17. marca 2011 sa za\u010dala v Kongresovej s&aacute;le v meste Hildesheim synoda Evanjelickej krajinskej cirkvi W&uuml;rttemberska. Vlastn&eacute;mu rokovaniu predch&aacute;dzali &uacute;vodn&eacute; slu\u017eby Bo\u017eie v chr&aacute;me sv. Pavla. \u0164a\u017eiskom tohtoro\u010dnej jarnej \u010dasti synody je t&eacute;ma &quot; Novodob&yacute; rozvoj m&eacute;di&iacute;, ich &scaron;anca a rizik&aacute; pre cirkev a spolo\u010dnos\u0165.&quot; Druhou t&eacute;mou bude pr&iacute;prava roku 2012, ktor&yacute; v tejto cirkvi je vyhl&aacute;sen&yacute; ako rok bohoslu\u017eieb. Na programe s&uacute; aj \u010fal&scaron;ie spr&aacute;vy a inform&aacute;cie z cirkvi, diskusia, vo\u013eby a pod. Synoda sa skon\u010d&iacute; v sobotu 19. marca popoludn&iacute;.<\/p>\n<p>(<a href=\"http:\/\/www.elk-wue.de\">www.elk-wue.de<\/a>)<\/p>\n","protected":false},"excerpt":{"rendered":"<p>Dnes 17. marca 2011 sa za\u010dala v Kongresovej s&aacute;le v meste Hildesheim synoda Evanjelickej krajinskej cirkvi W&uuml;rttemberska. Vlastn&eacute;mu rokovaniu predch&aacute;dzali &uacute;vodn&eacute; slu\u017eby Bo\u017eie v chr&aacute;me sv. Pavla. \u0164a\u017eiskom tohtoro\u010dnej jarnej \u010dasti synody je t&eacute;ma &quot; Novodob&yacute; rozvoj m&eacute;di&iacute;, ich &scaron;anca a rizik&aacute; pre cirkev a spolo\u010dnos\u0165.&quot; Druhou t&eacute;mou bude pr&iacute;prava roku 2012, ktor&yacute; v tejto &#8230; <a title=\"Za\u010dalo jarn\u00e9 zasadnutie synody Evanjelickej krajinskej cirkvi W\u00fcrttemberska\" class=\"read-more\" href=\"https:\/\/www.e-anjelik.sk\/index.php\/2011\/03\/17\/zacalo-jarne-zasadnutie-synody-evanjelickej-krajinskej-cirkvi-wurttemberska\/\" aria-label=\"Pre\u010d\u00edtajte si viac o Za\u010dalo jarn\u00e9 zasadnutie synody Evanjelickej krajinskej cirkvi W\u00fcrttemberska\">\u010c\u00edta\u0165 viac<\/a><\/p>\n","protected":false},"author":22,"featured_media":0,"comment_status":"open","ping_status":"open","sticky":false,"template":"","format":"standard","meta":{"footnotes":""},"categories":[9,10],"tags":[],"class_list":["post-3430","post","type-post","status-publish","format-standard","hentry","category-europa","category-zo-sveta"],"_links":{"self":[{"href":"https:\/\/www.e-anjelik.sk\/index.php\/wp-json\/wp\/v2\/posts\/3430","targetHints":{"allow":["GET"]}}],"collection":[{"href":"https:\/\/www.e-anjelik.sk\/index.php\/wp-json\/wp\/v2\/posts"}],"about":[{"href":"https:\/\/www.e-anjelik.sk\/index.php\/wp-json\/wp\/v2\/types\/post"}],"author":[{"embeddable":true,"href":"https:\/\/www.e-anjelik.sk\/index.php\/wp-json\/wp\/v2\/users\/22"}],"replies":[{"embeddable":true,"href":"https:\/\/www.e-anjelik.sk\/index.php\/wp-json\/wp\/v2\/comments?post=3430"}],"version-history":[{"count":0,"href":"https:\/\/www.e-anjelik.sk\/index.php\/wp-json\/wp\/v2\/posts\/3430\/revisions"}],"wp:attachment":[{"href":"https:\/\/www.e-anjelik.sk\/index.php\/wp-json\/wp\/v2\/media?parent=3430"}],"wp:term":[{"taxonomy":"category","embeddable":true,"href":"https:\/\/www.e-anjelik.sk\/index.php\/wp-json\/wp\/v2\/categories?post=3430"},{"taxonomy":"post_tag","embeddable":true,"href":"https:\/\/www.e-anjelik.sk\/index.php\/wp-json\/wp\/v2\/tags?post=3430"}],"curies":[{"name":"wp","href":"https:\/\/api.w.org\/{rel}","templated":true}]}}