{"id":34301,"date":"2021-01-09T21:45:00","date_gmt":"2021-01-09T20:45:00","guid":{"rendered":"http:\/\/e-anjelik.sk\/?p=34301"},"modified":"2021-01-09T21:45:02","modified_gmt":"2021-01-09T20:45:02","slug":"vazme-si-povolanie-v-kristu","status":"publish","type":"post","link":"https:\/\/www.e-anjelik.sk\/index.php\/2021\/01\/09\/vazme-si-povolanie-v-kristu\/","title":{"rendered":"V\u00e1\u017eme si povolanie v Kristu"},"content":{"rendered":"\n<p><em>&nbsp;&nbsp; &nbsp; &nbsp; &nbsp; &nbsp; &nbsp; &nbsp; &nbsp; <\/em><strong><em>&nbsp; &nbsp; &nbsp; <\/em>&nbsp; V\u00e1\u017eme si povolanie v Kristu<\/strong><\/p>\n\n\n\n<p><strong>Modlitba:<\/strong><em> Ot\u010de n\u00e1\u0161 nebesk\u00fd! \u010eakujeme Ti za nov\u00fd de\u0148 \u017eivota, za dne\u0161n\u00fd nede\u013en\u00fd a sviato\u010dn\u00fd de\u0148, v ktorom smieme op\u00e4\u0165 po\u010d\u00fava\u0165 a prij\u00edma\u0165 Tvoje slovo. \u010eakujeme, \u017ee si n\u00e1s Ty s\u00e1m povolal do svojho spolo\u010denstva u\u017e v Krste sv\u00e4tom a povol\u00e1va\u0161 n\u00e1s v\u017edy znovu, aj ke\u010f sme nie v\u017edy Tvoje slovo posl\u00fachli. \u010eakujem za Tvoju vernos\u0165, \u017ee si n\u00e1s nielen povolal, ale aj pou\u017eil ako stavebn\u00e9 kamene cirkvi Je\u017ei\u0161a Krista v tomto svete. \u010eakujeme za mo\u017enos\u0165 st\u00e1\u0165 a budova\u0165 na \u0147om a vzdel\u00e1va\u0165 sa v duchovn\u00fd dom. S\u00fa\u010dasne pros\u00edme o \u010fal\u0161iu milos\u0165, aby sme mohli \u010derpa\u0165 z Jeho m\u00fadrosti, Jeho spravodlivosti a sv\u00e4tosti a tak napokon dosiahli ve\u010dn\u00fd \u017eivot. Amen<\/em><\/p>\n\n\n\n<p><strong>1 K 1, 26 &#8211; 31:<\/strong><\/p>\n\n\n\n<p><em>&nbsp;&nbsp; \u201cPozrite len na svoje povolanie, bratia! Nie mnoh\u00ed ste m\u00fadri pod\u013ea tela, nie mnoh\u00ed mocn\u00ed, nie mnoh\u00ed urodzen\u00ed, (27) ale \u010do je svetu bl\u00e1zniv\u00e9, vyvolil si Boh, aby m\u00fadrych zahanbil; (28) \u010do je svetu neurodzen\u00e9 a opovrhnut\u00e9, vyvolil si Boh, a \u010doho niet, vyvolil si, aby zni\u010dil to, \u010do je, (29) aby sa nikto nechv\u00e1lil pred Bohom. (30) Z Neho aj vy ste v Kristu Je\u017ei\u0161i, ktor\u00e9ho n\u00e1m Boh u\u010dinil m\u00fadros\u0165ou a spravodlivos\u0165ou a posv\u00e4ten\u00edm a vyk\u00fapen\u00edm, (31) aby platilo, \u010do je nap\u00edsan\u00e9: Kto sa chv\u00e1li, nech sa chv\u00e1li v P\u00e1nu.\u201d Amen<\/em><\/p>\n\n\n\n<p><em>&nbsp;<\/em> &nbsp; P\u00e1nom Bohom povolan\u00ed bratia a sestry!<\/p>\n\n\n\n<p>&nbsp; &nbsp; V duchu v\u00fdzvy apo\u0161tola Pavla sa chcem pozrie\u0165 na n\u00e1s, na n\u00e1\u0161 cirkevn\u00fd zbor a spolo\u010denstvo cirkvi pod zorn\u00fdm uhlom zjavenej Bo\u017eej milosti v na\u0161om narodenom P\u00e1novi Je\u017ei\u0161ovi Kristovi. <em>\u201cPozrite len na svoje povolanie, bratia!\u201d&nbsp; <\/em>Prijatou Bo\u017eou milos\u0165ou sme sa stali z hrie\u0161nych a pre nebo straten\u00fdch \u013eud\u00ed: Bo\u017eie deti, synovia a&nbsp; dc\u00e9ri a tak dedi\u010dia ve\u010dn\u00e9ho \u017eivota. Dnes si pripom\u00edname m\u00fadros\u0165 a rozumnos\u0165 12-ro\u010dn\u00e9ho Je\u017ei\u0161a, ako ju prejavil u\u017e v jeruzalemskom chr\u00e1me pred k\u0148azmi vzdelan\u00fdmi v Bo\u017eom z\u00e1kone, ale aj poslu\u0161nos\u0165ou zemsk\u00fdm rodi\u010dom v Nazarete. Jeho pr\u00edklad sme sa sna\u017eili nasledova\u0165 aj my u\u017e v detstve a chceme, aby bol in\u0161pir\u00e1ciou a povzbuden\u00edm k plneniu Bo\u017e\u00edch prik\u00e1zan\u00ed aj pre na\u0161e deti. On pri\u0161iel z nebeskej sl\u00e1vy a predsa posl\u00fachal zemsk\u00fdch rodi\u010dov, u\u010dil sa aj telesnej pr\u00e1ci a tes\u00e1rskemu remeslu od Jozefa, ochotne chodil do synagogy s rodi\u010dmi a ostatn\u00fdmi de\u0165mi a <em>\u201cprospieval vekom a m\u00fadroso\u0165u u Boha aj u \u013eud\u00ed<\/em>\u201d. U\u017e tento pr\u00edklad pr\u00e1ce a dobr\u00e9ho vzdelania m\u00e1 ve\u013ek\u00fa hodnotu aj dnes a je osloven\u00edm pre na\u0161ich potomkov aj na za\u010diatu tretieho tis\u00edcro\u010dia.<\/p>\n\n\n\n<p>&nbsp; &nbsp; Je\u017ei\u0161om sme osloven\u00ed a povolan\u00ed k vern\u00e9mu nasledovaniu aj v duchovnom oh\u013eade, ke\u010f sa uk\u00e1zalo, \u017ee Jeho m\u00fadros\u0165 je v pokornom plnen\u00ed poslania, ktor\u00e9 prijal od Otca nebesk\u00e9ho.&nbsp;<\/p>\n\n\n\n<p>V nazaretskej synagoge vyhl\u00e1sil:<em> \u201cDuch P\u00e1nov nado mnou, lebo pomazal ma zvestova\u0165 chudobn\u00fdm evanjelium, uzdravova\u0165 skr\u00fa\u0161en\u00fdch srdcom, poslal ma hl\u00e1sa\u0165 zajat\u00fdm prepustenie a slep\u00fdm navr\u00e1tenie zraku, utl\u00e1\u010dan\u00fdm oslobodenie a zvestova\u0165 vz\u00e1cny rok P\u00e1nov\u201d . (L 4 , 18-19) <\/em>Aj ke\u010f Ho v Nazarete neprijali, preto\u017ee Ho pova\u017eovali len za tes\u00e1ra, syna Jozefovho a nie Syna Bo\u017eieho,&nbsp; &nbsp; &nbsp; &nbsp;<\/p>\n\n\n\n<p>&nbsp;mnoh\u00ed in\u00ed spoznali Jeho u\u010denie a pozvanie, lebo Jeho re\u010d bola mocn\u00e1. (L 4,32) &nbsp;<\/p>\n\n\n\n<p>&nbsp;&nbsp; T\u00ed, ktor\u00ed Ho spoznali spr\u00e1vne a nasledovali Ho, vytvorili spolo\u010denstvo Jeho cirkvi, ktor\u00e1 st\u00e1le r\u00e1stla, napriek mnoh\u00fdm vonkaj\u0161\u00edm \u0165a\u017ekostiam, alebo aj vn\u00fatorn\u00fdm nap\u00e4tiam. Napriek tomu v\u0161etk\u00e9mu, t\u00ed ktor\u00ed Je\u017ei\u0161a prijali, prin\u00e1\u0161ali aj v\u00f4\u0148u nov\u00e9ho bohumil\u00e9ho \u017eivota a ovocie novej, Kristovej spravodlivosti. Ten nov\u00fd \u017eivot a nov\u00fa zbo\u017enos\u0165 kres\u0165anov nemohli prehliadn\u00fa\u0165 ani \u017didia, ani pohania, ktor\u00ed hovorili: <em>\u201dPozrite, ako sa miluj\u00fa!\u201d.<\/em> Nov\u00fd kvas evanjelia \u010doskoro <em>\u201cnakvasil cel\u00e9 cesto\u201d<\/em> a z Izraela prenikol aj k pohanom. Za\u010diatky kres\u0165anstva v Gr\u00e9cku, v centre vzdelanosti v At\u00e9nach boli zdanlivo ve\u013emi skromn\u00e9, ale Pavlom zvestovan\u00e9 slovo evanjelia postupne premie\u0148alo nielen osobn\u00e9 \u017eivoty jednotlivcov, ale celej spolo\u010dnosti.&nbsp;<\/p>\n\n\n\n<p>&nbsp;&nbsp; Nevieme celkom presne ak\u00e9 bolo zlo\u017eenie \u010dlenov cirkevn\u00e9ho zboru v Korinte. M\u00f4\u017eme v\u0161ak opr\u00e1vnene predpoklada\u0165, \u017ee aj tu, hoci bol Korint bohat\u00e9 mesto, v\u00e4\u010d\u0161ina kres\u0165anov poch\u00e1dzala z radov \u013eud\u00ed chudobnej\u0161\u00edch, neurodzen\u00fdch, mo\u017eno dokonca aj otrokov. Podobali sa vzdelan\u00edm a postaven\u00edm prv\u00fdm kres\u0165anom v Jeruzaleme a galilejsk\u00fdm ryb\u00e1rom. A to je pr\u00e1ve zvl\u00e1\u0161tne, \u017ee tak\u00fdchto \u013eud\u00ed, ak\u00fdch bola medzi prv\u00fdmi kres\u0165anmi v\u00e4\u010d\u0161ina, dok\u00e1zal Je\u017ei\u0161 privies\u0165 k m\u00fadrosti a k nov\u00e9mu \u017eivotu. Nie mnoh\u00ed teda boli m\u00fadri pod\u013ea vtedaj\u0161\u00edch krit\u00e9ri\u00ed, ako apo\u0161tol hovor\u00ed: <em>\u201cpod\u013ea tela\u201d<\/em>, ale dok\u00e1zali prekona\u0165 m\u00fadros\u0165 pohanov, vzdelan\u00fdch \u013eudskou filozofiou a r\u00f4znymi \u201cizmamy\u201d. Nie mnoh\u00ed boli p\u00f4vodom urodzen\u00ed, ale dok\u00e1zali sa chova\u0165 ako \u201c\u0161\u013eachtici ducha\u201d. I ke\u010f kres\u0165anstvo dlho zost\u00e1valo <em>\u201c\u017didom pohor\u0161en\u00edm a pohanom bl\u00e1znovstvom\u201d (1 K 1,23) <\/em>, predsa porazilo u\u010denie gr\u00e9ckych filozofov a l\u00e1malo syst\u00e9m otrok\u00e1rskeho R\u00edma. Apo\u0161tol mohol pr\u00e1vom argumentova\u0165: <em>\u201d\u010co je svetu slab\u00e9, vyvolil si Boh, aby m\u00fadrych zahanbil\u201d<\/em>&#8211;&nbsp; a <em>\u201c\u010doho niet, vyvolil si, aby zni\u010dil to, \u010do je\u201d.&nbsp;<\/em><\/p>\n\n\n\n<p>&nbsp;&nbsp; Je\u017ei\u0161ove nov\u00e9 u\u010denie, moc evanjelia, ktor\u00e1 je <em>\u201cmocou Bo\u017eou na spasenie ka\u017ed\u00e9mu veriacemu\u201d<\/em>, l\u00e1mala aj tuh\u00e9 okovy \u013eudsk\u00e9ho hriechu a \u013eudsk\u00fdch slabost\u00ed, ktor\u00e9 s\u00fa a zost\u00e1vaj\u00fa aj v myslen\u00ed a v \u017eivotnom prejave pokrsten\u00fdch. Pri Krste sv\u00e4tom sa odriekame hriechu a svetsk\u00fdch \u017eiadost\u00ed, je n\u00e1m odpusten\u00e1 vina hriechu, ale z\u00e1rodok hriechu ost\u00e1va aj u ka\u017ed\u00e9ho kres\u0165ana.&nbsp;<\/p>\n\n\n\n<p>&nbsp; &nbsp; Na na\u0161ej \u017eivotnej ceste mus\u00edme okrem t\u00fdchto na\u0161ich vlastn\u00fdch slabost\u00ed po\u010d\u00edta\u0165 aj s rezistenciou nevery a povery, s nen\u00e1vis\u0165ou a zlobou sveta a jeho hriechom a s poku\u0161en\u00edm diabla a jeho zlej moci. Napriek tomu v\u0161etk\u00e9mu, Kristova cirkev, spolo\u010denstvo v Neho veriacich \u017eije a kr\u00e1\u010da smerom k sl\u00e1vnej bud\u00facnosti Bo\u017e\u00edch det\u00ed.<\/p>\n\n\n\n<p>&nbsp;&nbsp; &nbsp; Apo\u0161tol Pavel varoval kres\u0165anov pred m\u00e1rnou chv\u00e1lou, preto\u017ee vedel s\u00e1m pod\u013ea seba a na pr\u00edklade in\u00fdch, \u017ee nemo\u017eno stava\u0165 dom cirkvi na \u010dloveku, alebo \u013eu\u010foch, ale len na \u017eivom a ve\u010dnom kameni, na<em> \u201cskale vekov\u201d<\/em>, ktorou je Kristus. Je\u017ei\u0161 bol mnoh\u00fdmi vyhl\u00e1sen\u00fd a je to tak dodnes, za nehistorick\u00fa, m\u00fdtick\u00fa osobu. Z poh\u013eadu kr\u00e1tkozrak\u00e9o \u013eudsk\u00e9o rozumu to tak mo\u017eno vyzer\u00e1. Z poh\u013eadu viery, ktor\u00e1 je darom Ducha Sv\u00e4t\u00e9ho, je to v\u0161ak inak. On bol a je Bo\u017e\u00edm Synom, ktor\u00e9ho slovo je \u017eiv\u00e9 a mocne p\u00f4sobiace.&nbsp;<\/p>\n\n\n\n<p>&nbsp; &nbsp; V prvotnej cirkvi i\u0161lo o to, aby kres\u0165ania stavali svoj \u017eivot na Kristu a o to ide aj dnes. Apo\u0161tol Pavel nielen korintsk\u00fdm kres\u0165anom, ale aj n\u00e1m zanech\u00e1va odkaz a svedetvo o Bo\u017eom dedinstve a dedi\u010dstve. Ak sa po\u010das pominul\u00fdch sviatkov posilnila na\u0161a viera, na\u0161e odhodlanie by\u0165 a \u017ei\u0165 s N\u00edm, je to prejav Bo\u017eej milosti a moci. Aj o n\u00e1s plat\u00ed a m\u00f4\u017ee plati\u0165 dnes, i zajtra i na veky:<\/p>\n\n\n\n<p><em>\u201dZ Neho aj vy ste, v Kristu Je\u017ei\u0161i, ktor\u00e9ho n\u00e1m Boh u\u010dinil m\u00fadros\u0165ou a spravodlivos\u0165ou a posv\u00e4ten\u00edm a vyk\u00fapen\u00edm\u201d.<\/em>&nbsp;<\/p>\n\n\n\n<p>&nbsp;&nbsp; &nbsp; Nech prijat\u00fd dar milosti, dar viery a l\u00e1sky po\u017eehn\u00e1va a obohacuje na\u0161e dni a \u017eivot cel\u00e9ho spolo\u010denstva cirkvi: dnes, zajtra i na veky vekov. Amen<\/p>\n\n\n\n<p>1.nede\u013ea po Zjaven\u00ed Kr.P. 2021 &#8211; CZ Myjava&nbsp; &nbsp; &nbsp; \u013dubom\u00edr Batka st. &nbsp; &nbsp; &nbsp;<\/p>\n","protected":false},"excerpt":{"rendered":"<p>&nbsp;&nbsp; &nbsp; &nbsp; &nbsp; &nbsp; &nbsp; &nbsp; &nbsp; &nbsp; &nbsp; &nbsp; &nbsp; V\u00e1\u017eme si povolanie v Kristu Modlitba: Ot\u010de n\u00e1\u0161 nebesk\u00fd! \u010eakujeme Ti za nov\u00fd de\u0148 \u017eivota, za dne\u0161n\u00fd nede\u013en\u00fd a sviato\u010dn\u00fd de\u0148, v ktorom smieme op\u00e4\u0165 po\u010d\u00fava\u0165 a prij\u00edma\u0165 Tvoje slovo. \u010eakujeme, \u017ee si n\u00e1s Ty s\u00e1m povolal do svojho spolo\u010denstva u\u017e v Krste &#8230; <a title=\"V\u00e1\u017eme si povolanie v Kristu\" class=\"read-more\" href=\"https:\/\/www.e-anjelik.sk\/index.php\/2021\/01\/09\/vazme-si-povolanie-v-kristu\/\" aria-label=\"Pre\u010d\u00edtajte si viac o V\u00e1\u017eme si povolanie v Kristu\">\u010c\u00edta\u0165 viac<\/a><\/p>\n","protected":false},"author":4,"featured_media":0,"comment_status":"open","ping_status":"open","sticky":false,"template":"","format":"standard","meta":{"footnotes":""},"categories":[545,121,118],"tags":[],"class_list":["post-34301","post","type-post","status-publish","format-standard","hentry","category-1-ned-po-zjaveni","category-kazne","category-myjava"],"_links":{"self":[{"href":"https:\/\/www.e-anjelik.sk\/index.php\/wp-json\/wp\/v2\/posts\/34301","targetHints":{"allow":["GET"]}}],"collection":[{"href":"https:\/\/www.e-anjelik.sk\/index.php\/wp-json\/wp\/v2\/posts"}],"about":[{"href":"https:\/\/www.e-anjelik.sk\/index.php\/wp-json\/wp\/v2\/types\/post"}],"author":[{"embeddable":true,"href":"https:\/\/www.e-anjelik.sk\/index.php\/wp-json\/wp\/v2\/users\/4"}],"replies":[{"embeddable":true,"href":"https:\/\/www.e-anjelik.sk\/index.php\/wp-json\/wp\/v2\/comments?post=34301"}],"version-history":[{"count":1,"href":"https:\/\/www.e-anjelik.sk\/index.php\/wp-json\/wp\/v2\/posts\/34301\/revisions"}],"predecessor-version":[{"id":34302,"href":"https:\/\/www.e-anjelik.sk\/index.php\/wp-json\/wp\/v2\/posts\/34301\/revisions\/34302"}],"wp:attachment":[{"href":"https:\/\/www.e-anjelik.sk\/index.php\/wp-json\/wp\/v2\/media?parent=34301"}],"wp:term":[{"taxonomy":"category","embeddable":true,"href":"https:\/\/www.e-anjelik.sk\/index.php\/wp-json\/wp\/v2\/categories?post=34301"},{"taxonomy":"post_tag","embeddable":true,"href":"https:\/\/www.e-anjelik.sk\/index.php\/wp-json\/wp\/v2\/tags?post=34301"}],"curies":[{"name":"wp","href":"https:\/\/api.w.org\/{rel}","templated":true}]}}