{"id":3431,"date":"2011-03-17T10:55:35","date_gmt":"2011-03-17T10:55:35","guid":{"rendered":"http:\/\/e-anjelik.sk\/?p=3431"},"modified":"2011-03-17T10:55:35","modified_gmt":"2011-03-17T10:55:35","slug":"lotysi-doveruju-menej-cirkvi-a-politikom","status":"publish","type":"post","link":"https:\/\/www.e-anjelik.sk\/index.php\/2011\/03\/17\/lotysi-doveruju-menej-cirkvi-a-politikom\/","title":{"rendered":"Loty\u0161i d\u00f4veruj\u00fa menej cirkvi a politikom"},"content":{"rendered":"<p>V posledn&eacute; roky sa d&ocirc;vera obyvate\u013eov Loty&scaron;ska zn&iacute;\u017eila cirkvi a ne&scaron;t&aacute;tnym organiz&aacute;ciam. Tvrd&iacute; to v&yacute;skum, vykonan&yacute; centrom SKDS v \u010dase od 17. febru&aacute;ra a\u017e 3. marca t.r. na objedn&aacute;vku nov&iacute;n Neatkariga. Odborn&iacute;ci t&uacute;to tendenciu hodnotia ako d&ocirc;sledok kr&iacute;zy, av&scaron;ak svoj&iacute;m vkladom prispela aj nadmiera politiz&aacute;cie \u017eivota, \u010do \u013eud&iacute; otravovalo, poznamen&aacute;vaj&uacute; noviny. V&yacute;skum uk&aacute;zal, \u017ee d&ocirc;vera k cirkvi kles&aacute;, \u010do sa rukolapne ukazuje v porovnan&iacute; s rokom 2000. Pod\u013ea slov profesora Loty&scaron;skej univerzity Valdisa Teraudkanlsa \u013eudia vidia, \u017ee cirkev nerie&scaron;i v&scaron;edn&eacute; probl&eacute;my a pr&aacute;ve ony s&uacute; pre v&auml;\u010d&scaron;inu v \u010dase kr&iacute;zy najd&ocirc;le\u017eitej&scaron;ie.&nbsp; Okrem toho cirkvi po&scaron;kodila af&eacute;ra jurmalgate politickej strany LPP\/LC. V&yacute;skum tie\u017e uk&aacute;zal najni\u017e&scaron;iu d&ocirc;veru pre vl&aacute;du, parlament a politick&eacute; strany,ktor&eacute; nesplnili n&aacute;rodn&uacute; d&ocirc;veru &#8211; oznamuje port&aacute;l Delfi.<\/p>\n<p>(baznica.info)<\/p>\n","protected":false},"excerpt":{"rendered":"<p>V posledn&eacute; roky sa d&ocirc;vera obyvate\u013eov Loty&scaron;ska zn&iacute;\u017eila cirkvi a ne&scaron;t&aacute;tnym organiz&aacute;ciam. Tvrd&iacute; to v&yacute;skum, vykonan&yacute; centrom SKDS v \u010dase od 17. febru&aacute;ra a\u017e 3. marca t.r. na objedn&aacute;vku nov&iacute;n Neatkariga. Odborn&iacute;ci t&uacute;to tendenciu hodnotia ako d&ocirc;sledok kr&iacute;zy, av&scaron;ak svoj&iacute;m vkladom prispela aj nadmiera politiz&aacute;cie \u017eivota, \u010do \u013eud&iacute; otravovalo, poznamen&aacute;vaj&uacute; noviny. V&yacute;skum uk&aacute;zal, \u017ee d&ocirc;vera &#8230; <a title=\"Loty\u0161i d\u00f4veruj\u00fa menej cirkvi a politikom\" class=\"read-more\" href=\"https:\/\/www.e-anjelik.sk\/index.php\/2011\/03\/17\/lotysi-doveruju-menej-cirkvi-a-politikom\/\" aria-label=\"Pre\u010d\u00edtajte si viac o Loty\u0161i d\u00f4veruj\u00fa menej cirkvi a politikom\">\u010c\u00edta\u0165 viac<\/a><\/p>\n","protected":false},"author":22,"featured_media":0,"comment_status":"open","ping_status":"open","sticky":false,"template":"","format":"standard","meta":{"footnotes":""},"categories":[20,10],"tags":[],"class_list":["post-3431","post","type-post","status-publish","format-standard","hentry","category-baltikum","category-zo-sveta"],"_links":{"self":[{"href":"https:\/\/www.e-anjelik.sk\/index.php\/wp-json\/wp\/v2\/posts\/3431","targetHints":{"allow":["GET"]}}],"collection":[{"href":"https:\/\/www.e-anjelik.sk\/index.php\/wp-json\/wp\/v2\/posts"}],"about":[{"href":"https:\/\/www.e-anjelik.sk\/index.php\/wp-json\/wp\/v2\/types\/post"}],"author":[{"embeddable":true,"href":"https:\/\/www.e-anjelik.sk\/index.php\/wp-json\/wp\/v2\/users\/22"}],"replies":[{"embeddable":true,"href":"https:\/\/www.e-anjelik.sk\/index.php\/wp-json\/wp\/v2\/comments?post=3431"}],"version-history":[{"count":0,"href":"https:\/\/www.e-anjelik.sk\/index.php\/wp-json\/wp\/v2\/posts\/3431\/revisions"}],"wp:attachment":[{"href":"https:\/\/www.e-anjelik.sk\/index.php\/wp-json\/wp\/v2\/media?parent=3431"}],"wp:term":[{"taxonomy":"category","embeddable":true,"href":"https:\/\/www.e-anjelik.sk\/index.php\/wp-json\/wp\/v2\/categories?post=3431"},{"taxonomy":"post_tag","embeddable":true,"href":"https:\/\/www.e-anjelik.sk\/index.php\/wp-json\/wp\/v2\/tags?post=3431"}],"curies":[{"name":"wp","href":"https:\/\/api.w.org\/{rel}","templated":true}]}}