{"id":34310,"date":"2021-01-11T23:38:21","date_gmt":"2021-01-11T22:38:21","guid":{"rendered":"http:\/\/e-anjelik.sk\/?p=34310"},"modified":"2021-01-11T23:38:23","modified_gmt":"2021-01-11T22:38:23","slug":"zomrela-ses-vilma-kubikova","status":"publish","type":"post","link":"https:\/\/www.e-anjelik.sk\/index.php\/2021\/01\/11\/zomrela-ses-vilma-kubikova\/","title":{"rendered":"Zomrela ses.Vilma Kub\u00edkov\u00e1"},"content":{"rendered":"\n<h1 class=\"wp-block-heading\">Zomrela Vilma Kub\u00edkov\u00e1<\/h1>\n\n\n\n<figure class=\"wp-block-image\"><a href=\"https:\/\/www.ecav.sk\/rails\/active_storage\/blobs\/eyJfcmFpbHMiOnsibWVzc2FnZSI6IkJBaHBBcU9YIiwiZXhwIjpudWxsLCJwdXIiOiJibG9iX2lkIn19--88644941d3a18678576a47773a7eae18227ee7a3\/Screenshot_3.jpg\"><img decoding=\"async\" src=\"https:\/\/www.ecav.sk\/rails\/active_storage\/representations\/eyJfcmFpbHMiOnsibWVzc2FnZSI6IkJBaHBBcU9YIiwiZXhwIjpudWxsLCJwdXIiOiJibG9iX2lkIn19--88644941d3a18678576a47773a7eae18227ee7a3\/eyJfcmFpbHMiOnsibWVzc2FnZSI6IkJBaDdCam9MY21WemFYcGxTU0lJT1RBd0Jqb0dSVlE9IiwiZXhwIjpudWxsLCJwdXIiOiJ2YXJpYXRpb24ifX0=--f83398908a42570f1be2d2870fc3e62f317d893b\/Screenshot_3.jpg\" alt=\"Zomrela Vilma Kub\u00edkov\u00e1\"\/><\/a><\/figure>\n\n\n\n<ul class=\"wp-block-list\"><li>&nbsp;09.01.21<\/li><li>&nbsp;&nbsp;Jana Nunv\u00e1\u0159ov\u00e1, tla\u010dov\u00e1 tajomn\u00ed\u010dka<\/li><li>&nbsp;<a href=\"https:\/\/www.ecav.sk\/aktuality\/spravodajstvo\">&nbsp;Spravodajstvo<\/a><\/li><\/ul>\n\n\n\n<p>Bratia a sestry, s \u013e\u00fatos\u0165ou v\u00e1m oznamujeme, \u017ee do ve\u010dnosti odi\u0161la na\u0161a spolusestra VILMA KUB\u00cdKOVA roden\u00e1 Farka\u0161ov\u00e1, man\u017eelka br. far\u00e1ra Milana Kub\u00edka. Vyjadrujeme \u00faprimn\u00fa s\u00fastras\u0165 celej pozostalej rodine. Nech P\u00e1n pote\u0161\u00ed n\u00e1dejou vzkriesenia a ve\u010dn\u00e9ho \u017eivota.<\/p>\n\n\n\n<p>&#8222;Ale ja Tebe d\u00f4verujem, Hospodine. Hovor\u00edm: Ty si m\u00f4j Boh! V Tvojej ruke s\u00fa moje \u010dasy.&#8220; \u017dalm 31,15-16a<\/p>\n","protected":false},"excerpt":{"rendered":"<p>Zomrela Vilma Kub\u00edkov\u00e1 &nbsp;09.01.21 &nbsp;&nbsp;Jana Nunv\u00e1\u0159ov\u00e1, tla\u010dov\u00e1 tajomn\u00ed\u010dka &nbsp;&nbsp;Spravodajstvo Bratia a sestry, s \u013e\u00fatos\u0165ou v\u00e1m oznamujeme, \u017ee do ve\u010dnosti odi\u0161la na\u0161a spolusestra VILMA KUB\u00cdKOVA roden\u00e1 Farka\u0161ov\u00e1, man\u017eelka br. far\u00e1ra Milana Kub\u00edka. Vyjadrujeme \u00faprimn\u00fa s\u00fastras\u0165 celej pozostalej rodine. Nech P\u00e1n pote\u0161\u00ed n\u00e1dejou vzkriesenia a ve\u010dn\u00e9ho \u017eivota. &#8222;Ale ja Tebe d\u00f4verujem, Hospodine. Hovor\u00edm: Ty si m\u00f4j Boh! &#8230; <a title=\"Zomrela ses.Vilma Kub\u00edkov\u00e1\" class=\"read-more\" href=\"https:\/\/www.e-anjelik.sk\/index.php\/2021\/01\/11\/zomrela-ses-vilma-kubikova\/\" aria-label=\"Pre\u010d\u00edtajte si viac o Zomrela ses.Vilma Kub\u00edkov\u00e1\">\u010c\u00edta\u0165 viac<\/a><\/p>\n","protected":false},"author":4,"featured_media":0,"comment_status":"open","ping_status":"open","sticky":false,"template":"","format":"standard","meta":{"footnotes":""},"categories":[193,322],"tags":[],"class_list":["post-34310","post","type-post","status-publish","format-standard","hentry","category-co-pisu-ini","category-nekrolog"],"_links":{"self":[{"href":"https:\/\/www.e-anjelik.sk\/index.php\/wp-json\/wp\/v2\/posts\/34310","targetHints":{"allow":["GET"]}}],"collection":[{"href":"https:\/\/www.e-anjelik.sk\/index.php\/wp-json\/wp\/v2\/posts"}],"about":[{"href":"https:\/\/www.e-anjelik.sk\/index.php\/wp-json\/wp\/v2\/types\/post"}],"author":[{"embeddable":true,"href":"https:\/\/www.e-anjelik.sk\/index.php\/wp-json\/wp\/v2\/users\/4"}],"replies":[{"embeddable":true,"href":"https:\/\/www.e-anjelik.sk\/index.php\/wp-json\/wp\/v2\/comments?post=34310"}],"version-history":[{"count":1,"href":"https:\/\/www.e-anjelik.sk\/index.php\/wp-json\/wp\/v2\/posts\/34310\/revisions"}],"predecessor-version":[{"id":34311,"href":"https:\/\/www.e-anjelik.sk\/index.php\/wp-json\/wp\/v2\/posts\/34310\/revisions\/34311"}],"wp:attachment":[{"href":"https:\/\/www.e-anjelik.sk\/index.php\/wp-json\/wp\/v2\/media?parent=34310"}],"wp:term":[{"taxonomy":"category","embeddable":true,"href":"https:\/\/www.e-anjelik.sk\/index.php\/wp-json\/wp\/v2\/categories?post=34310"},{"taxonomy":"post_tag","embeddable":true,"href":"https:\/\/www.e-anjelik.sk\/index.php\/wp-json\/wp\/v2\/tags?post=34310"}],"curies":[{"name":"wp","href":"https:\/\/api.w.org\/{rel}","templated":true}]}}