{"id":34336,"date":"2021-01-18T22:21:39","date_gmt":"2021-01-18T21:21:39","guid":{"rendered":"http:\/\/e-anjelik.sk\/?p=34336"},"modified":"2021-01-18T22:21:40","modified_gmt":"2021-01-18T21:21:40","slug":"za-br-stefanom-holicom","status":"publish","type":"post","link":"https:\/\/www.e-anjelik.sk\/index.php\/2021\/01\/18\/za-br-stefanom-holicom\/","title":{"rendered":"Za br. \u0160tefanom Holi\u010dom"},"content":{"rendered":"\n<p><a href=\"https:\/\/www.facebook.com\/CZ-ECAV-Tur%C3%A1-L%C3%BAka-1667182990175843\/?__cft__%5B0%5D=AZX0ZkutmiI57hNMClH9h1CFIdY275F-o7xkRWrk50-8mwkN4qpeQS8BS7maHutmScTE5JSMW9FoTSLpp5k7RIOif7gSn0-ZdcCK5imiJKCtjOo2068mAsgro-7FOs5lUqH8neYHmIKAq-Fm_qwGI94JWXCCg_UG6_gpq3makrwnUI2oVvSll5t4Zz3_2LUriRhfvON04rDbzj510L1beLV-&amp;__tn__=-UC%2CP-y-R\"><strong>CZ ECAV Tur\u00e1 L\u00faka<\/strong><\/a><\/p>\n\n\n\n<p><a href=\"https:\/\/www.facebook.com\/permalink.php?story_fbid=3115425542018240&amp;id=1667182990175843&amp;__cft__%5B0%5D=AZX0ZkutmiI57hNMClH9h1CFIdY275F-o7xkRWrk50-8mwkN4qpeQS8BS7maHutmScTE5JSMW9FoTSLpp5k7RIOif7gSn0-ZdcCK5imiJKCtjOo2068mAsgro-7FOs5lUqH8neYHmIKAq-Fm_qwGI94JWXCCg_UG6_gpq3makrwnUI2oVvSll5t4Zz3_2LUriRhfvON04rDbzj510L1beLV-&amp;__tn__=%2CO%2CP-y-R\"><strong>15. janu\u00e1ra o 11:50<\/strong><\/a><\/p>\n\n\n\n<p>\u00b7<\/p>\n\n\n\n<p>So z\u00e1rmutkom, ale n\u00e1dejou pre ve\u010dnos\u0165, sme sa v\u010dera, v \u00fazkom kruhu rodiny, rozl\u00fa\u010dili s na\u0161\u00edm drah\u00fdm spolubratom, priate\u013eom, hlboko veriacim \u010dlovekom a dlhoro\u010dn\u00fdm kur\u00e1torom n\u00e1\u0161ho CZ \u0160tefanom Holi\u010dom. Odi\u0161iel, napriek po\u017eehnan\u00e9mu veku 88 rokov, ne\u010dakane. E\u0161te minul\u00fd piatok niesol kr\u00ed\u017e na pohrebe.<\/p>\n\n\n\n<p>Narodil sa 8. novembra 1932 na Turej L\u00fake, kde pre\u017eil spolu s man\u017eelkou Zuzanou cel\u00fd \u017eivot. Bol obetav\u00fdm otcom, mal ve\u013emi r\u00e1d svoje vn\u00fa\u010dat\u00e1 a P\u00e1n Boh mu doprial pre\u017ei\u0165 pekn\u00e9 roky v pr\u00edtomnosti svojich 7 vn\u00fa\u010dat a do\u017eil sa aj 7 pravn\u00fa\u010dat. Popri starostlivosti o rodinu \u017eil mimoriadne spolo\u010densk\u00fdm \u017eivotom, bol predsedom Zv\u00e4zu z\u00e1hradk\u00e1rov v Turej L\u00fake, dlhoro\u010dn\u00fdm \u010dlenom Okresn\u00e9ho v\u00fdboru z\u00e1hradk\u00e1rov, ako aj \u010dlenom V\u00fdstavn\u00e9ho v\u00fdboru ovocia a zeleniny. Ke\u010f\u017ee pravidelne nav\u0161tevoval chr\u00e1m Bo\u017e\u00ed, CZ si ho pred rokmi zvolil za presbytera ako aj kur\u00e1tora CZ. Bol ve\u013ekou pomocou br. far\u00e1ra Zem\u00e1nka. Za posledn\u00fdch 20 rokov sa za\u010dal ve\u013emi intenz\u00edvne venova\u0165 bylink\u00e1m, nav\u0161tevoval r\u00f4zne konferencie a semin\u00e1re, \u0161tudoval r\u00f4zne publik\u00e1cie. Ve\u013ea \u010dasu venoval pr\u00edprave bylinn\u00fdch tinkt\u00far, ktor\u00e9 rozd\u00e1val \u0161irok\u00e9mu okoliu, dokonca sa pred 10-mi rokmi z\u00fa\u010dastnil s touto tematikou aj telev\u00edznej rel\u00e1cie Bez serv\u00edtky. Zna\u010dne sa roz\u0161\u00edril jeho okruh zn\u00e1mych a priate\u013eov, ktor\u00ed sa venovali alternat\u00edvnej medic\u00edne.&nbsp; Od mladosti mal r\u00e1d \u013eudov\u00fa hudbu a tanec, bol \u010dlenom Folkl\u00f3rnej skupiny K\u00fd\u010der. Do vysokej staroby sa te\u0161il dobr\u00e9mu zdraviu. V\u017edy hovoril zdravie je Bo\u017e\u00ed dar, preto sa treba o\u0148 stara\u0165. V poslednom \u010dase sa zhostil funkcie nosenia kr\u00ed\u017ea na pohreboch. Bol v\u017edy usmiaty, obetav\u00fd, dobrosrde\u010dn\u00fd, ale aj z\u00e1sadov\u00fd. Posledn\u00fd v\u00edkend ho tr\u00e1pili bolesti, ktor\u00e9 signalizovali, \u017ee sa v jeho tele odohr\u00e1va nie\u010do zl\u00e9. V pondelok 11. janu\u00e1ra e\u0161te podst\u00fapil oper\u00e1ciu, no v\u0161ak jeho organizmus bol nato\u013eko oslaben\u00fd, \u017ee v utorok 12. janu\u00e1ra o pol druhej r\u00e1no dokonal. Z milosti Bo\u017eej sa do\u017eil 88 rokov, 2 mesiace a 4 dni.&nbsp;<\/p>\n\n\n\n<p>Svoju vieru miloval, a niet v\u00fdsti\u017enej\u0161ieho biblick\u00e9ho ver\u0161a pre jeho \u017eivot ako s\u00fa slov\u00e1 ,,Ve\u010f ja sa nehanb\u00edm za evanjelium Kristovo, lebo mocou Bo\u017eou je na spasenie ka\u017ed\u00e9mu veriacemu&#8220;<\/p>\n\n\n\n<p>\u010eakujeme P\u00e1nu Bohu za jeho vz\u00e1cny \u017eivot a v spomienkach sa s n\u00edm l\u00fa\u010di aj cel\u00fd n\u00e1\u0161 cirkevn\u00fd zbor Tur\u00e1 L\u00faka.<\/p>\n\n\n\n<p>NECH ODPO\u010c\u00cdVA V BO\u017dOM POKOJI!&nbsp;<\/p>\n","protected":false},"excerpt":{"rendered":"<p>CZ ECAV Tur\u00e1 L\u00faka 15. janu\u00e1ra o 11:50 \u00b7 So z\u00e1rmutkom, ale n\u00e1dejou pre ve\u010dnos\u0165, sme sa v\u010dera, v \u00fazkom kruhu rodiny, rozl\u00fa\u010dili s na\u0161\u00edm drah\u00fdm spolubratom, priate\u013eom, hlboko veriacim \u010dlovekom a dlhoro\u010dn\u00fdm kur\u00e1torom n\u00e1\u0161ho CZ \u0160tefanom Holi\u010dom. Odi\u0161iel, napriek po\u017eehnan\u00e9mu veku 88 rokov, ne\u010dakane. E\u0161te minul\u00fd piatok niesol kr\u00ed\u017e na pohrebe. Narodil sa 8. &#8230; <a title=\"Za br. \u0160tefanom Holi\u010dom\" class=\"read-more\" href=\"https:\/\/www.e-anjelik.sk\/index.php\/2021\/01\/18\/za-br-stefanom-holicom\/\" aria-label=\"Pre\u010d\u00edtajte si viac o Za br. \u0160tefanom Holi\u010dom\">\u010c\u00edta\u0165 viac<\/a><\/p>\n","protected":false},"author":4,"featured_media":0,"comment_status":"open","ping_status":"open","sticky":false,"template":"","format":"standard","meta":{"footnotes":""},"categories":[322,145,535],"tags":[],"class_list":["post-34336","post","type-post","status-publish","format-standard","hentry","category-nekrolog","category-tura-luka","category-umrtia"],"_links":{"self":[{"href":"https:\/\/www.e-anjelik.sk\/index.php\/wp-json\/wp\/v2\/posts\/34336","targetHints":{"allow":["GET"]}}],"collection":[{"href":"https:\/\/www.e-anjelik.sk\/index.php\/wp-json\/wp\/v2\/posts"}],"about":[{"href":"https:\/\/www.e-anjelik.sk\/index.php\/wp-json\/wp\/v2\/types\/post"}],"author":[{"embeddable":true,"href":"https:\/\/www.e-anjelik.sk\/index.php\/wp-json\/wp\/v2\/users\/4"}],"replies":[{"embeddable":true,"href":"https:\/\/www.e-anjelik.sk\/index.php\/wp-json\/wp\/v2\/comments?post=34336"}],"version-history":[{"count":1,"href":"https:\/\/www.e-anjelik.sk\/index.php\/wp-json\/wp\/v2\/posts\/34336\/revisions"}],"predecessor-version":[{"id":34337,"href":"https:\/\/www.e-anjelik.sk\/index.php\/wp-json\/wp\/v2\/posts\/34336\/revisions\/34337"}],"wp:attachment":[{"href":"https:\/\/www.e-anjelik.sk\/index.php\/wp-json\/wp\/v2\/media?parent=34336"}],"wp:term":[{"taxonomy":"category","embeddable":true,"href":"https:\/\/www.e-anjelik.sk\/index.php\/wp-json\/wp\/v2\/categories?post=34336"},{"taxonomy":"post_tag","embeddable":true,"href":"https:\/\/www.e-anjelik.sk\/index.php\/wp-json\/wp\/v2\/tags?post=34336"}],"curies":[{"name":"wp","href":"https:\/\/api.w.org\/{rel}","templated":true}]}}