{"id":3434,"date":"2011-03-18T11:20:28","date_gmt":"2011-03-18T11:20:28","guid":{"rendered":"http:\/\/e-anjelik.sk\/?p=3434"},"modified":"2011-03-18T11:20:28","modified_gmt":"2011-03-18T11:20:28","slug":"vytvoria-siet-odbornych-krestanskych-kolegii-pre-romov-v-madarsku","status":"publish","type":"post","link":"https:\/\/www.e-anjelik.sk\/index.php\/2011\/03\/18\/vytvoria-siet-odbornych-krestanskych-kolegii-pre-romov-v-madarsku\/","title":{"rendered":"Vytvoria sie\u0165 odborn\u00fdch kres\u0165ansk\u00fdch kol\u00e9gi\u00ed pre R\u00f3mov v Ma\u010farsku"},"content":{"rendered":"<p>Historick&eacute; kres\u0165ansk&eacute; cirkvi v Ma\u010farsku prich&aacute;dzaj&uacute; s jedine\u010dnou iniciat&iacute;vou v Eur&oacute;pe &#8211; chc&uacute; zriadi\u0165 sie\u0165 odborn&yacute;ch kres\u0165ansk&yacute;ch kol&eacute;gi&iacute; pre R&oacute;mov. Kol&eacute;gi&aacute; s&uacute; ur\u010den&eacute; pre r&oacute;mskych vysoko&scaron;kol&aacute;kov a maj&uacute; za\u010da\u0165 pracova\u0165 od septembra t.r. V Budape&scaron;ti bude zria\u010fovate\u013eom jezuitsk&yacute; r&aacute;d r&iacute;mskokatol&iacute;ckej cirkvi, v Debrec&iacute;ne reformovan&aacute; cirkev, v Mi&scaron;kovci gr&eacute;ckokatol&iacute;cka cirkev. Evanjelick&aacute; cirkev mieni tak&eacute;to kol&eacute;gium zriadi\u0165 v Nire\u010fh&aacute;ze. Zria\u010fovatelia chc&uacute; poskytn&uacute;\u0165 nadan&yacute;m r&oacute;mskym vysoko&scaron;kol&aacute;kom odborn&eacute; vzdelanie .Odborn&eacute; kol&eacute;gium poskytne okrem vysoko&scaron;kolsk&eacute;ho vzdelania aj lep&scaron;ie poznatky z r&oacute;mskej kult&uacute;ry a &nbsp;kres\u0165ansk&eacute;ho u\u010denia. Cie\u013eom &scaron;koly bude vychova\u0165 R&oacute;mov k tomu, aby si zachovali svoju identitu,aby sa z nich stali kres\u0165ansk&iacute; intelektu&aacute;li,aby boli v&scaron;estranne vzdelan&iacute; a aby napom&aacute;hali v rozvoji r&oacute;mskeho etnika, cirkvi a zlep&scaron;enia vz\u0165ahov R&oacute;mov a Ma\u010farov. Program &scaron;koly bude sledova\u0165 osved\u010den&eacute; vysoko&scaron;kolsk&eacute; formy. Bude ma\u0165 povinn&eacute; a volite\u013en&eacute; programy. Vzdel&aacute;vanie bude pozost&aacute;va\u0165 z troch modulov: novodob&eacute; znalosti (cudzie jazyky, po\u010d&iacute;ta\u010dov&aacute; technika, sociol&oacute;gia,schopnos\u0165 presadzova\u0165 z&aacute;ujmy),b&aacute;danie v oblasti r&oacute;mskeho a ma\u010farsk&eacute;ho dedi\u010dstva (romistika, vr&aacute;tane v&yacute;u\u010dby r&oacute;mskeho jazyka, etnografia v Ma\u010farsku), kres\u0165ansk&eacute; hodnoty (znalosti svetov&yacute;ch n&aacute;bo\u017eenstiev, Biblie, cirkevn&yacute;ch dej&iacute;n).Volite\u013en&yacute;m predmetom bude n&aacute;bo\u017eensk&aacute; v&yacute;chova. &Scaron;koly bud&uacute; financovan&eacute; tak z cirkevn&yacute;ch pr&iacute;spevkov, ako aj zo &scaron;t&aacute;tneho rozpo\u010dtu a zo strany ob\u010dianskych spolo\u010dnost&iacute;.Aj &scaron;tudenti bud&uacute; plati\u0165 poplatky, ale s&uacute;\u010dasne m&ocirc;\u017eu z&iacute;ska\u0165 prospechov&eacute; a soci&aacute;lne &scaron;tipendium. Zria\u010fovatelia sa bud&uacute; sna\u017ei\u0165 o to, aby ani jeden &scaron;tudent neopustil &scaron;kolu z finan\u010dn&yacute;ch d&ocirc;vodov.<\/p>\n<p>(<a href=\"http:\/\/www.evangelikus.hu\">www.evangelikus.hu<\/a>)<\/p>\n","protected":false},"excerpt":{"rendered":"<p>Historick&eacute; kres\u0165ansk&eacute; cirkvi v Ma\u010farsku prich&aacute;dzaj&uacute; s jedine\u010dnou iniciat&iacute;vou v Eur&oacute;pe &#8211; chc&uacute; zriadi\u0165 sie\u0165 odborn&yacute;ch kres\u0165ansk&yacute;ch kol&eacute;gi&iacute; pre R&oacute;mov. Kol&eacute;gi&aacute; s&uacute; ur\u010den&eacute; pre r&oacute;mskych vysoko&scaron;kol&aacute;kov a maj&uacute; za\u010da\u0165 pracova\u0165 od septembra t.r. V Budape&scaron;ti bude zria\u010fovate\u013eom jezuitsk&yacute; r&aacute;d r&iacute;mskokatol&iacute;ckej cirkvi, v Debrec&iacute;ne reformovan&aacute; cirkev, v Mi&scaron;kovci gr&eacute;ckokatol&iacute;cka cirkev. Evanjelick&aacute; cirkev mieni tak&eacute;to kol&eacute;gium zriadi\u0165 &#8230; <a title=\"Vytvoria sie\u0165 odborn\u00fdch kres\u0165ansk\u00fdch kol\u00e9gi\u00ed pre R\u00f3mov v Ma\u010farsku\" class=\"read-more\" href=\"https:\/\/www.e-anjelik.sk\/index.php\/2011\/03\/18\/vytvoria-siet-odbornych-krestanskych-kolegii-pre-romov-v-madarsku\/\" aria-label=\"Pre\u010d\u00edtajte si viac o Vytvoria sie\u0165 odborn\u00fdch kres\u0165ansk\u00fdch kol\u00e9gi\u00ed pre R\u00f3mov v Ma\u010farsku\">\u010c\u00edta\u0165 viac<\/a><\/p>\n","protected":false},"author":22,"featured_media":0,"comment_status":"open","ping_status":"open","sticky":false,"template":"","format":"standard","meta":{"footnotes":""},"categories":[2],"tags":[187,201],"class_list":["post-3434","post","type-post","status-publish","format-standard","hentry","category-ekumena","tag-mladez-3","tag-skoly"],"_links":{"self":[{"href":"https:\/\/www.e-anjelik.sk\/index.php\/wp-json\/wp\/v2\/posts\/3434","targetHints":{"allow":["GET"]}}],"collection":[{"href":"https:\/\/www.e-anjelik.sk\/index.php\/wp-json\/wp\/v2\/posts"}],"about":[{"href":"https:\/\/www.e-anjelik.sk\/index.php\/wp-json\/wp\/v2\/types\/post"}],"author":[{"embeddable":true,"href":"https:\/\/www.e-anjelik.sk\/index.php\/wp-json\/wp\/v2\/users\/22"}],"replies":[{"embeddable":true,"href":"https:\/\/www.e-anjelik.sk\/index.php\/wp-json\/wp\/v2\/comments?post=3434"}],"version-history":[{"count":0,"href":"https:\/\/www.e-anjelik.sk\/index.php\/wp-json\/wp\/v2\/posts\/3434\/revisions"}],"wp:attachment":[{"href":"https:\/\/www.e-anjelik.sk\/index.php\/wp-json\/wp\/v2\/media?parent=3434"}],"wp:term":[{"taxonomy":"category","embeddable":true,"href":"https:\/\/www.e-anjelik.sk\/index.php\/wp-json\/wp\/v2\/categories?post=3434"},{"taxonomy":"post_tag","embeddable":true,"href":"https:\/\/www.e-anjelik.sk\/index.php\/wp-json\/wp\/v2\/tags?post=3434"}],"curies":[{"name":"wp","href":"https:\/\/api.w.org\/{rel}","templated":true}]}}