{"id":34361,"date":"2021-02-03T23:40:04","date_gmt":"2021-02-03T22:40:04","guid":{"rendered":"http:\/\/e-anjelik.sk\/?p=34361"},"modified":"2021-02-03T23:40:06","modified_gmt":"2021-02-03T22:40:06","slug":"priznajme-sa-k-ecav","status":"publish","type":"post","link":"https:\/\/www.e-anjelik.sk\/index.php\/2021\/02\/03\/priznajme-sa-k-ecav\/","title":{"rendered":"Priznajme sa k ECAV"},"content":{"rendered":"\n<h1 class=\"wp-block-heading\">Prizn\u00e1m sa k svojej cirkvi<\/h1>\n\n\n\n<figure class=\"wp-block-image\"><a href=\"https:\/\/www.ecav.sk\/rails\/active_storage\/blobs\/eyJfcmFpbHMiOnsibWVzc2FnZSI6IkJBaHBBdHFZIiwiZXhwIjpudWxsLCJwdXIiOiJibG9iX2lkIn19--96b6b74ebb8ace79eb6a32f686c0ca1ae76d59ca\/S%C4%8D%C3%ADtanie%202021-%20biskupi.jpg\"><img decoding=\"async\" src=\"https:\/\/www.ecav.sk\/rails\/active_storage\/representations\/eyJfcmFpbHMiOnsibWVzc2FnZSI6IkJBaHBBdHFZIiwiZXhwIjpudWxsLCJwdXIiOiJibG9iX2lkIn19--96b6b74ebb8ace79eb6a32f686c0ca1ae76d59ca\/eyJfcmFpbHMiOnsibWVzc2FnZSI6IkJBaDdCam9MY21WemFYcGxTU0lJT1RBd0Jqb0dSVlE9IiwiZXhwIjpudWxsLCJwdXIiOiJ2YXJpYXRpb24ifX0=--f83398908a42570f1be2d2870fc3e62f317d893b\/S%C4%8D%C3%ADtanie%202021-%20biskupi.jpg\" alt=\"Prizn\u00e1m sa k svojej cirkvi\"\/><\/a><\/figure>\n\n\n\n<ul class=\"wp-block-list\"><li>&nbsp;03.02.21<\/li><li>&nbsp;&nbsp;Jana Nunv\u00e1\u0159ov\u00e1, tla\u010dov\u00e1 tajomn\u00ed\u010dka<\/li><li>&nbsp;<a href=\"https:\/\/www.ecav.sk\/aktuality\/oznamy\">&nbsp;Oznamy<\/a><\/li><\/ul>\n\n\n\n<p>Bratia a sestry, pon\u00fakame v\u00e1m slov\u00e1 bratov biskupov k &#8222;S\u010d\u00edtaniu obyvate\u013estva 2021.&#8220;<\/p>\n\n\n\n<p><strong>J\u00e1n Hrobo\u0148<br>biskup Z\u00e1padn\u00e9ho di\u0161triktu<\/strong><\/p>\n\n\n\n<p>&#8222;Mo\u017eno si aj dnes hovor\u00edme: situ\u00e1cia v spolo\u010dnosti, cirkvi, alebo moja osobn\u00e1 \u010di rodinn\u00e1 je tak\u00e1, \u017ee n\u00e1m pom\u00f4\u017ee u\u017e iba z\u00e1zrak. Ten z\u00e1zrak sa naozaj stal a pri\u0161iel v Je\u017ei\u0161ovi Kristovi. A On z\u00e1zrak nov\u00e9ho \u017eivota pon\u00faka ka\u017ed\u00e9mu z n\u00e1s. \u010cak\u00e1 na postoj n\u00e1\u0161ho srdca, na\u0161u odpove\u010f.&#8220;<\/p>\n\n\n\n<p><strong>Ivan E\u013eko<br>gener\u00e1lny biskup ECAV<\/strong><\/p>\n\n\n\n<p>&#8222;S\u010d\u00edtanie obyvate\u013estva je d\u00f4le\u017eit\u00e9 z h\u013eadiska vyzn\u00e1va\u010dsk\u00e9ho priznania sa k evanjelickej viere a &nbsp;k vlastnej cirkvi. Jeho v\u00fdsledok bude s\u00favisie\u0165 aj<br>s \u010fal\u0161\u00edm financovan\u00edm na\u0161ej cirkvi. Povzbudzujeme v\u00e1s k povedom\u00e9mu a akt\u00edvnemu evanjelick\u00e9mu prejavu.&#8220;<\/p>\n\n\n\n<p><strong>Peter Miho\u010d<br>biskup V\u00fdchodn\u00e9ho di\u0161triktu<\/strong><\/p>\n\n\n\n<p>&#8222;S\u00fa\u010das\u0165ou s\u010d\u00edtac\u00edch formul\u00e1rov bude aj ot\u00e1zka &nbsp;vierovyznania. Aj tu sa uk\u00e1\u017ee, \u010di v \u017eivote po\u010d\u00edtame s Bohom. V Jeho o\u010diach nie sme such\u00e9 \u010d\u00edsla, ani \u0161tatistick\u00e9 d\u00e1ta, m\u00e1me ove\u013ea v\u00e4\u010d\u0161iu hodnotu. Boh s nami r\u00e1ta! Vyznajme s bdelos\u0165ou v srdci, \u017ee r\u00e1tame aj my s N\u00edm.&#8220;<\/p>\n","protected":false},"excerpt":{"rendered":"<p>Prizn\u00e1m sa k svojej cirkvi &nbsp;03.02.21 &nbsp;&nbsp;Jana Nunv\u00e1\u0159ov\u00e1, tla\u010dov\u00e1 tajomn\u00ed\u010dka &nbsp;&nbsp;Oznamy Bratia a sestry, pon\u00fakame v\u00e1m slov\u00e1 bratov biskupov k &#8222;S\u010d\u00edtaniu obyvate\u013estva 2021.&#8220; J\u00e1n Hrobo\u0148biskup Z\u00e1padn\u00e9ho di\u0161triktu &#8222;Mo\u017eno si aj dnes hovor\u00edme: situ\u00e1cia v spolo\u010dnosti, cirkvi, alebo moja osobn\u00e1 \u010di rodinn\u00e1 je tak\u00e1, \u017ee n\u00e1m pom\u00f4\u017ee u\u017e iba z\u00e1zrak. Ten z\u00e1zrak sa naozaj stal a &#8230; <a title=\"Priznajme sa k ECAV\" class=\"read-more\" href=\"https:\/\/www.e-anjelik.sk\/index.php\/2021\/02\/03\/priznajme-sa-k-ecav\/\" aria-label=\"Pre\u010d\u00edtajte si viac o Priznajme sa k ECAV\">\u010c\u00edta\u0165 viac<\/a><\/p>\n","protected":false},"author":4,"featured_media":0,"comment_status":"open","ping_status":"open","sticky":false,"template":"","format":"standard","meta":{"footnotes":""},"categories":[4,193,78],"tags":[],"class_list":["post-34361","post","type-post","status-publish","format-standard","hentry","category-akcie","category-co-pisu-ini","category-zbor-biskupov-ecav"],"_links":{"self":[{"href":"https:\/\/www.e-anjelik.sk\/index.php\/wp-json\/wp\/v2\/posts\/34361","targetHints":{"allow":["GET"]}}],"collection":[{"href":"https:\/\/www.e-anjelik.sk\/index.php\/wp-json\/wp\/v2\/posts"}],"about":[{"href":"https:\/\/www.e-anjelik.sk\/index.php\/wp-json\/wp\/v2\/types\/post"}],"author":[{"embeddable":true,"href":"https:\/\/www.e-anjelik.sk\/index.php\/wp-json\/wp\/v2\/users\/4"}],"replies":[{"embeddable":true,"href":"https:\/\/www.e-anjelik.sk\/index.php\/wp-json\/wp\/v2\/comments?post=34361"}],"version-history":[{"count":1,"href":"https:\/\/www.e-anjelik.sk\/index.php\/wp-json\/wp\/v2\/posts\/34361\/revisions"}],"predecessor-version":[{"id":34362,"href":"https:\/\/www.e-anjelik.sk\/index.php\/wp-json\/wp\/v2\/posts\/34361\/revisions\/34362"}],"wp:attachment":[{"href":"https:\/\/www.e-anjelik.sk\/index.php\/wp-json\/wp\/v2\/media?parent=34361"}],"wp:term":[{"taxonomy":"category","embeddable":true,"href":"https:\/\/www.e-anjelik.sk\/index.php\/wp-json\/wp\/v2\/categories?post=34361"},{"taxonomy":"post_tag","embeddable":true,"href":"https:\/\/www.e-anjelik.sk\/index.php\/wp-json\/wp\/v2\/tags?post=34361"}],"curies":[{"name":"wp","href":"https:\/\/api.w.org\/{rel}","templated":true}]}}