{"id":34367,"date":"2021-02-05T13:26:38","date_gmt":"2021-02-05T12:26:38","guid":{"rendered":"http:\/\/e-anjelik.sk\/?p=34367"},"modified":"2021-02-05T13:26:40","modified_gmt":"2021-02-05T12:26:40","slug":"o-rozsievacovi-semene-a-stvorakej-pode","status":"publish","type":"post","link":"https:\/\/www.e-anjelik.sk\/index.php\/2021\/02\/05\/o-rozsievacovi-semene-a-stvorakej-pode\/","title":{"rendered":"O rozsieva\u010dovi, semene a \u0161tvorakej p\u00f4de"},"content":{"rendered":"\n<p>&nbsp;&nbsp; &nbsp; &nbsp; &nbsp; &nbsp; &nbsp; <strong>O rozsieva\u010dovi, semene a \u0161tvorakej p\u00f4de<\/strong><\/p>\n\n\n\n<p><strong>L 8, 4 -15: <\/strong><em>\u201cA ke\u010f sa sch\u00e1dzal ve\u013ek\u00fd z\u00e1stup a z miest hrnuli sa k Nemu, hovoril v podobenstve: (5) Vy\u0161iel rozsieva\u010d, aby rozsieval svoje semeno. A ke\u010frozsieval, niektor\u00e9 padlo kraj cesty, &#8211; po\u0161liapali ho a nebesk\u00ed vt\u00e1ci ho pozobali. (6) In\u00e9 padlo na skalu a ke\u010fvzi\u0161lo, uschlo, preto\u017ee nemalo vlahy. (7) In\u00e9 v\u0161ak padlo medzi t\u0155nie, a spoluvzrastl\u00e9 t\u0155nie ho udusilo. (8) A in\u00e9 padlo do dobrej zeme a ke\u010f vzi\u0161lo, prinieslo ston\u00e1sobn\u00fa \u00farodu. Ke\u010f to povedal, zvolal: Kgo m\u00e1 u\u010di na po\u010d\u00favanie, nech po\u010duje! (9) Nato sp\u00fdtali sa Ho u\u010den\u00edci, \u010do je to za podobenstvo. (10) A On riekol: V\u00e1m je dan\u00e9 zna\u0165 tajomstv\u00e1 kr\u00e1\u013eovstva Bo\u017eieho, ale ostatn\u00fdm hovor\u00edm v podobenstv\u00e1ch, aby h\u013eadeli a nevideli, po\u010duli a nerozumeli. (11) Podobensto&nbsp; znamen\u00e1 toto: Sem\u00e4 je slovo Bo\u017eie. (12) To kraj cesty s\u00fa t\u00ed, \u010do po\u010d\u00favaj\u00fa, a potom prich\u00e1dza diabol a vyn\u00edma im zo srdca, aby neverili a neboli spasen\u00ed. (13) To na skale s\u00fa t\u00ed, \u010do po\u010d\u00favaj\u00fa slovo, s rados\u0165ou ho prij\u00edmaj\u00fa, ale nemaj\u00fa kore\u0148a, za\u010das veria a v poku\u0161en\u00ed odstupuj\u00fa. (14) Ktor\u00e9 v\u0161ak padlo medzi t\u0155nie, s\u00fa t\u00ed, \u010do po\u010d\u00favaj\u00fa, ale na cest\u00e1ch \u017eivota udusia ich starosti, bohatstvo a rozko\u0161 \u017eivota, a nedozrej\u00fa. (15) Ale ktor\u00e9 padlo do dobrej zeme, s\u00fa t\u00ed, ktor\u00ed po\u010d\u00favaj\u00fa slovo, zachov\u00e1vaj\u00fa ho v \u010distom a dobrom srdci, s\u00fa st\u00e1li a prin\u00e1\u0161aj\u00fa \u00fa\u017eitok.\u201d Amen<\/em><\/p>\n\n\n\n<p><em>&nbsp;&nbsp; &nbsp; Bratia a sestry v P\u00e1novi!&nbsp;<\/em><\/p>\n\n\n\n<p>&nbsp;&nbsp; &nbsp; Na pominul\u00fd utorok pripadol cirkevn\u00fd sviatok so zauj\u00edmav\u00fdm n\u00e1zvom<em>: Hromnice.<\/em> Via\u017ee sa k&nbsp;nemu zn\u00e1ma \u013eudov\u00e1 pranostika, ktor\u00e1 hovor\u00ed<em>: \u201c Na Hromnice, o&nbsp;hodinu v\u00edce\u201c.<\/em> Nazna\u010duje, \u017ee od Nov\u00e9ho roku sa de\u0148 pred\u013a\u017eil o jednu hodinu. To znamen\u00e1, \u017ee slnie\u010dko za\u010d\u00edna st\u00fapa\u0165 vy\u0161\u0161ie a&nbsp;aj ke\u010f je e\u0161te st\u00e1le \u201ezubat\u00e9\u201c, po\u013enohospod\u00e1ri a&nbsp;z\u00e1hradk\u00e1ri sa u\u017e pomali\u010dky za\u010dn\u00fa te\u0161i\u0165 na pr\u00edchod jari, aby za\u010dali jarn\u00e9 pr\u00e1ce. V\u0161etci bud\u00fa s&nbsp;rados\u0165ou vysieva\u0165 do p\u00f4dy r\u00f4zne semen\u00e1 obilia, zeleniny a&nbsp;kvetov.&nbsp;<\/p>\n\n\n\n<p>&nbsp;&nbsp; &nbsp; Je to zauj\u00edmav\u00fd fenom\u00e9n, \u017ee aj v&nbsp;dobe rozvinutej priemyselnej v\u00fdroby sa mnoh\u00ed \u013eudia radi vracaj\u00fa k&nbsp;p\u00f4de. <strong>S&nbsp;pr\u00edchodom jari sa staneme mnoh\u00ed rozsieva\u010dmi.&nbsp; <em>&#8211; <\/em><\/strong><em>Podobenstvo Je\u017ei\u0161a Krista o&nbsp;rozsieva\u010dovi a&nbsp;\u0161tvorakej p\u00f4de<\/em> je zalo\u017een\u00e9 pr\u00e1ve na sk\u00fasenosti z&nbsp;pr\u00e1ce ro\u013en\u00edka, ktor\u00e1 sa v\u017edy nanovo opakuje<em>: \u201eVy\u0161iel rozsieva\u010d, aby rozsieval svoje semeno\u201c. &#8211;&nbsp;<\/em> P\u00e1n Je\u017ei\u0161 predov\u0161etk\u00fdm s\u00e1m seba pripodobnil k&nbsp;rozsieva\u010dovi. Pravda\u017ee, Jeho \u00faloha, ktor\u00fa prijal od Otca a&nbsp;pre ktor\u00fa pri\u0161iel na zem bolo rozsieva\u0165 semeno, ktor\u00fdm je <strong>Bo\u017eie slovo<\/strong>. On je prv\u00fdm Rozsieva\u010dom a tou istou slu\u017ebou poveril aj svojich u\u010den\u00edkov, ktor\u00fdch ako apo\u0161tolov poslal hl\u00e1sa\u0165 Slovo Bo\u017eie: <em>\u201e&#8230;a\u017e do posledn\u00fdch kon\u010d\u00edn zeme\u201c. <\/em><strong>&nbsp;<\/strong><\/p>\n\n\n\n<p><strong>&nbsp; &nbsp; <\/strong>Ka\u017ed\u00e1 nov\u00e1 gener\u00e1cia \u013eud\u00ed potrebuje v\u017edy nov\u00fa sejbu a nov\u00fa \u00farodu tohto Bo\u017eieho slova. Preto aj apo\u0161tolovia pozvali k&nbsp;tejto sejbe nov\u00fdch u\u010den\u00edkov a povolanie k&nbsp;tejto slu\u017ebe sa opakuje a\u017e dosia\u013e. Dnes hovor\u00edme v&nbsp;tomto s\u00favise sk\u00f4r o&nbsp;kazate\u013eskom \u00farade a&nbsp;povolan\u00ed. &#8211; S\u00fa\u010dasne v\u0161ak na\u0161e cirkev, a nielen na\u0161a cirkev &#8211; hovor\u00ed aj o&nbsp;tzv. v\u0161eobecnom k\u0148azstve veriacich, alebo o \u201elaickom apo\u0161tol\u00e1te\u201c,&nbsp; \u010do znamen\u00e1, \u017ee ka\u017ed\u00fd pokrsten\u00fd a&nbsp;dospel\u00fd kres\u0165an &#8211; ako rodi\u010d, alebo krstn\u00fd rodi\u010d m\u00e1 pokra\u010dova\u0165 v&nbsp;tejto slu\u017ebe najm\u00e4 vo svojej rodine. Kto slovo Bo\u017eie prijal ako dobr\u00fa zves\u0165, m\u00f4\u017ee a m\u00e1 n\u00edm obohati\u0165 in\u00fdch.&nbsp; <strong>&#8211; <\/strong>To je prv\u00e9 posolstvo dne\u0161n\u00e9ho evanjelia. P\u00e1n Je\u017ei\u0161 je Prv\u00fd rozsieva\u010d a my ostatn\u00ed m\u00e1me kr\u00e1\u010da\u0165 v&nbsp;Jeho \u0161\u013eapajach. Rozhoduj\u00face je, aby sme rozsievali to ist\u00e9 slovo, ako On a&nbsp;Jeho apo\u0161tolovia, toti\u017e zves\u0165 evanjelia.&nbsp;<\/p>\n\n\n\n<p>&nbsp; &nbsp; &nbsp; &nbsp; <strong>Druh\u00fa d\u00f4le\u017eit\u00fa vec<\/strong>, ktor\u00fa P\u00e1n Je\u017ei\u0161&nbsp; pripomenul u\u010den\u00edkom je to, \u017ee <strong>\u010dlovek ako rozsieva\u010d<\/strong> <strong>je s\u00fa\u010dasne aj p\u00f4dou<\/strong>, do ktorej sa dobr\u00e9 semeno slova Bo\u017eieho seje. Tak, ako p\u00f4da, do ktorej sa seje semeno obilia m\u00e1 r\u00f4znu \u201ebonitu\u201c a kvalitu, tak je to aj s&nbsp;\u010dlovekom, ktor\u00e9mu je slovo Bo\u017eie ur\u010den\u00e9. &#8211;&nbsp; Aj \u013eudsk\u00e9 srdcia s\u00fa p\u00f4dou ve\u013emi r\u00f4znorodou. P\u00e1n Je\u017ei\u0161 upozor\u0148uje u\u010den\u00edkov, aby na t\u00fato skuto\u010dnos\u0165 boli pripraven\u00ed a aby&nbsp;s&nbsp;\u0148ou po\u010d\u00edtali. V podobenstve spom\u00edna \u0161tyri druhy p\u00f4dy a&nbsp;tak nazna\u010duje, \u017ee sme nielen p\u00f4dou dobrou, ale aj p\u00f4dou problematickou.<\/p>\n\n\n\n<p>&nbsp;&nbsp; &nbsp; &nbsp; <strong>Tou prvou je p\u00f4da v&nbsp;skuto\u010dnosti nepripraven\u00e1 k&nbsp;sejbe.<\/strong>&nbsp; Je to okraj cesty, zem, kade \u013eudia vy\u0161liapali chodn\u00edk, ktor\u00fd sa stal zemou tvrdou a&nbsp;suchou. Tam ani kvalitn\u00e9 semeno nezakoren\u00ed. Zost\u00e1va na povrchu a&nbsp;stane sa zmarenou sejbou. Tak ako zrno na kraji cesty pozob\u00fa vt\u00e1ci, tak t\u00ed, ktor\u00ed s\u00fa ako <em>\u201ekraj cesty\u201c,<\/em> hoci po\u010d\u00favaj\u00fa Bo\u017eie slovo s\u00fa nato\u013eko zatvrdnut\u00ed, \u017ee vz\u00e1p\u00e4t\u00ed <em>\u201e prich\u00e1dza diabol\u201c<\/em> a&nbsp;slovo Bo\u017eie <em>im \u201evyn\u00edma zo srdca\u201c.<\/em> D\u00f4sledok je alarmuj\u00faci: bez milosti Slova Bo\u017eieho \u010dlovek&nbsp; toti\u017e nem\u00f4\u017ee \u010dlovek uveri\u0165 v&nbsp;Je\u017ei\u0161a a&nbsp;preto ani nem\u00f4\u017ee by\u0165 spasen\u00fd.&nbsp;<\/p>\n\n\n\n<p>&nbsp; &nbsp; &nbsp; \u010co sp\u00f4sobuje to, \u017ee p\u00f4da \u013eudsk\u00fdch s\u0155dc sa stane zatvrdnut\u00fdm \u00fahorom a&nbsp;u\u0161liapan\u00fdm chodn\u00edkom?&nbsp; &#8211; \u010casto po\u010dujeme \u013eud\u00ed hovori\u0165<em>: \u201eM\u0148a nikto nem\u00e1 r\u00e1d&#8230;\u201c, \u201e Na mne nikomu nez\u00e1le\u017e\u00ed\u201d\u2026<\/em> Ke\u010f \u013eudia poni\u017euj\u00fa svojho bl\u00ed\u017eneho a neprejavia mu l\u00e1sku a&nbsp;\u00factu, prestane veri\u0165 \u013eu\u010fom i&nbsp;P\u00e1nu Bohu. Zatvrdne&#8230;<\/p>\n\n\n\n<p><strong>&nbsp; &nbsp; &nbsp; Je\u017ei\u0161 upozor\u0148uje aj na tret\u00ed druh p\u00f4dy<\/strong>, ktorej sa podob\u00e1 \u013eudsk\u00e9 srdce. Je to p\u00f4da skalnat\u00e1, kde v\u0161ak&nbsp; skalu&nbsp; na prv\u00fd poh\u013ead nie je vidie\u0165. Pre\u010do? &#8211; Na skalnat\u00fd povrch m\u00f4\u017ee vietor navia\u0165 mal\u00fa vrstvu ornice, kde zasiate zrno s\u00edce za\u010dne r\u00e1s\u0165, ale nedok\u00e1\u017ee dobre zakoreni\u0165 a preto&nbsp;mlad\u00e1 rastlina r\u00fdchlo vyschne. Ro\u013en\u00edk mus\u00ed vynalo\u017ei\u0165 ve\u013ea \u00fasilia, aby na skalnatej zemi vytvoril dostato\u010dne hrub\u00fa vrstvu ornice a&nbsp;mohol zasia\u0165 zrno. Inak po s\u013eubnom po\u010diato\u010dnom raste prich\u00e1dza r\u00fdchly koniec a&nbsp;\u017eiadna \u00faroda sa ned\u00e1 o\u010dak\u00e1va\u0165.<\/p>\n\n\n\n<p>&nbsp; &nbsp; &nbsp; Je\u017ei\u0161 op\u00e4\u0165 hovor\u00ed, \u017ee tak je to neraz aj s&nbsp;\u010dlovekom. Pre skryt\u00fa skalu srdca Slovo Bo\u017eie v&nbsp;\u0148om nem\u00f4\u017ee dobre a&nbsp;trvalo zakoreni\u0165. Aj s takouto sk\u00fasenos\u0165ou mali apo\u0161tolovia pri duchovnej sejbe po\u010d\u00edta\u0165, aby napriek tomu nerezignovali na svoju slu\u017ebu, ale boli st\u00e1li a&nbsp;vern\u00ed aj napriek \u010diastkov\u00fdm ne\u00faspechom. &#8211;&nbsp; Mnoh\u00ed rodi\u010dia i duchovn\u00ed pastieri maj\u00fa tak\u00e9to sk\u00fasenosti. V&nbsp;detstve, mo\u017eno pri konfirm\u00e1cii zasiali zrno slova Bo\u017eieho do s\u0155dc det\u00ed, alebo svojich posluch\u00e1\u010dov a&nbsp;oni navonok&nbsp; s&nbsp;rados\u0165ou po\u010d\u00favali a&nbsp;prij\u00edmali&nbsp; Bo\u017eie slovo\u2013ale nesk\u00f4r sa uk\u00e1zalo, \u017ee \u201enemaj\u00fa kore\u0148a\u201c<em>. \u201eZa\u010das veria &#8211; a&nbsp;v&nbsp;sk\u00fa\u0161kach odstupuj\u00fa\u201c.&nbsp; <\/em>Apo\u0161tol Pavel mal tie\u017e ve\u013ea podobn\u00fdch sk\u00fasenost\u00ed \u2013 ale napriek tomu vyznal: \u201e<em>Beda by mi bolo, keby som nek\u00e1zal&#8230;\u201c.<\/em> Neraz zvestujeme evanjelium o&nbsp;sp\u00e1se \u010dloveka tam, kde sa hlbok\u00e1 orba zvesti Bo\u017eieho z\u00e1kona nevykonala dostato\u010dne. Z\u00e1kon Bo\u017e\u00ed , ktor\u00fd vedie k&nbsp;pok\u00e1niu sa \u010dloveku nepo\u010d\u00fava \u013eahko a&nbsp;tak je potom sejba evanjelia zmaren\u00e1.<\/p>\n\n\n\n<p><strong>&nbsp; &nbsp; P\u00e1n Je\u017ei\u0161 upozor\u0148uje aj na tret\u00ed druh p\u00f4dy<\/strong>, ke\u010f je op\u00e4\u0165 v\u00fdsledok sejby \u013eahko zmaren\u00fd. \u010cas\u0165 \u013eud\u00ed ktor\u00fdm sa zvestuje&nbsp; Bo\u017eie slovo pripom\u00edna toti\u017e p\u00f4du , ktor\u00e1 je u\u017e predt\u00fdm obsiata semenami r\u00f4znych bur\u00edn, alebo t\u0155n\u00edm. V\u0161etky maj\u00fa hlbok\u00fd a siln\u00fd kore\u0148. &#8211; Podobne b\u00fdva srdce \u010dloveka obsiate r\u00f4znou sejbou sveta, r\u00f4znymi \u201eizmamy\u201c&nbsp; ktor\u00e1 s\u00fa prejavom kult\u00fary n\u00e1silia a prejavom \u201estar\u00e9ho Adama v&nbsp;n\u00e1s\u201c. Ke\u010f do takejto p\u00f4dy prich\u00e1dza slovo Bo\u017eie a&nbsp;za\u010dne s\u013eubne r\u00e1s\u0165, to star\u00e9 myslenie napokon prevl\u00e1dne. Duchovn\u00e1 burina a t\u0155nie&nbsp;napokon&nbsp;prerastie a&nbsp;udus\u00ed jemn\u00fa kult\u00faru Bo\u017eieho slova. Raz s\u00fa to starosti a&nbsp;obavy \u010dloveka o&nbsp;zajtraj\u0161\u00ed de\u0148 \u2013 inokedy&nbsp; \u010dasn\u00e9 bohatstvo a&nbsp;svetsk\u00e9 radosti sa stan\u00fa t\u00fdm, na \u010do sa \u010dlovek za\u010dne spolieha\u0165. V\u00fdsledok je v\u0161ak rovnak\u00fd:&nbsp; sejba Bo\u017eieho slova nedozreje&#8230;&nbsp; &nbsp;<\/p>\n\n\n\n<p>Bratia a sestry!<\/p>\n\n\n\n<p>&nbsp;&nbsp; <strong>Je v\u0161ak predsa len men\u0161ia, \u010di v\u00e4\u010d\u0161ia \u010das\u0165 a \u201ev\u00fdmera\u201d \u013eudsk\u00fdch s\u0155dc aj dobrou p\u00f4dou. <\/strong>S\u00fa to t\u00ed, ktor\u00ed slovo Bo\u017eie nielen po\u010d\u00favaj\u00fa, ale aj zachov\u00e1vaj\u00fa v&nbsp;srdci, ktor\u00ed sa N\u00edm daj\u00fa vies\u0165 ako pravdou a&nbsp;prav\u00fdm svetlom. Tak m\u00f4\u017ee zrno slova Bo\u017eieho prinies\u0165 ston\u00e1sobn\u00fa \u00farodu, ktor\u00e1 je po\u017eehnan\u00edm pre v\u0161etk\u00fdch.&nbsp; &#8212; Je\u017ei\u0161ove slovo v podobenstve n\u00e1s vedie k ot\u00e1zke<em>: Akou p\u00f4dou som ja? &#8211; Akou p\u00f4dou je moje srdce?<\/em>&nbsp; -Odpovedzme si v\u0161ak v&nbsp;duchu ka\u017ed\u00fd s\u00e1m&#8230;&nbsp; &nbsp;<\/p>\n\n\n\n<p>&nbsp; &nbsp; &nbsp; &nbsp; Z\u00e1rove\u0148 sa pozer\u00e1me dnes aj na spolo\u010denstvo na\u0161ej cirkvi a&nbsp;p\u00fdtame sa: Akou p\u00f4dou sme ? Akou p\u00f4dou je n\u00e1\u0161 cirkevn\u00fd zbor? Jasne vid\u00edme jednak mnoh\u00fa stratu p\u00f4dy, kde sa u\u017e sia\u0165 ned\u00e1, ale aj tak\u00fa, ktor\u00e1 je duchovne zanedban\u00e1. &nbsp;<\/p>\n\n\n\n<p>&nbsp;&nbsp; &#8211; <strong>Onedlho sa za\u010dne s\u010d\u00edtanie \u013eudu<\/strong>, pri ktorom&nbsp; m\u00e1me prejavi\u0165 aj na\u0161u duchovn\u00fa pr\u00edslu\u0161nos\u0165 a&nbsp;vz\u0165ah k&nbsp;na\u0161ej evanjelickej cirkvi, ako&nbsp; k&nbsp;na\u0161ej duchovnej roli. Ako sa zachov\u00e1me? Ak\u00fd vz\u0165ah k&nbsp;Bo\u017eiemu slovu a&nbsp;k cirkvi P\u00e1novej prejav\u00edme?&nbsp; Pripom\u00ednam v\u00e1\u017enos\u0165 odpovede na ot\u00e1zku, ktor\u00fa vyslovil&nbsp; n\u00e1\u0161 <em>b\u00e1snik Ivan Krasko<\/em>, nad opustenou otcovskou ro\u013eou: &nbsp; &nbsp; &nbsp;<\/p>\n\n\n\n<p>&nbsp;&nbsp; &nbsp; &nbsp; <em>Pokojn\u00fd ve\u010der na v\u0155\u0161ky padal,&nbsp; Na siv\u00e9 polia.<\/em><\/p>\n\n\n\n<p><em>&nbsp;&nbsp; &nbsp; &nbsp; V&nbsp;poslednom l\u00fa\u010di starootcovsk\u00e1 \/ Horela ro\u013ea.<\/em><\/p>\n\n\n\n<p><em>&nbsp;&nbsp; &nbsp; &nbsp; Z&nbsp;cudziny tul\u00e1k kro\u010dil som na \u0148u \/&nbsp; B\u00e1zlivou nohou.<\/em><\/p>\n\n\n\n<p><em>&nbsp;&nbsp; &nbsp; &nbsp; Slnko jak kor\u00e1b v&nbsp;krvav\u00fdch vod\u00e1ch \/&nbsp; Pl\u00e1 pod oblohou.<\/em><\/p>\n\n\n\n<p><em>&nbsp;&nbsp; &nbsp; &nbsp; Strni\u0161te such\u00e9 na vlhk\u00fdch hrud\u00e1ch \/&nbsp; Pod nohou prask\u00e1.<\/em><\/p>\n\n\n\n<p><em>&nbsp;&nbsp; &nbsp; &nbsp; Zd\u00e1 sa, \u017ee ktosi ved\u013ea m\u0148a kr\u00e1\u010da \u2013 \/&nbsp; Na \u010dele vr\u00e1ska,<\/em><\/p>\n\n\n\n<p><em>&nbsp;&nbsp; &nbsp; &nbsp; V&nbsp;l\u00e1skavom oku jakoby krotk\u00e1 \/ V\u00fd\u010ditka nem\u00e1:<\/em><\/p>\n\n\n\n<p><strong><em>&nbsp; &nbsp; &nbsp; &nbsp; <\/em><\/strong><em>Pre\u010do si nechal otcovsk\u00fa p\u00f4du? \/ Obrancu nem\u00e1!<\/em><\/p>\n\n\n\n<p><em>&nbsp;&nbsp; &nbsp; <\/em>Dok\u00e1\u017eme, \u017ee sme dobrou evanjelickou p\u00f4dou, z&nbsp;ktorej predsa to\u013eko po\u017eehnania, to\u013eko dobra pre \u013eud nielen tohto kraja vyr\u00e1stlo a&nbsp;dozrelo ako po\u017eehnan\u00e1 siatina Bo\u017eieho slova! Preto prij\u00edmajme aj na\u010falej sejbu evanjelia Je\u017ei\u0161a Krista a&nbsp;zosta\u0148me dobrou p\u00f4dou a siatinou, ktor\u00e1 m\u00e1 zas\u013e\u00fabenie ve\u013ek\u00e9ho a&nbsp;mnoh\u00e9ho po\u017eehnania pre \u010dasnos\u0165 i&nbsp;pre ve\u010dnos\u0165. Amen&nbsp;<\/p>\n\n\n\n<p>&nbsp;&nbsp; &nbsp; Nede\u013ea Po Deviatniku&nbsp; &#8211; CZ Myjava 2021&nbsp; &#8211; &nbsp; \u013dubom\u00edr Batka st.<\/p>\n","protected":false},"excerpt":{"rendered":"<p>&nbsp;&nbsp; &nbsp; &nbsp; &nbsp; &nbsp; &nbsp; O rozsieva\u010dovi, semene a \u0161tvorakej p\u00f4de L 8, 4 -15: \u201cA ke\u010f sa sch\u00e1dzal ve\u013ek\u00fd z\u00e1stup a z miest hrnuli sa k Nemu, hovoril v podobenstve: (5) Vy\u0161iel rozsieva\u010d, aby rozsieval svoje semeno. A ke\u010frozsieval, niektor\u00e9 padlo kraj cesty, &#8211; po\u0161liapali ho a nebesk\u00ed vt\u00e1ci ho pozobali. (6) In\u00e9 &#8230; <a title=\"O rozsieva\u010dovi, semene a \u0161tvorakej p\u00f4de\" class=\"read-more\" href=\"https:\/\/www.e-anjelik.sk\/index.php\/2021\/02\/05\/o-rozsievacovi-semene-a-stvorakej-pode\/\" aria-label=\"Pre\u010d\u00edtajte si viac o O rozsieva\u010dovi, semene a \u0161tvorakej p\u00f4de\">\u010c\u00edta\u0165 viac<\/a><\/p>\n","protected":false},"author":4,"featured_media":0,"comment_status":"open","ping_status":"open","sticky":false,"template":"","format":"standard","meta":{"footnotes":""},"categories":[380,121,118],"tags":[],"class_list":["post-34367","post","type-post","status-publish","format-standard","hentry","category-po-deviatniku","category-kazne","category-myjava"],"_links":{"self":[{"href":"https:\/\/www.e-anjelik.sk\/index.php\/wp-json\/wp\/v2\/posts\/34367","targetHints":{"allow":["GET"]}}],"collection":[{"href":"https:\/\/www.e-anjelik.sk\/index.php\/wp-json\/wp\/v2\/posts"}],"about":[{"href":"https:\/\/www.e-anjelik.sk\/index.php\/wp-json\/wp\/v2\/types\/post"}],"author":[{"embeddable":true,"href":"https:\/\/www.e-anjelik.sk\/index.php\/wp-json\/wp\/v2\/users\/4"}],"replies":[{"embeddable":true,"href":"https:\/\/www.e-anjelik.sk\/index.php\/wp-json\/wp\/v2\/comments?post=34367"}],"version-history":[{"count":1,"href":"https:\/\/www.e-anjelik.sk\/index.php\/wp-json\/wp\/v2\/posts\/34367\/revisions"}],"predecessor-version":[{"id":34368,"href":"https:\/\/www.e-anjelik.sk\/index.php\/wp-json\/wp\/v2\/posts\/34367\/revisions\/34368"}],"wp:attachment":[{"href":"https:\/\/www.e-anjelik.sk\/index.php\/wp-json\/wp\/v2\/media?parent=34367"}],"wp:term":[{"taxonomy":"category","embeddable":true,"href":"https:\/\/www.e-anjelik.sk\/index.php\/wp-json\/wp\/v2\/categories?post=34367"},{"taxonomy":"post_tag","embeddable":true,"href":"https:\/\/www.e-anjelik.sk\/index.php\/wp-json\/wp\/v2\/tags?post=34367"}],"curies":[{"name":"wp","href":"https:\/\/api.w.org\/{rel}","templated":true}]}}