{"id":34377,"date":"2021-02-09T16:49:40","date_gmt":"2021-02-09T15:49:40","guid":{"rendered":"http:\/\/e-anjelik.sk\/?p=34377"},"modified":"2021-02-09T16:49:41","modified_gmt":"2021-02-09T15:49:41","slug":"informacie-z-gp-ecav-2021","status":"publish","type":"post","link":"https:\/\/www.e-anjelik.sk\/index.php\/2021\/02\/09\/informacie-z-gp-ecav-2021\/","title":{"rendered":"Inform\u00e1cie z GP ECAV 2021"},"content":{"rendered":"\n<p><strong>Z prv\u00e9ho zasadnutia GP ECAV v roku 2021<\/strong><\/p>\n\n\n\n<p><em><\/em><em>08.02.21<\/em><\/p>\n\n\n\n<p><em>Zuzana Pol\u00e1kov\u00e1, sekretari\u00e1t ECAV<\/em><\/p>\n\n\n\n<p><em><\/em><a href=\"https:\/\/www.ecav.sk\/aktuality\/spravodajstvo\"><em>Spravodajstvo<\/em><\/a><\/p>\n\n\n\n<p>Prv\u00e9 zasadnutie Gener\u00e1lneho presbyterstva ECAV na Slovensku v tomto roku sa konalo d\u0148a 29. janu\u00e1ra v online priestore prostredn\u00edctvom platformy ZOOM.<\/p>\n\n\n\n<p>Po prerokovan\u00ed plnenia uznesen\u00ed prijalo gener\u00e1lne presbyterstvo spr\u00e1vu o svojej \u010dinnosti za predch\u00e1dzaj\u00faci rok, ktor\u00fa posunulo na rokovanie synody.<\/p>\n\n\n\n<p>Gener\u00e1lne presbyterstvo sa \u010falej venovalo problematike UPC Mosty a ot\u00e1zkam s\u00favisiacim s person\u00e1lnym zaraden\u00edm br. kapl\u00e1na P. Mozolu.<\/p>\n\n\n\n<p>Na vedomie zobralo aj informat\u00edvnu spr\u00e1vu br. Damanko\u0161a, predsedu Gener\u00e1lneho hospod\u00e1rskeho v\u00fdboru ECAV, o stave person\u00e1lneho obsadenia Gener\u00e1lneho hospod\u00e1rskeho v\u00fdboru a aktu\u00e1lnych inform\u00e1ci\u00e1ch k rozpo\u010dtu ECAV. Gener\u00e1lny hospod\u00e1rsky v\u00fdbor bol z\u00e1rove\u0148 zo strany gener\u00e1lneho presbyterstva na zasadnut\u00ed poveren\u00fd vo veci prechodu spr\u00e1vy majetku zo spolo\u010dnosti Reformata s. r. o. na ECAV, pr\u00edpravou \u010dasov\u00e9ho harmonogramu a harmonogramu krokov k spr\u00e1ve majetku ECAV bez spr\u00e1vcovskej spolo\u010dnosti.Bodom programu bola aj rozprava o potrebe spracovania strat\u00e9gie hospod\u00e1renia v ECAV do roku 2025 a 2050. Presbyteri sa taktie\u017e zhodli na potrebe pr\u00edpravy n\u00e1vrhu cirkevn\u00e9ho z\u00e1kona o misijn\u00fdch a soci\u00e1lnych slu\u017eb\u00e1ch v ECAV.&nbsp;<\/p>\n\n\n\n<p>S\u00fa\u010dasn\u00e1 epidemiologick\u00e1 situ\u00e1cia viedla \u010dlenov presbyterstva k prijatiu usmernen\u00ed, t\u00fdkaj\u00facich sa posunu term\u00ednov zborov\u00fdch konventov a menovania funkcion\u00e1rov. Tieto usmernenia boli vo forme uznesen\u00ed publikovan\u00e9 na str\u00e1nke <a href=\"http:\/\/www.ecav.sk\/\">www.ecav.sk<\/a> (<a href=\"https:\/\/www.ecav.sk\/aktuality\/oznamy\/z-gbu\/terminy-zborovych-konventov-a-menovanie-funkcionarov\">TU<\/a>).<\/p>\n\n\n\n<p>Presbyteri \u010falej schv\u00e1lili Z\u00e1sady odme\u0148ovania duchovn\u00fdch a neordinovan\u00fdch pracovn\u00edkov, vr\u00e1tane tabu\u013eky platov duchovn\u00fdch. Diskutovali aj o dodatku k zmluv\u00e1m o transfere finan\u010dn\u00fdch prostriedkov pre Evanjelick\u00fa diakoniu, Ekumenick\u00fa radu cirkv\u00ed, V\u00fdchodn\u00fd a Z\u00e1padn\u00fd di\u0161trikt ECAV. V s\u00favislosti s Evanjelickou diakoniou bude t\u00e1to ot\u00e1zka op\u00e4tovne otvoren\u00e1 na najbli\u017e\u0161om zasadnut\u00ed GP.<\/p>\n\n\n\n<p>V r\u00e1mci rokovania boli schva\u013eovan\u00e9 aj \u017eiadosti o zahrani\u010dn\u00fa pomoc,pri\u010dom gener\u00e1lni presbyteri odporu\u010dili Prerozde\u013eovaciemu v\u00fdboru Hoffnung f\u0171r Osteuropa, na z\u00e1klade aktu\u00e1lnych mo\u017enost\u00ed, zv\u00e1\u017ei\u0165 z prostriedkov HfO 2021 podporu projektov v nasleduj\u00facom porad\u00ed: 1. VD: \u201eDiakonick\u00fd domov Elim \u2013 II. etapa rekon\u0161trukcie\u201c; 2. ZD: \u201eVM \u2013 Semin\u00e1re pre neordinovan\u00fdch\u201c; 3. ZD: \u201eVM \u2013 Festival chr\u00e1movej piesne Nitra 2021\u201c; 4. CZ Vr\u00fatky: \u201eObnova a rekon\u0161trukcia ev. zborov\u00e9ho domu\u201c; 5. CZ Poprad &#8211; Matejovce: \u201eRekon\u0161trukcia zb. a mis. Centra v Matejovciach\u201c; 6. CZ Uhorsk\u00e9: \u201eOprava b\u00fdvalej cirkevnej \u0161koly\u201c;<\/p>\n\n\n\n<p>Gener\u00e1lne presbyterstvo ECAV na Slovensku taktie\u017e odporu\u010dilo Evanjelickej cirkvi Stredn\u00e9ho Nemecka podpori\u0165 zo zdrojov EKM na rok 2021 nasledovn\u00e9 projekty: 1. VD: \u201eVydanie misijn\u00fdch materi\u00e1lov\u201c; 2. VD: \u201eStretnutie far\u00e1rskych rod\u00edn 2021\u201c; 3. VD: \u201eFestival chr\u00e1movej piesne\u201c; 4. ZD: \u201eEvanjeliza\u010dn\u00fd v\u00edkend 2021\u201c; 5. ZD: \u201eEkumenick\u00fd Kirchentag 2021, Frankfurt n\/Mohanom\u201c.<\/p>\n\n\n\n<p>V \u010fal\u0161\u00edch bodoch programu sa presbyteri vr\u00e1tili aj k t\u00e9mam rozoberan\u00fdm na decembrovom zasadnut\u00ed a rozhodli tak o obnoven\u00ed Ekumenick\u00e9ho v\u00fdboru a vydan\u00ed Evanjelick\u00e9ho spevn\u00edka.<\/p>\n\n\n\n<p>Schv\u00e1len\u00e1 bola aj predlo\u017een\u00e1Spr\u00e1va o stave periodika Slu\u017eba slova za rok 2020.<\/p>\n\n\n\n<p>Z h\u013eadiska person\u00e1lnych z\u00e1le\u017eitost\u00ed presbyterstvo ods\u00fahlasilo vyhl\u00e1senie v\u00fdberov\u00fdch konan\u00ed na riadite\u013ea Gener\u00e1lneho biskupsk\u00e9ho \u00faradu a riadite\u013ea Evanjelickej diakonie. Term\u00edn pod\u00e1vania prihl\u00e1\u0161ok ur\u010dilo do 31.3.2021.&nbsp;<\/p>\n\n\n\n<p>V bode r\u00f4zne, presbyteri stanovili riadny term\u00edn konania Synody ECAV na 2.-3. j\u00fala 2021 a ur\u010dili v pr\u00edpade potreby aj n\u00e1hradn\u00fd term\u00edn na 8.- 9. okt\u00f3bra 2021. Dlhodobo nepriazniv\u00e1 pandemick\u00e1 situ\u00e1cia tie\u017e prim\u00e4la gener\u00e1lnych presbyterov, ktor\u00ed sa stoto\u017enili s n\u00e1zorom organiza\u010dn\u00e9ho t\u00edmu, k rozhodnutiu presun\u00fa\u0165 konanie Evanjelick\u00e9ho festivalu na rok 2022.&nbsp;<\/p>\n\n\n\n<p>Prezentovan\u00e9 boli aj nov\u00e9 inform\u00e1cie o implement\u00e1cii Elektronick\u00e9ho informa\u010dn\u00e9ho syst\u00e9mu, ktor\u00e9 zobralo presbyterstvo na vedomie. Prerokovan\u00e9 a presbytermi prijat\u00e9 boli taktie\u017e stanovy a zakladate\u013esk\u00e1 zmluva o zalo\u017een\u00ed Asoci\u00e1cie evanjelick\u00fdch \u0161k\u00f4l Slovenska.<\/p>\n\n\n\n<p>Neut\u00edchaj\u00face verejn\u00e9 ataky skupiny \u013eud\u00ed viedli gener\u00e1lnych presbyterov ku zvoleniu jednotn\u00e9ho postupu, v zmysle zaviaza\u0165 predsedn\u00edctvo ECAV, aby prostredn\u00edctvom advok\u00e1tskej kancel\u00e1rie vykonalo potrebn\u00e9 pr\u00e1vne \u00fakony na ochranu cti, dobr\u00e9ho mena a dobrej povesti evanjelickej cirkvi a jej funkcion\u00e1rov.<\/p>\n\n\n\n<p>Najbli\u017e\u0161ie zasadnutie gener\u00e1lneho presbyterstva je ofici\u00e1lne napl\u00e1novan\u00e9 na 19.3.2021.<\/p>\n\n\n\n<p>Inform\u00e1cie maj\u00fa napom\u00f4c\u0165 otvorenosti a informovanosti v na\u0161ej cirkvi; o presnom znen\u00ed prijat\u00fdch uznesen\u00ed bud\u00fa dotknut\u00e9 COJ a osoby informovan\u00e9 \u00faradn\u00fdm postupom.<\/p>\n","protected":false},"excerpt":{"rendered":"<p>Z prv\u00e9ho zasadnutia GP ECAV v roku 2021 08.02.21 Zuzana Pol\u00e1kov\u00e1, sekretari\u00e1t ECAV Spravodajstvo Prv\u00e9 zasadnutie Gener\u00e1lneho presbyterstva ECAV na Slovensku v tomto roku sa konalo d\u0148a 29. janu\u00e1ra v online priestore prostredn\u00edctvom platformy ZOOM. Po prerokovan\u00ed plnenia uznesen\u00ed prijalo gener\u00e1lne presbyterstvo spr\u00e1vu o svojej \u010dinnosti za predch\u00e1dzaj\u00faci rok, ktor\u00fa posunulo na rokovanie synody. Gener\u00e1lne &#8230; <a title=\"Inform\u00e1cie z GP ECAV 2021\" class=\"read-more\" href=\"https:\/\/www.e-anjelik.sk\/index.php\/2021\/02\/09\/informacie-z-gp-ecav-2021\/\" aria-label=\"Pre\u010d\u00edtajte si viac o Inform\u00e1cie z GP ECAV 2021\">\u010c\u00edta\u0165 viac<\/a><\/p>\n","protected":false},"author":4,"featured_media":0,"comment_status":"open","ping_status":"open","sticky":false,"template":"","format":"standard","meta":{"footnotes":""},"categories":[193,73,177],"tags":[],"class_list":["post-34377","post","type-post","status-publish","format-standard","hentry","category-co-pisu-ini","category-ecav","category-gbu"],"_links":{"self":[{"href":"https:\/\/www.e-anjelik.sk\/index.php\/wp-json\/wp\/v2\/posts\/34377","targetHints":{"allow":["GET"]}}],"collection":[{"href":"https:\/\/www.e-anjelik.sk\/index.php\/wp-json\/wp\/v2\/posts"}],"about":[{"href":"https:\/\/www.e-anjelik.sk\/index.php\/wp-json\/wp\/v2\/types\/post"}],"author":[{"embeddable":true,"href":"https:\/\/www.e-anjelik.sk\/index.php\/wp-json\/wp\/v2\/users\/4"}],"replies":[{"embeddable":true,"href":"https:\/\/www.e-anjelik.sk\/index.php\/wp-json\/wp\/v2\/comments?post=34377"}],"version-history":[{"count":1,"href":"https:\/\/www.e-anjelik.sk\/index.php\/wp-json\/wp\/v2\/posts\/34377\/revisions"}],"predecessor-version":[{"id":34378,"href":"https:\/\/www.e-anjelik.sk\/index.php\/wp-json\/wp\/v2\/posts\/34377\/revisions\/34378"}],"wp:attachment":[{"href":"https:\/\/www.e-anjelik.sk\/index.php\/wp-json\/wp\/v2\/media?parent=34377"}],"wp:term":[{"taxonomy":"category","embeddable":true,"href":"https:\/\/www.e-anjelik.sk\/index.php\/wp-json\/wp\/v2\/categories?post=34377"},{"taxonomy":"post_tag","embeddable":true,"href":"https:\/\/www.e-anjelik.sk\/index.php\/wp-json\/wp\/v2\/tags?post=34377"}],"curies":[{"name":"wp","href":"https:\/\/api.w.org\/{rel}","templated":true}]}}