{"id":3438,"date":"2011-03-21T09:07:06","date_gmt":"2011-03-21T09:07:06","guid":{"rendered":"http:\/\/e-anjelik.sk\/?p=3438"},"modified":"2011-03-21T09:07:06","modified_gmt":"2011-03-21T09:07:06","slug":"hermann-miklas-je-opat-superintendentom-v-stajersku","status":"publish","type":"post","link":"https:\/\/www.e-anjelik.sk\/index.php\/2011\/03\/21\/hermann-miklas-je-opat-superintendentom-v-stajersku\/","title":{"rendered":"Hermann Miklas je op\u00e4\u0165 superintendentom v \u0160tajersku"},"content":{"rendered":"<p>V sobotu 19. marca t.r. zhroma\u017edenie superintendencie v Krottendorfe pri Weizi 70 hlasmi zo 75 odovzdan&yacute;ch hlasov nanovo potvrdilo v &uacute;rade doteraj&scaron;ieho superintendenta &Scaron;tajerska Evanjelickej cirkvi a.v. v Rak&uacute;sku &nbsp;Hermanna Miklasa, ktor&eacute;mu vypr&scaron;alo prv&eacute; volebn&eacute; obdobie. Miklas nemal&nbsp;protikandid&aacute;ta. &nbsp;Volebn&eacute; zhroma\u017edenie superintendencie pozost&aacute;va z deleg&aacute;tov v&scaron;etk&yacute;ch cirkevn&yacute;ch zborov, a to spolovice z ordinovan&yacute;ch a spolovice zo svetsk&yacute;ch deleg&aacute;tov.<\/p>\n<p>(<a href=\"http:\/\/www.evang.at\">www.evang.at<\/a>)<\/p>\n","protected":false},"excerpt":{"rendered":"<p>V sobotu 19. marca t.r. zhroma\u017edenie superintendencie v Krottendorfe pri Weizi 70 hlasmi zo 75 odovzdan&yacute;ch hlasov nanovo potvrdilo v &uacute;rade doteraj&scaron;ieho superintendenta &Scaron;tajerska Evanjelickej cirkvi a.v. v Rak&uacute;sku &nbsp;Hermanna Miklasa, ktor&eacute;mu vypr&scaron;alo prv&eacute; volebn&eacute; obdobie. Miklas nemal&nbsp;protikandid&aacute;ta. &nbsp;Volebn&eacute; zhroma\u017edenie superintendencie pozost&aacute;va z deleg&aacute;tov v&scaron;etk&yacute;ch cirkevn&yacute;ch zborov, a to spolovice z ordinovan&yacute;ch a spolovice zo &#8230; <a title=\"Hermann Miklas je op\u00e4\u0165 superintendentom v \u0160tajersku\" class=\"read-more\" href=\"https:\/\/www.e-anjelik.sk\/index.php\/2011\/03\/21\/hermann-miklas-je-opat-superintendentom-v-stajersku\/\" aria-label=\"Pre\u010d\u00edtajte si viac o Hermann Miklas je op\u00e4\u0165 superintendentom v \u0160tajersku\">\u010c\u00edta\u0165 viac<\/a><\/p>\n","protected":false},"author":22,"featured_media":0,"comment_status":"open","ping_status":"open","sticky":false,"template":"","format":"standard","meta":{"footnotes":""},"categories":[9,10],"tags":[],"class_list":["post-3438","post","type-post","status-publish","format-standard","hentry","category-europa","category-zo-sveta"],"_links":{"self":[{"href":"https:\/\/www.e-anjelik.sk\/index.php\/wp-json\/wp\/v2\/posts\/3438","targetHints":{"allow":["GET"]}}],"collection":[{"href":"https:\/\/www.e-anjelik.sk\/index.php\/wp-json\/wp\/v2\/posts"}],"about":[{"href":"https:\/\/www.e-anjelik.sk\/index.php\/wp-json\/wp\/v2\/types\/post"}],"author":[{"embeddable":true,"href":"https:\/\/www.e-anjelik.sk\/index.php\/wp-json\/wp\/v2\/users\/22"}],"replies":[{"embeddable":true,"href":"https:\/\/www.e-anjelik.sk\/index.php\/wp-json\/wp\/v2\/comments?post=3438"}],"version-history":[{"count":0,"href":"https:\/\/www.e-anjelik.sk\/index.php\/wp-json\/wp\/v2\/posts\/3438\/revisions"}],"wp:attachment":[{"href":"https:\/\/www.e-anjelik.sk\/index.php\/wp-json\/wp\/v2\/media?parent=3438"}],"wp:term":[{"taxonomy":"category","embeddable":true,"href":"https:\/\/www.e-anjelik.sk\/index.php\/wp-json\/wp\/v2\/categories?post=3438"},{"taxonomy":"post_tag","embeddable":true,"href":"https:\/\/www.e-anjelik.sk\/index.php\/wp-json\/wp\/v2\/tags?post=3438"}],"curies":[{"name":"wp","href":"https:\/\/api.w.org\/{rel}","templated":true}]}}