{"id":34407,"date":"2021-02-17T15:38:27","date_gmt":"2021-02-17T14:38:27","guid":{"rendered":"http:\/\/e-anjelik.sk\/?p=34407"},"modified":"2021-02-17T15:38:29","modified_gmt":"2021-02-17T14:38:29","slug":"evanjelik-bez-evanjelia","status":"publish","type":"post","link":"https:\/\/www.e-anjelik.sk\/index.php\/2021\/02\/17\/evanjelik-bez-evanjelia\/","title":{"rendered":"Evanjelik bez evanjelia"},"content":{"rendered":"\n<p>Evanjelik bez evanjelia! To znie zaiste divne. Mnoh\u00ed dokonca povedia, \u017ee je to nemo\u017en\u00e9. Ako by potom mohol by\u0165 evanjelik bez evanjelia? U\u017e to meno evanjelik vyd\u00e1va svedectvo, \u017ee je to nemo\u017en\u00e9. Predsa v\u0161ak, hoci sa to zd\u00e1 by\u0165 nemo\u017en\u00e9, je to tak: s\u00fa evanjelici bez evanjelia. A je ich mnoho. Ko\u013eko je medzi nami \u013eud\u00ed, ktor\u00ed sa naz\u00fdvaj\u00fa evanjelici a&nbsp;pritom evanjelium cel\u00fd rok nepo\u010d\u00favaj\u00fa a doma ho ne\u010d\u00edtaj\u00fa. Ale to im v\u00f4bec neprek\u00e1\u017ea, aby o sebe netvrdili, \u017ee s\u00fa evanjelici. A s\u00fa medzi nimi \u013eudia dobr\u00ed, \u00faprimn\u00ed, mnoh\u00ed sa aj k cirkvi hl\u00e1sia. A zase s\u00fa mnoh\u00ed, ktor\u00ed povedia: Ja nejdem cel\u00fd rok do kostola na slu\u017eby Bo\u017eie, P\u00e1novu bibliu ne\u010d\u00edtam, &nbsp;a tie\u017e som evanjelik. To po\u010dujeme ve\u013emi \u010dasto.<\/p>\n\n\n\n<p>Nad tak\u00fdmto stavom je potrebn\u00e9 sa v\u00e1\u017ene zamyslie\u0165.<\/p>\n\n\n\n<p>Nesta\u010d\u00ed vyrieknu\u0165 s\u00fad nad tak\u00fdmito vla\u017en\u00fdmi \u201eevanjelikmi\u201c, poveda\u0165 o nich, \u017ee nie s\u00fa evanjelikmi. Je potrebn\u00e9 sa ich uja\u0165 a vies\u0165 ich k slovu \u017eivota. Najprv je potrebn\u00e9 vedie\u0165, \u010do to znamen\u00e1 by\u0165 evanjelick\u00fdm kres\u0165anom. Pre\u010do pr\u00e1ve \u201eevanjelick\u00fdm\u201c kres\u0165anom? \u010co to znamen\u00e1? Na to n\u00e1m d\u00e1va odpove\u010f s\u00e1m P\u00e1n a n\u00e1\u0161 Spasite\u013e Je\u017ei\u0161 Kristus: <em>\u201ePok\u00e1nie \u010di\u0148te a&nbsp;verte v evanjelium.\u201c<\/em> (Mk 1, 15) A v t\u00fdchto slov\u00e1ch m\u00e1me jasn\u00fa odpove\u010f na ot\u00e1zku, pre\u010do sme evanjelick\u00fdmi kres\u0165anmi. Preto\u017ee ver\u00edme v evanjelium, a pod\u013ea neho riadime svoj \u017eivot. Veri\u0165 v evanjelium a \u010dini\u0165 pok\u00e1nie, to je na\u0161ou z\u00e1sadou. \u010co to znamen\u00e1 \u010dini\u0165 pok\u00e1nie? Ni\u010d in\u00e9, ne\u017e svoj \u017eivot obr\u00e1ti\u0165, v\u0161etky svoje skutky, v\u0161etko konanie, \u017eivot s\u00fakromn\u00fd aj verejn\u00fd podriadi\u0165 vplyvu evanjelia. Ak to \u010din\u00edme, potom m\u00f4\u017eeme o sebe poveda\u0165, \u017ee sme evanjelikmi.<\/p>\n\n\n\n<p>Ak m\u00e1me v\u0161ak pod\u013ea evanjelia \u017ei\u0165, v evanjeliu veri\u0165, jemu posv\u00e4cova\u0165 svoj \u017eivot, mus\u00edme evanjelium pozna\u0165, k tomu je v\u0161ak potrebn\u00e9 \u010d\u00edta\u0165 ho, po\u010d\u00fava\u0165 a zachov\u00e1va\u0165. Po\u010d\u00favanie k\u00e1zania evanjelia v&nbsp;chr\u00e1me raz za t\u00fd\u017ede\u0148, to nesta\u010d\u00ed. Je potrebn\u00e9 evanjelium \u010d\u00edta\u0165 denne. Ono mus\u00ed by\u0165 na\u0161im st\u00e1lym du\u0161evn\u00fdm pokrmom. Tak ako sa nesta\u010d\u00ed len raz za t\u00fd\u017ede\u0148 najes\u0165, tak tie\u017e nesta\u010d\u00ed len raz t\u00fd\u017edenne nas\u00fdti\u0165 svoju du\u0161u pokrmom \u017eivota, slovom Bo\u017e\u00edm. Je mnoho tak\u00fdch, ktor\u00ed sa uspokoja s t\u00fdm, \u017ee si vypo\u010duj\u00fa v nede\u013eu k\u00e1ze\u0148 v chr\u00e1me, a potom o evanjeliu zasa ni\u010d nepo\u010duj\u00fa a\u017e do bud\u00facej nedele. Aj o&nbsp;tak\u00fdch m\u00f4\u017eeme oby\u010dajne poveda\u0165, \u017ee s\u00fa evanjelikmi bez evanjelia. Len pozorujme \u017eivot tak\u00fdchto evanjelikov a potom mus\u00edme poveda\u0165: Tak\u00fd \u010dlovek si v nede\u013eu r\u00e1no oble\u010die evanjelick\u00fd kab\u00e1t, v nede\u013eu po bohoslu\u017eb\u00e1ch si ho vyzle\u010die a potom cel\u00fd t\u00fd\u017ede\u0148 nos\u00ed kab\u00e1t neevanjelick\u00fd, \u010di\u017ee in\u00fdmi slovami, je evanjelikom bez evanjelia. R\u00edmski k\u0148azi a mn\u00edsi s\u00fa viazan\u00ed pod \u0165a\u017ek\u00fdm hriechom odrieka\u0165 a \u010d\u00edta\u0165 denne svoj brevi\u00e1r. A&nbsp;naozaj to robia s ve\u013ekou svedomitos\u0165ou. Predsa v\u0161ak brevi\u00e1r nie je slovo Bo\u017eie, ale zbierka modlitieb vydan\u00e1 z&nbsp;rozkazu p\u00e1pe\u017ea. Ak\u00e9ho hriechu sa dop\u00fa\u0161\u0165a evanjelik, ktor\u00fd ne\u010d\u00edta slovo Bo\u017eie, P\u00edsmo sv\u00e4t\u00e9! Nie cirkev, ani p\u00e1pe\u017e, ale P\u00e1n Je\u017ei\u0161 n\u00e1m prikazuje \u010d\u00edta\u0165 evanjelium, n\u00e1s na evanjelium odkazuje, hovoriac: P\u00fdtajte sa na p\u00edsma, tie vyd\u00e1vaj\u00fa svedectvo o mne. V\u00e1\u017eme si toho vz\u00e1cneho pokladu, ak\u00fd m\u00e1me v evanjeliu. Spome\u0148me si, \u010do zak\u00fasili na\u0161i otcovia, ko\u013eko \u00fatrap a prenasledovania vytrpeli, ke\u010f nechceli by\u0165 evanjelikmi bez evanjelia, ke\u010f si priali denne \u010d\u00edta\u0165 slovo Bo\u017eie. Kto poh\u0155da \u010d\u00edtan\u00edm P\u00edsma, ten \u0161liape do prachu Knihu skropen\u00fa krvou svojich otcov.<\/p>\n\n\n\n<p>\u010c\u00edtajme ho ka\u017ed\u00fd de\u0148 vo svojich rodin\u00e1ch, nech je na\u0161im denn\u00fdm pokrmom. Nech nie je medzi nami jedinej rodiny, kde by sa denne nezhroma\u017e\u010fovali okolo slova Bo\u017eieho, a ho ne\u010d\u00edtali. Nech nem\u00e1me na stole len kr\u00e1sne viazan\u00e9 Slovo, ale vo svojom srdci zap\u00edsan\u00e9 p\u00edsmom nezmazate\u013en\u00fdm. N\u00e1\u0161 \u017eivot nech je \u017eiv\u00fdm k\u00e1zan\u00edm evanjelia \u2014 na\u0161e skutky jeho mocn\u00fdm ohlasom. Kto je evanjelik &#8211; ten nech je aj horliv\u00fd \u010ditate\u013e P\u00edsma \u2014 to nech je na\u0161im heslom. S t\u00fdmto predsavzat\u00edm oslavujme P\u00e1na. Neuspokojme sa iba s po\u010d\u00favan\u00edm evanjelia v nede\u013eu, ale ka\u017ed\u00fd de\u0148 o&nbsp;\u0148om vo svojich srdciach uva\u017eujme, aby sme v ka\u017edej chv\u00edli mohli poveda\u0165: <em>Na\u0161li sme Mesi\u00e1\u0161a, \u010do v&nbsp;preklade zna\u010d\u00ed Pomazan\u00fd (\u010di\u017ee Kristus).<\/em> Zvestujme ho aj in\u00fdm, t\u00fdm, ktor\u00ed ho nemaj\u00fa. Ako betlehemsk\u00ed pastieri \u0161li a zvestovali radostn\u00e9 posolstvo im povedan\u00e9 od anjela o Spasite\u013eovi, in\u00fdm zvestujme aj my, nielen slovom ale aj skutkom. Bu\u010fme mision\u00e1ri svojim \u017eivotom. Slov\u00e1 h\u00fdbu, pr\u00edklady tiahnu. Zvestujme ho tak, aby t\u00ed, ktor\u00ed n\u00e1s bud\u00fa po\u010d\u00fava\u0165, mohli poveda\u0165 slovami P\u00edsma: <em>\u010ci nehorelo v n\u00e1s srdce, ke\u010f n\u00e1m hovoril cestou a&nbsp;vysvet\u013eoval P\u00edsma? <\/em>(Lk 24, 32).<\/p>\n\n\n\n<p>Kie\u017e sme naozaj \u013eudom P\u00edsma, n\u00e1rodom p\u00edsmakov. Kde niet evanjelia, tam je pusto a pr\u00e1zdno. Skuto\u010dn\u00e9mu milovn\u00edkovi evanjelia \u017eiadna rados\u0165, \u017eiadny p\u00f4\u017eitok sveta, ani bohatstvo nem\u00f4\u017ee nahradi\u0165 evanjelium. \u017diadny poklad ho nevyv\u00e1\u017ei, \u017eiadna m\u00fadros\u0165 neprev\u00fd\u0161i. Luther hovor\u00ed: \u201e<em>Evanjelium znamen\u00e1 pr\u00fat a&nbsp;palicu \u00fatechy, preto\u017ee prin\u00e1\u0161a potechu v&nbsp;ka\u017edom strachu a&nbsp;smrte\u013en\u00fdch \u00fazkostiach, silu vo viere a&nbsp;povzbudenie v&nbsp;srdci.\u201c<\/em><\/p>\n\n\n\n<p>Brat a&nbsp;sestra, ak\u00fd evanjelik si ty? Ku ktor\u00e9mu zboru patr\u00ed\u0161, k tomu bez evanjelia, alebo k \u00faprimn\u00fdm milovn\u00edkom slova Bo\u017eieho, k evanjelikom v pravom zmysle slova?<\/p>\n\n\n\n<p>Ak sa hl\u00e1si\u0161 k tomu, \u017ee si evanjelik, dok\u00e1\u017e to aj skutkom. Evanjelik bez evanjelia je ako de\u0148 bez svetla, k\u013e\u00fa\u010d bez z\u00e1mky.<br>Ty otec a matka, bu\u010fte kazate\u013emi svojej vlastnej rodine. Syn a dc\u00e9ra, zvestuj evanjelium svojim rodi\u010dom. Na\u0161e rodiny, bu\u010fme Bet\u00e1niou, kam by P\u00e1n Je\u017ei\u0161 r\u00e1d preb\u00fdval so svojim slovom, kde by v\u0161etci sedeli pri Jeho noh\u00e1ch a po\u010d\u00favali ako M\u00e1ria. Blaho tomu, kto nach\u00e1dza pokoj du\u0161e v evanjeliu. Ono pre ka\u017ed\u00e9ho nie\u010do m\u00e1, nikoho nepust\u00ed, aby nebol pote\u0161en\u00fd, aby nezvolal: Pane, ku komu p\u00f4jdeme, Ty m\u00e1\u0161 slov\u00e1 ve\u010dn\u00e9ho \u017eivota!<\/p>\n\n\n\n<p>Pokoj V\u00e1m!!<\/p>\n","protected":false},"excerpt":{"rendered":"<p>Evanjelik bez evanjelia! To znie zaiste divne. Mnoh\u00ed dokonca povedia, \u017ee je to nemo\u017en\u00e9. Ako by potom mohol by\u0165 evanjelik bez evanjelia? U\u017e to meno evanjelik vyd\u00e1va svedectvo, \u017ee je to nemo\u017en\u00e9. Predsa v\u0161ak, hoci sa to zd\u00e1 by\u0165 nemo\u017en\u00e9, je to tak: s\u00fa evanjelici bez evanjelia. A je ich mnoho. Ko\u013eko je medzi nami &#8230; <a title=\"Evanjelik bez evanjelia\" class=\"read-more\" href=\"https:\/\/www.e-anjelik.sk\/index.php\/2021\/02\/17\/evanjelik-bez-evanjelia\/\" aria-label=\"Pre\u010d\u00edtajte si viac o Evanjelik bez evanjelia\">\u010c\u00edta\u0165 viac<\/a><\/p>\n","protected":false},"author":3,"featured_media":0,"comment_status":"open","ping_status":"open","sticky":false,"template":"","format":"standard","meta":{"footnotes":""},"categories":[73,22,195],"tags":[],"class_list":["post-34407","post","type-post","status-publish","format-standard","hentry","category-ecav","category-evanjelicka-identita","category-evanjelicke-slovensko"],"_links":{"self":[{"href":"https:\/\/www.e-anjelik.sk\/index.php\/wp-json\/wp\/v2\/posts\/34407","targetHints":{"allow":["GET"]}}],"collection":[{"href":"https:\/\/www.e-anjelik.sk\/index.php\/wp-json\/wp\/v2\/posts"}],"about":[{"href":"https:\/\/www.e-anjelik.sk\/index.php\/wp-json\/wp\/v2\/types\/post"}],"author":[{"embeddable":true,"href":"https:\/\/www.e-anjelik.sk\/index.php\/wp-json\/wp\/v2\/users\/3"}],"replies":[{"embeddable":true,"href":"https:\/\/www.e-anjelik.sk\/index.php\/wp-json\/wp\/v2\/comments?post=34407"}],"version-history":[{"count":2,"href":"https:\/\/www.e-anjelik.sk\/index.php\/wp-json\/wp\/v2\/posts\/34407\/revisions"}],"predecessor-version":[{"id":34409,"href":"https:\/\/www.e-anjelik.sk\/index.php\/wp-json\/wp\/v2\/posts\/34407\/revisions\/34409"}],"wp:attachment":[{"href":"https:\/\/www.e-anjelik.sk\/index.php\/wp-json\/wp\/v2\/media?parent=34407"}],"wp:term":[{"taxonomy":"category","embeddable":true,"href":"https:\/\/www.e-anjelik.sk\/index.php\/wp-json\/wp\/v2\/categories?post=34407"},{"taxonomy":"post_tag","embeddable":true,"href":"https:\/\/www.e-anjelik.sk\/index.php\/wp-json\/wp\/v2\/tags?post=34407"}],"curies":[{"name":"wp","href":"https:\/\/api.w.org\/{rel}","templated":true}]}}