{"id":34428,"date":"2021-02-28T11:33:21","date_gmt":"2021-02-28T10:33:21","guid":{"rendered":"http:\/\/e-anjelik.sk\/?p=34428"},"modified":"2021-03-05T15:20:22","modified_gmt":"2021-03-05T14:20:22","slug":"reminiscere","status":"publish","type":"post","link":"https:\/\/www.e-anjelik.sk\/index.php\/2021\/02\/28\/reminiscere\/","title":{"rendered":"Reminiscere"},"content":{"rendered":"\n<p><em>&nbsp; &nbsp; &nbsp; &nbsp; &nbsp; &nbsp; <\/em><strong>&nbsp; Reminiscere<\/strong><\/p>\n\n\n\n<p><em>Na srdce na\u0161e dnes<\/em><\/p>\n\n\n\n<p><em>s\u00e1m, Kriste oh\u013ead maj,<\/em><\/p>\n\n\n\n<p><em>slovom n\u00e1s s\u00fd\u0165 a h\u00e1j,<\/em><\/p>\n\n\n\n<p><em>mocou n\u00e1m po\u017eehnaj!<\/em><\/p>\n\n\n\n<p><em>Nech v pravde c\u00edtime,<\/em><\/p>\n\n\n\n<p><em>\u017ees n\u00e1\u0161, my Tvoji zas,<\/em><\/p>\n\n\n\n<p><em>\u010dujeme ten Tvoj hlas,<\/em><\/p>\n\n\n\n<p><em>ver\u00edme, spas\u00ed\u0161 n\u00e1s! Amen&nbsp; (M.R.)<\/em><\/p>\n\n\n\n<p><strong>1 M 12, 1 &#8211; 4 a:<\/strong><\/p>\n\n\n\n<p><strong>\u201c Hospodin riekol Abr\u00e1movi: vyjdi zo svojej krajiny, zo svojho pr\u00edbuzenstva i z domu svojho otca do krajiny, ktor\u00fa ti uk\u00e1\u017eem. (2) Urob\u00edm \u0165a ve\u013ek\u00fdm n\u00e1rodom, po\u017eehn\u00e1m \u0165a a tvoje meno zveleb\u00edm, tak stane\u0161 sa po\u017eehnan\u00edm. (3) \u017dehna\u0165 budem t\u00fdch, \u010do teba \u017eehnaj\u00fa, prek\u013eajem toho, \u010do tebe zlore\u010d\u00ed, a v tebe bud\u00fa po\u017eehnan\u00e9 v\u0161etky \u010delade zeme. (4 a) Vtedy Abr\u00e1m odi\u0161iel, ako mu prik\u00e1zal Hospodin\u201d.<\/strong><\/p>\n\n\n\n<p><em>&nbsp;&nbsp; <\/em>Mil\u00ed bratia a sestry!<\/p>\n\n\n\n<p>\u00a0\u00a0 Dovo\u013ete na \u00favod mal\u00fa osobn\u00fa spomienku: <em>Moje deti neradi chodili do \u0161k\u00f4lky. Jeden syn ma v\u017edy \u00fapenlivo prosil, aby som na obed ur\u010dite pri\u0161iel pre neho a odviedol ho domov. S\u00fadru\u017eka u\u010dite\u013eka to s\u00edce nemala rada, ale on pri l\u00fa\u010den\u00ed neust\u00e1le opakoval: Ocko, ale nezabudni! Pr\u00eddi\u2026!<\/em><\/p>\n\n\n\n<p><em>\u00a0 \u00a0 <\/em>Deti v\u017edy chc\u00fa ma\u0165 istotu, \u017ee to, \u010do im rodi\u010dia s\u013e\u00fabili, aj splnia a \u017ee v\u017edy bud\u00fa konan\u0165 pod\u013ea s\u013eubu, ktor\u00e9 de\u0165om dali. Aj v na\u0161om osobnom vz\u0165ahu k n\u00e1\u0161mu nebesk\u00e9mu Otcovi je to podobne. V\u017edy nanovo sa chceme uisti\u0165, \u017ee On nezabudne, ale spln\u00ed to, \u010do s\u013e\u00fabil. Potrebujeme istotu, \u017ee Jeho zas\u013e\u00fabenia st\u00e1le platia, \u017ee sa nezmenili a bud\u00fa naplnen\u00e9. Ak by predsa mal na nie\u010do P\u00e1n Boh zabudn\u00fa\u0165, tak len na jedno: toti\u017e na mno\u017estvo na\u0161ich v\u00edn a hriechov! To bol obsah \u017dalmistovej prosby k Hospodinu:<em> \u201c\u00d3 Hospodine, pam\u00e4taj na svoje z\u013eutovanie, na svoju milos\u0165; lebo tie s\u00fa od vekov\u201d<\/em>.\u00a0 ( \u017d 25, 6)\u00a0<\/p>\n\n\n\n<p>Z tejto prosby je vzat\u00fd aj n\u00e1zov dne\u0161nej druhej p\u00f4stnej nedele: <em>\u201cPam\u00e4taj\u2026rozpome\u0148 sa.., lat.Reminiscere\u2026\u201d<\/em>.&nbsp;<\/p>\n\n\n\n<p>&nbsp;&nbsp; &nbsp; Milos\u0165 je podstatou \u017eiv\u00e9ho Boha, ktor\u00fd je ve\u010dn\u00fd. My nie sme \u201cod ve\u010dnosti\u201d, ale sme stvoren\u00ed v \u010dase. To plat\u00ed o kres\u0165anskej cirkvi, pr\u00e1ve tak, ako o \u013eude, ktor\u00fd si Hospodin \u201cstvoril\u201d v Egypte a vyviedol ho svojou rukou do zeme zas\u013e\u00fabenej. Dejiny sp\u00e1sy, ktor\u00e9 sved\u010dia o Bo\u017eej milosti v\u0161ak za\u010d\u00ednaj\u00fa u\u017e povolan\u00edm Abrah\u00e1ma z Chaldejska, aby sa pr\u00e1ve on stal otcom n\u00e1roda, ktor\u00fd bude vyzn\u00e1va\u0165 vieru v Hospodina. Tak sa&nbsp; stal otcom viery a praotcom \u013eudu, ktor\u00fd t\u00fato vieru vyzn\u00e1val uprostred in\u00fdch n\u00e1rodov. Abrah\u00e1m nebol in\u00fd ako ostatn\u00ed \u013eudia a hrie\u0161nici. Plat\u00ed v\u0161ak o \u0148om to, \u010do apo\u0161tol Pavel povedal a vyznal s\u00e1m o sebe:<em> \u201cZ milosti Bo\u017eej som to, \u010do som a Bo\u017eia milos\u0165 nebola pri mne daromn\u00e1\u201d.<\/em> Hospodin v\u0161ak svoju milos\u0165 pon\u00faka v\u0161etk\u00fdm \u013eu\u010fom.&nbsp;<\/p>\n\n\n\n<p>&nbsp;&nbsp; &nbsp; &nbsp; &nbsp; &nbsp; &nbsp; &nbsp; &nbsp; &nbsp; &nbsp; &nbsp; &nbsp; &nbsp; &nbsp; &nbsp; &nbsp; &nbsp; &nbsp; &nbsp; &nbsp; <strong>On oslovuje i n\u00e1s:<\/strong><\/p>\n\n\n\n<p>&nbsp; &nbsp; &nbsp; &nbsp; &nbsp; &nbsp; &nbsp; &nbsp; &nbsp; &nbsp; &nbsp; &nbsp; &nbsp; &nbsp; &nbsp; &nbsp;<em> a &#8211; povol\u00e1va n\u00e1s k novote \u017eivota<\/em><\/p>\n\n\n\n<p><em>&nbsp;&nbsp; &nbsp; &nbsp; &nbsp; &nbsp; &nbsp; &nbsp; &nbsp; &nbsp; &nbsp; &nbsp; &nbsp; &nbsp; &nbsp; &nbsp; &nbsp; &nbsp; &nbsp; na svoje zas\u013e\u00fabenia pam\u00e4t\u00e1&nbsp;<\/em><\/p>\n\n\n\n<p><em>&nbsp;&nbsp; &nbsp; &nbsp; &nbsp; &nbsp; &nbsp; &nbsp; &nbsp; &nbsp; &nbsp; &nbsp; &nbsp; &nbsp; &nbsp; &nbsp; &nbsp; &nbsp; &nbsp; k sl\u00e1vnemu cie\u013eu n\u00e1s priv\u00e1dza.<\/em><\/p>\n\n\n\n<p><em>&nbsp; &nbsp; &nbsp; <\/em>Bratia a sestry v P\u00e1novi Je\u017ei\u0161ovi Kristovi!<\/p>\n\n\n\n<p>\u00a0\u00a0 \u00a0 \u00a0 Porozumie\u0165 Bo\u017eiemu osloveniu ktor\u00e9 dnes pre n\u00e1s m\u00e1 m\u00f4\u017eeme vtedy, ak spr\u00e1vne spozn\u00e1me to z\u00e1kladn\u00e9 Bo\u017eie rozhodnutie a povolanie, ktor\u00e9 zaznelo u\u017e Abrah\u00e1movi. Bolo to povolanie na cestu k za\u010diatku nov\u00e9ho \u013eudu, ktor\u00fd naz\u00fdvame \u013eud Bo\u017e\u00ed. Ten za\u010diatok nebol mo\u017en\u00fd inak, len t\u00fdm, \u017ee sa Abrah\u00e1m &#8211; p\u00f4vodn\u00fdm menom Abram, vymanil zo v\u0161etk\u00fdch star\u00fdch, polopohansk\u00fdch trad\u00edci\u00ed, ktor\u00fdmi bol sp\u00fatan\u00fd. Bola to nielen p\u00f4vodn\u00e1 krajina a jej kult\u00fara a viera, ale aj trad\u00edcia jeho rodiny a domu jeho otca. Preto mu zaznel pokyn: <em>V\u00fdjdi\u2026! <\/em>V Ch\u00e1rane, kde \u017eil, bol by iste dedi\u010dom v\u0161etk\u00e9ho, \u010do patrilo jeho otcovi Terachovi. Ale s hmotn\u00fdm dedi\u010dstvom by bol prij\u00edmal aj vieru, vtedy u\u017e preniknut\u00fa a pomie\u0161an\u00fa s poverami pohanov a okolit\u00fdch n\u00e1rodov. Bol to vplyv siln\u00fd a v pohanskom prostred\u00ed by sa mu neubr\u00e1nil. Potreboval nov\u00fa sk\u00fasenos\u0165 a nov\u00fa vieru, neza\u0165a\u017een\u00fa ni\u010d\u00edm z minulosti, \u010do by ju ohrozovalo a znehodnocovalo.<\/p>\n\n\n\n<p>&nbsp;&nbsp; Abrah\u00e1m, ktor\u00fd Bo\u017eie povolanie a zas\u013e\u00fabenie prijal, stal sa tak \u010dlovekom nielen s novou osobnou sk\u00fasenos\u0165ou, ale aj nosite\u013eom Bo\u017eieho po\u017eehnania, ktor\u00e1 patrilo jemu, ale aj jeho potomkom.&nbsp;<\/p>\n\n\n\n<p>&nbsp; &nbsp; Spolo\u010denstvo SZ, ktor\u00e1 sa Abrah\u00e1movou d\u00f4verou a poslu\u0161nos\u0165ou za\u010dalo rodi\u0165, u\u017e nebolo zalo\u017een\u00e9 na pokrvnej a rodovej pr\u00edslu\u0161nosti, ale na Bo\u017e\u00edch zas\u013e\u00fabeniach, ktor\u00e9 prijal. Patria t\u00fdm, ktor\u00ed sa k Abrah\u00e1movi hl\u00e1sia ako k svojmu praotcovi a s\u00fa pomkami jeho syna Iz\u00e1ka.&nbsp;<\/p>\n\n\n\n<p>\u00a0 \u00a0 \u00a0 A\u017e dodnes sme svedkami sporu, ktor\u00fd ved\u00fa medzi sebou \u017didia s potomkami prv\u00e9ho Abrah\u00e1movho syna, ktor\u00e9ho mal nie so svojou z\u00e1konitou man\u017eelkou S\u00e1rou, ale so slu\u017eobnou dievkou Hagarou. Ten sa volal Izmael a jeho potomstvo sa naz\u00fdva Izmaeliti. Izmael sa v\u0161ak nestal dedi\u010dom Bo\u017e\u00edch zas\u013e\u00faben\u00ed. L\u00ednia po\u017eehnania n\u00e1rodov zeme nejde cez Izmaela, ale cez Iz\u00e1ka. Darmo sa Izmaeliti &#8211; dnes vyznava\u010di islamu, hl\u00e1sia k Abrah\u00e1movi ako k praotcovi, ke\u010f jeho vieru neprijali a tak odvrhli aj po\u017eehnanie, ktor\u00e9 je s darom tejto viery spojen\u00e9. Darmo si vynucuj\u00fa v celom svete pozornos\u0165 n\u00e1siln\u00fdmi skutkami a nadamo sa vyhlasuj\u00fa za prav\u00e9 Bo\u017eie deti.<\/p>\n\n\n\n<p>\u00a0 \u00a0 \u00a0 Nie \u017ee by nemohol by\u0165 spasen\u00fd aj potomok Izmaela. Aj pre tak\u00e9ho &#8211; ako pre v\u0161etk\u00fdch \u013eud\u00ed, je tu v\u0161ak iba jedna Cesta, Pravda a \u017divot. V s\u00fa\u010dasnosti mnoh\u00ed moslimi s\u00edce op\u00fa\u0161\u0165aj\u00fa svoju domovinu &#8211;\u00a0 ale nie svoju kult\u00faru a svoje n\u00e1bo\u017eenstvo. Konaj\u00fa aj mesa\u010dn\u00fd p\u00f4st &#8211; ramad\u00e1n, modlia sa 5 kr\u00e1t denne a v Meke kame\u0148uj\u00fa satana, ale to s\u00fa iba zbyto\u010dn\u00e9 a m\u00e1rne skutky. Jedna \u010das\u0165 islamu &#8211; tzv.\u0161\u00editi podstupuj\u00fa na svoj sviatok aj bi\u010dovanie, sebatr\u00fdznenie, in\u00ed bojuj\u00fa krvavo proti \u017didom i kres\u0165anom &#8211; ale \u017eiaden \u013eudsk\u00fd skutok nem\u00f4\u017ee vies\u0165 k sp\u00e1se. Ceska k sp\u00e1se vedie len cez Toho, ktor\u00fd je potomkom ABRAH\u00c1MA, IZ\u00c1KA A J\u00c1KOBA, ktor\u00fd na narodil v plnosti \u010dasu a potom trpel a bol bi\u010dovan\u00fd za n\u00e1s. Ktor\u00fd porazil satana slovom Bo\u017e\u00edm a evanjeliom, mocou Bo\u017eou, a ktor\u00fd n\u00e1s povol\u00e1va k novote \u017eivota, pod\u013ea svojho pr\u00edkladu.<\/p>\n\n\n\n<p>&nbsp;&nbsp; I ke\u010f bol pokrvn\u00fdm potomkom Abrah\u00e1ma iba jeden syn, toti\u017e Iz\u00e1k, duchovn\u00e9 potomstvo pravej viery je ve\u013ek\u00e9. Naplnilo sa tak slovo a zas\u013e\u00fabenie Bo\u017eie: <em>\u201cUrob\u00edm \u0165a ve\u013ek\u00fdm n\u00e1rodom, po\u017eehn\u00e1m \u0165a&nbsp; a tvoje meno zveleb\u00edm, tak stane\u0161 sa po\u017eehnan\u00edm. \u017dehna\u0165 budem t\u00fdch, \u010do teba \u017eehnaj\u00fa, prek\u013eajem toho, \u010do tebe zlore\u010d\u00ed, a v tebe bud\u00fa po\u017eehnan\u00e9 v\u0161etky \u010delade zeme.\u201d &nbsp;<\/em><\/p>\n\n\n\n<p><em>&nbsp;&nbsp; &nbsp; <\/em>Toto slovo sa naplnilo v Je\u017ei\u0161ovi Kristovi, vo vtelenom Bo\u017eom Synovi. Pre n\u00e1s je nov\u00fdm za\u010diatkom nov\u00e9ho \u017eivota Krst sv\u00e4t\u00fd, ktor\u00fd sa kon\u00e1 v meno Boha Otca, Syna i Ducha Sv\u00e4t\u00e9ho. V \u0148om sme za\u010dlenen\u00fd do duchovn\u00e9ho spolo\u010denstva cirkvi a ako Bo\u017eie deti sme sa stali dedi\u010dmi ve\u013ek\u00fdch Bo\u017e\u00edch zas\u013e\u00faben\u00ed.<\/p>\n\n\n\n<p>\u00a0 \u00a0 Dedi\u010dstvo, ktor\u00e9 je n\u00e1m v Krste Je\u017ei\u0161ovom pririeknut\u00e9 a zas\u013e\u00faben\u00e9 je trvalo plat\u00e9. Znamen\u00e1 odpustenie hriechov pre a skrze Krista, n\u00e1\u0161ho P\u00e1na, pre Jeho z\u00e1sluhy. Preto sa k tomuto prav\u00e9mu potomkovi Abrah\u00e1ma obraciame v\u017edy s d\u00f4verou a prosbou: <em>\u201cBar\u00e1nok Bo\u017e\u00ed, ktor\u00fd sn\u00edma\u0161 hriech sveta, zmiluj sa na nami!\u201d <\/em>Pok\u00e1nie a jeho najpote\u0161itelnej\u0161ia \u010das\u0165 &#8211; zves\u0165 o odpusten\u00ed hriechov a dar prav\u00e9ho pokrmu a n\u00e1poja je povzbuden\u00edm vo viere, \u017ee Otec nebesk\u00fd i n\u00e1\u0161 P\u00e1n na svoje s\u013euby pam\u00e4t\u00e1. Pam\u00e4t\u00e1 na svoje z\u013eutovanie a milos\u0165, lebo tie s\u00fa od vekov.\u00a0<\/p>\n\n\n\n<p>&nbsp; &nbsp; Bratia a sestry,<\/p>\n\n\n\n<p>&nbsp; &nbsp; mo\u017eno sa pr\u00e1ve pri t\u00fdchto Bo\u017e\u00edch s\u013euboch c\u00edtime niekedy zneisten\u00ed, ke\u010f pozn\u00e1vame na\u0161u slabos\u0165 pri plnen\u00ed na\u0161ich vlastn\u00fdch s\u013eubov. Pr\u00edslovie hovor\u00ed: Pod\u013ea seba s\u00fadim teba! &#8211; ale \u010do je hor\u0161ie, \u017ee pod\u013ea na\u0161ej neschopnosti kona\u0165 skutky l\u00e1sky s\u00fadime aj P\u00e1na Boha, toti\u017e Jeho milos\u0165, o ktorej niekedy pochybujeme. (Azda ako Abram, ktor\u00fd kr\u00e1\u010dal na vrch Morija so syn\u010dekom Iz\u00e1kom\u2026) Mo\u017eno pochybujeme o dostato\u010dnosti z\u00e1sluh n\u00e1\u0161ho P\u00e1na a preto Ho nepros\u00edme, nevz\u00fdvame a ned\u00f4verujeme Jeho s\u013eubu o na\u0161ej sp\u00e1se. Je tu aj dnes chv\u00ed\u013ea, aby sme sa v d\u00f4vere v Bo\u017eiu milos\u0165, v Jeho&nbsp; z\u013eutovanie povzbudili a posilnili, a tak aj v d\u00f4vere v sl\u00e1vnu bud\u00facnos\u0165 vyk\u00fapen\u00fdch Bo\u017e\u00edch det\u00ed.&nbsp;<\/p>\n\n\n\n<p>&nbsp; &nbsp; Tak, ako Hospodin priviedol k dobr\u00e9mu cie\u013eu cesty Abrah\u00e1ma a jeho rodinu, tak Hospodin pln\u00ed v\u0161etky svoje zas\u013e\u00fabenia. Mnoh\u00e9 sa u\u017e v na\u0161om \u017eivote naplnili a na naplnenie toho najsl\u00e1vnej\u0161ieho o Je\u017ei\u0161ovom druhom pr\u00edchode verne \u010dak\u00e1me. D\u00f4verujme a majme pevn\u00fa n\u00e1dej v Trpiaceho, ale aj Vzkriesen\u00e9ho Je\u017ei\u0161a Krista, n\u00e1\u0161ho P\u00e1na. Kto ver\u00ed v Neho, bude \u017ei\u0165, aj keby umrel. &#8211; Kto d\u00fafa v Neho, nebude zahanben\u00fd ani dnes, ani na poslednom s\u00fade. Amen<\/p>\n\n\n\n<p>&nbsp; &nbsp; &nbsp; &nbsp; &nbsp; &nbsp; &nbsp; &nbsp; &nbsp; &nbsp; &nbsp; &nbsp; &nbsp; &nbsp; &nbsp; &nbsp; &nbsp; &nbsp; &nbsp; &nbsp; &nbsp; &nbsp; &nbsp; &nbsp; &nbsp; &nbsp; &nbsp; &nbsp; &nbsp; &nbsp; &nbsp; &nbsp; &nbsp; &nbsp; &nbsp; &nbsp; &nbsp; &nbsp; \u013dubom\u00edr Batka st.<\/p>\n","protected":false},"excerpt":{"rendered":"<p>&nbsp; &nbsp; &nbsp; &nbsp; &nbsp; &nbsp; &nbsp; Reminiscere Na srdce na\u0161e dnes s\u00e1m, Kriste oh\u013ead maj, slovom n\u00e1s s\u00fd\u0165 a h\u00e1j, mocou n\u00e1m po\u017eehnaj! Nech v pravde c\u00edtime, \u017ees n\u00e1\u0161, my Tvoji zas, \u010dujeme ten Tvoj hlas, ver\u00edme, spas\u00ed\u0161 n\u00e1s! Amen&nbsp; (M.R.) 1 M 12, 1 &#8211; 4 a: \u201c Hospodin riekol Abr\u00e1movi: vyjdi zo &#8230; <a title=\"Reminiscere\" class=\"read-more\" href=\"https:\/\/www.e-anjelik.sk\/index.php\/2021\/02\/28\/reminiscere\/\" aria-label=\"Pre\u010d\u00edtajte si viac o Reminiscere\">\u010c\u00edta\u0165 viac<\/a><\/p>\n","protected":false},"author":4,"featured_media":0,"comment_status":"open","ping_status":"open","sticky":false,"template":"","format":"standard","meta":{"footnotes":""},"categories":[548,121,6],"tags":[],"class_list":["post-34428","post","type-post","status-publish","format-standard","hentry","category-2-postna-nedela","category-kazne","category-myjavsky-seniorat"],"_links":{"self":[{"href":"https:\/\/www.e-anjelik.sk\/index.php\/wp-json\/wp\/v2\/posts\/34428","targetHints":{"allow":["GET"]}}],"collection":[{"href":"https:\/\/www.e-anjelik.sk\/index.php\/wp-json\/wp\/v2\/posts"}],"about":[{"href":"https:\/\/www.e-anjelik.sk\/index.php\/wp-json\/wp\/v2\/types\/post"}],"author":[{"embeddable":true,"href":"https:\/\/www.e-anjelik.sk\/index.php\/wp-json\/wp\/v2\/users\/4"}],"replies":[{"embeddable":true,"href":"https:\/\/www.e-anjelik.sk\/index.php\/wp-json\/wp\/v2\/comments?post=34428"}],"version-history":[{"count":3,"href":"https:\/\/www.e-anjelik.sk\/index.php\/wp-json\/wp\/v2\/posts\/34428\/revisions"}],"predecessor-version":[{"id":34442,"href":"https:\/\/www.e-anjelik.sk\/index.php\/wp-json\/wp\/v2\/posts\/34428\/revisions\/34442"}],"wp:attachment":[{"href":"https:\/\/www.e-anjelik.sk\/index.php\/wp-json\/wp\/v2\/media?parent=34428"}],"wp:term":[{"taxonomy":"category","embeddable":true,"href":"https:\/\/www.e-anjelik.sk\/index.php\/wp-json\/wp\/v2\/categories?post=34428"},{"taxonomy":"post_tag","embeddable":true,"href":"https:\/\/www.e-anjelik.sk\/index.php\/wp-json\/wp\/v2\/tags?post=34428"}],"curies":[{"name":"wp","href":"https:\/\/api.w.org\/{rel}","templated":true}]}}