{"id":34431,"date":"2021-03-02T18:31:43","date_gmt":"2021-03-02T17:31:43","guid":{"rendered":"http:\/\/e-anjelik.sk\/?p=34431"},"modified":"2021-03-02T18:31:44","modified_gmt":"2021-03-02T17:31:44","slug":"milujme-svoju-cirkev","status":"publish","type":"post","link":"https:\/\/www.e-anjelik.sk\/index.php\/2021\/03\/02\/milujme-svoju-cirkev\/","title":{"rendered":"Milujme svoju cirkev!"},"content":{"rendered":"\n<p>\u010co si prajeme? Nem\u00e1me vr\u00facnej\u0161ie \u017eelanie ne\u017e to, aby ka\u017ed\u00fd z n\u00e1s viac ako doteraz miloval svoju evanjelick\u00fa cirkev.<\/p>\n\n\n\n<p>\u017dijeme v dobe, ktor\u00e1 je pln\u00e1 proticirkevn\u00fdch hesiel, ba aj protin\u00e1bo\u017eensk\u00fdch. \u010casto po\u010d\u00favame re\u010di, akoby u\u017e viac cirkev dnes nebola potrebn\u00e1. Kto sa e\u0161te k cirkvi hl\u00e1si a&nbsp;patr\u00ed k nej, b\u00fdva vyhlasovan\u00fd za \u010dloveka menej v\u00e1\u017een\u00e9ho, ni\u017e\u0161ieho. Proti tak\u00fdmto smerom je n\u00e1m treba zauja\u0165 stanovisko a to \u010do najrozhodnej\u0161ie. To znamen\u00e1: nie im uh\u00fdba\u0165, nie ich ignorova\u0165, ale v\u0161\u00edma\u0165 si ich a d\u00f4sledne im \u010deli\u0165. Ani vyt\u00fdkanie povrchn\u00fdch, plytk\u00fdch a telesn\u00fdch \u013eud\u00ed nenechajme bez pov\u0161imnutia. Cirkev je verejnou in\u0161tit\u00faciou. A&nbsp;tak\u00e1 je podroben\u00e1 prirodzenej kritike. Tu s\u00edce mus\u00edme pripusti\u0165, ale nesmieme dopusti\u0165, aby na\u0161a evanjelick\u00e1 cirkev bola d\u00e1van\u00e1 na \u00farove\u0148 s ka\u017edou inou cirkvou alebo sektou, a aby jej snahy boli z\u013eah\u010dovan\u00e9 a zni\u017eovan\u00e9.<\/p>\n\n\n\n<p>Evanjelick\u00e1 cirkev m\u00e1 mravn\u00e9 a duchovn\u00e9 \u00falohy, ako jej to ur\u010duje Kristovo evanjelium. Pre tie mus\u00ed nasadi\u0165 v\u0161etko, a ke\u010f to kon\u00e1, potom si zasl\u00fa\u017ei, aby ka\u017ed\u00fd kto k nej patr\u00ed s \u0148ou solid\u00e1rne postupoval, h\u00e1jil ju a&nbsp;napom\u00e1hal jej k uskuto\u010dneniu cie\u013ea.<\/p>\n\n\n\n<p>Ona stavia jedine na Kristu; Jeho u\u010denie, z\u00e1sady a Duch s\u00fa pre \u0148u smerodajn\u00e9. Ona vn\u00e1\u0161a svetlo do tmy povery a nevery. V\u017edy bola a je priate\u013eom pokroku. N\u00e1\u0161mu n\u00e1rodu dala t\u00fdch najlep\u0161\u00edch mu\u017eov a \u017eeny. Vytvorila n\u00e1rodu sl\u00e1vne dejiny. A&nbsp;doposia\u013e obetavo pracuje na mravnom a duchovnom rozvoji n\u00e1\u0161ho n\u00e1roda. Sympatie najv\u00e4\u010d\u0161\u00edch a&nbsp;najv\u00e1\u017enej\u0161\u00edch \u013eud\u00ed s\u00fa na jej strane. Nu\u017e, milujme ju!<\/p>\n\n\n\n<p>Na\u0161a evanjelick\u00e1 cirkev m\u00e1 za sebou mnoho utrpenia. Nikto pre slobodu svedomia, pre najvy\u0161\u0161ie idey a&nbsp;duchovn\u00e9 statky to\u013eko netrpel ako slovensk\u00fd evanjelik. Na\u0161a cirkev \u2014 tak smieme pr\u00e1vom poveda\u0165 \u2014 je cirkvou mu\u010den\u00edckou, cirkvou bohatierov. Nie je n\u00e1m t\u00e1to minulos\u0165 mocnou pohn\u00fatkou, aby sme ju zo srdca milovali?<\/p>\n\n\n\n<p>Na\u0161a evanjelick\u00e1 cirkev je \u013eudovou cirkvou, jej organiz\u00e1cia a zriadenie to nasved\u010duje; s\u00e1m \u013eud rozhoduje o cirkevno-n\u00e1bo\u017eensk\u00fdch z\u00e1le\u017eitostiach. Ak\u00e1 in\u00e1 cirkev to smie o sebe poveda\u0165? Nie je to nov\u00fd d\u00f4vod, aby sme na osudoch takejto cirkvi mali \u010do naj\u017eiv\u0161\u00ed z\u00e1ujem? Nie politicky. Evanjelick\u00e1 cirkev sa politikou nikdy nezaoberala a\u00a0nem\u00e1 tak\u00e9 pl\u00e1ny ani do bud\u00facna. Pre \u0148u je tich\u00e1 a vern\u00e1 duchovn\u00e1 pr\u00e1ca nado v\u0161etko! Preto milujte ju!<\/p>\n\n\n\n<p>Evanjelick\u00e1 cirkev m\u00e1 mnoho nepriate\u013eov (\u017eia\u013e aj \u201evn\u00fatorn\u00fdch\u201c). Stret\u00e1va sa u ve\u013ekej \u010dasti n\u00e1\u0161ho \u013eudu s neporozumen\u00edm. Od vekov je jej nepriate\u013e R\u00edm. Tak ako sa pri istej pr\u00edle\u017eitosti trochu neopatrne vyjadril r\u00edmsky k\u0148az: \u201eKeby len ten skazonosn\u00fd protestantizmus bol vyhladen\u00fd zo sveta.\u201c \u2014 Na to mu dal trefn\u00fa odpove\u010f pr\u00edtomn\u00fd protestant: \u201eTo m\u00f4\u017eete ve\u013emi \u013eahko docieli\u0165 p\u00e1n far\u00e1r, u\u010di\u0148te obsah a&nbsp;jadro v\u0161etk\u00fdch va\u0161ich k\u00e1zn\u00ed slovo Bo\u017eie a&nbsp;dajte do centra Je\u017ei\u0161a: A&nbsp;nieto spasenia v&nbsp;nikom inom, lebo nebolo dan\u00e9 pre \u013eud\u00ed in\u00e9 meno pod nebom, v&nbsp;ktorom by sme mali d\u00f4js\u0165 spasenia, ne\u017e jedine meno Je\u017ei\u0161a Krista! (porov. Sk 4, 12) \u2014 a nebude \u017eiadny protestant viac protestova\u0165.\u201c S&nbsp;vyp\u00e4t\u00edm v\u0161etk\u00fdch s\u00edl sa mus\u00ed br\u00e1ni\u0165, aby od neho nebola zn\u00e1silnen\u00e1. Preto ju milujte!<\/p>\n\n\n\n<p>V na\u0161ej vlasti je v men\u0161ine. Po\u010d\u00edta\u0165 mus\u00ed s ka\u017edou du\u0161ou, ka\u017ed\u00fd jedinec pre \u0148u mnoho znamen\u00e1. Ka\u017ed\u00fd dom je pre \u0148u d\u00f4le\u017eit\u00fdm st\u013apom. Nedopus\u0165te, aby va\u0161ou vla\u017enos\u0165ou a \u013eahostajnos\u0165ou mala zranenia, \u0161kody a ujmy! Milujte ju a&nbsp;starajte sa o&nbsp;to nech rastie, nech v\u017edy \u010falej a \u010falej pos\u00fava svoje str\u00e1\u017ee, nech sa v\u017edy viac a viac \u0161\u00edri a z nej vy\u017earuje a prenik\u00e1 do verejnosti evanjelick\u00fd \u017eivot!<\/p>\n\n\n\n<p>Podporujte svoju cirkev v jej dobrom sna\u017een\u00ed a diele, horlivo sa z\u00fa\u010dast\u0148ujte na jej pr\u00e1ci, berte \u017eiv\u00fd podiel na jej osudoch! Miluj\u00fac svoju rodn\u00fa cirkev- milujete seba sam\u00fdch; upev\u0148uj\u00fac p\u00f4du svojej cirkvi- upev\u0148ujete dobro, pokrok, pravdu, spravodlivos\u0165, Bo\u017eie kr\u00e1\u013eovstvo! Rados\u0165 z cirkevn\u00fdch \u00faspechov bude va\u0161a najlep\u0161ia rados\u0165!<\/p>\n\n\n\n<p>Pokoj V\u00e1m!!<\/p>\n","protected":false},"excerpt":{"rendered":"<p>\u010co si prajeme? Nem\u00e1me vr\u00facnej\u0161ie \u017eelanie ne\u017e to, aby ka\u017ed\u00fd z n\u00e1s viac ako doteraz miloval svoju evanjelick\u00fa cirkev. \u017dijeme v dobe, ktor\u00e1 je pln\u00e1 proticirkevn\u00fdch hesiel, ba aj protin\u00e1bo\u017eensk\u00fdch. \u010casto po\u010d\u00favame re\u010di, akoby u\u017e viac cirkev dnes nebola potrebn\u00e1. Kto sa e\u0161te k cirkvi hl\u00e1si a&nbsp;patr\u00ed k nej, b\u00fdva vyhlasovan\u00fd za \u010dloveka menej v\u00e1\u017een\u00e9ho, &#8230; <a title=\"Milujme svoju cirkev!\" class=\"read-more\" href=\"https:\/\/www.e-anjelik.sk\/index.php\/2021\/03\/02\/milujme-svoju-cirkev\/\" aria-label=\"Pre\u010d\u00edtajte si viac o Milujme svoju cirkev!\">\u010c\u00edta\u0165 viac<\/a><\/p>\n","protected":false},"author":3,"featured_media":0,"comment_status":"open","ping_status":"open","sticky":false,"template":"","format":"standard","meta":{"footnotes":""},"categories":[73,22,195,38],"tags":[],"class_list":["post-34431","post","type-post","status-publish","format-standard","hentry","category-ecav","category-evanjelicka-identita","category-evanjelicke-slovensko","category-pravoverne-ucenie"],"_links":{"self":[{"href":"https:\/\/www.e-anjelik.sk\/index.php\/wp-json\/wp\/v2\/posts\/34431","targetHints":{"allow":["GET"]}}],"collection":[{"href":"https:\/\/www.e-anjelik.sk\/index.php\/wp-json\/wp\/v2\/posts"}],"about":[{"href":"https:\/\/www.e-anjelik.sk\/index.php\/wp-json\/wp\/v2\/types\/post"}],"author":[{"embeddable":true,"href":"https:\/\/www.e-anjelik.sk\/index.php\/wp-json\/wp\/v2\/users\/3"}],"replies":[{"embeddable":true,"href":"https:\/\/www.e-anjelik.sk\/index.php\/wp-json\/wp\/v2\/comments?post=34431"}],"version-history":[{"count":1,"href":"https:\/\/www.e-anjelik.sk\/index.php\/wp-json\/wp\/v2\/posts\/34431\/revisions"}],"predecessor-version":[{"id":34433,"href":"https:\/\/www.e-anjelik.sk\/index.php\/wp-json\/wp\/v2\/posts\/34431\/revisions\/34433"}],"wp:attachment":[{"href":"https:\/\/www.e-anjelik.sk\/index.php\/wp-json\/wp\/v2\/media?parent=34431"}],"wp:term":[{"taxonomy":"category","embeddable":true,"href":"https:\/\/www.e-anjelik.sk\/index.php\/wp-json\/wp\/v2\/categories?post=34431"},{"taxonomy":"post_tag","embeddable":true,"href":"https:\/\/www.e-anjelik.sk\/index.php\/wp-json\/wp\/v2\/tags?post=34431"}],"curies":[{"name":"wp","href":"https:\/\/api.w.org\/{rel}","templated":true}]}}