{"id":34445,"date":"2021-03-05T20:43:03","date_gmt":"2021-03-05T19:43:03","guid":{"rendered":"http:\/\/e-anjelik.sk\/?p=34445"},"modified":"2021-03-05T20:43:03","modified_gmt":"2021-03-05T19:43:03","slug":"kedy-vidime-spravne","status":"publish","type":"post","link":"https:\/\/www.e-anjelik.sk\/index.php\/2021\/03\/05\/kedy-vidime-spravne\/","title":{"rendered":"Kedy vid\u00edme spr\u00e1vne?"},"content":{"rendered":"\n<p><strong>&nbsp; &nbsp; &nbsp; &nbsp; &nbsp; &nbsp; &nbsp; &nbsp; &nbsp; &nbsp; &nbsp; &nbsp; &nbsp; Kedy vid\u00edme spr\u00e1vne?<\/strong><\/p>\n\n\n\n<p><em>Viac nie sme tmou, le\u017e svetlo v&nbsp;P\u00e1nu,<\/em><\/p>\n\n\n\n<p><em>Neberme nadarmo, milos\u0165 n\u00e1m dan\u00fa.<\/em><\/p>\n\n\n\n<p><em>Nech\u017ee sa duch n\u00e1\u0161, jak n\u00e1le\u017e\u00ed, post\u00ed,<\/em><\/p>\n\n\n\n<p><em>v&nbsp;dobrote, pravde a spravodlivosti. Amen (M.R.)<\/em><\/p>\n\n\n\n<p><strong>J 9, 35 \u2013 42:<\/strong><\/p>\n\n\n\n<p><strong><em>&nbsp;&nbsp; <\/em><\/strong><em>\u201c&nbsp;I po\u010dul Je\u017ei\u0161, \u017ee ho vyhodili, a ke\u010f ho na\u0161iel, riekol mu: Ver\u00ed\u0161 v Syna \u010dloveka? (36) Onen odpovedal takto: A kto je to, Pane, aby som veril v Neho? (37)&nbsp;Riekol mu Je\u017ei\u0161: Ve\u010f si Ho videl; to je on, \u010do hovor\u00ed s tebou. (38) A on povedal: Ver\u00edm,Pane! a kla\u0148al sa Mu. (39) Tu povedal Je\u017ei\u0161: S\u00fadi\u0165 som pri\u0161iel na tento svet, aby videli, ktor\u00ed nevidi, a aby oslepli, ktor\u00ed vidia. (40) Po\u010duli to farizeji, ktor\u00ed boli s N\u00edm, a povedali Mu:&nbsp; \u010ci sme aj my slep\u00ed? (41) Riekol im Je\u017ei\u0161: Keby ste boli slep\u00ed, nemali by ste hriechu; vy v\u0161ak hovor\u00edte: Vid\u00edme.- V\u00e1\u0161 hriech zost\u00e1va\u201d. Amen<\/em><\/p>\n\n\n\n<p><strong><em>&nbsp;<\/em><\/strong>Bratia a&nbsp;sestry v&nbsp;P\u00e1nu!<\/p>\n\n\n\n<p>&nbsp;&nbsp; Na \u00favod mi dovo\u013ete pripomen\u00fa\u0165 jednu historick\u00fa udalos\u0165, ktor\u00e1 n\u00e1m posl\u00fa\u017ei ako pr\u00edklad. M\u00e1m na mysli bitku na Bielej hore, ktor\u00e1 sa odohrala pre 401 rokmi pred br\u00e1nami Prahy. T\u00e1to bitka trvala len nie\u010do vy\u0161e hodiny, ale priniesla v\u00fdsledok, ktor\u00fd na cel\u00e9 roky,&nbsp;ba a\u017e na dve &#8211; tri storo\u010dia pozna\u010dil dejiny mili\u00f3nov \u013eud\u00ed. V&nbsp;tom \u010dase ju v\u0161ak ani porazen\u00ed, ani v\u00ed\u0165azi takto nevideli a&nbsp;nevn\u00edmali, sk\u00f4r ju videli len ako jednu bitku z&nbsp;mnoh\u00fdch. Nesk\u00f4r sa uk\u00e1zalo, \u017ee pre porazen\u00fdch bola ve\u013ek\u00fdm ne\u0161\u0165ast\u00edm a&nbsp;pre druh\u00fa stranu mo\u017enos\u0165ou uk\u00e1za\u0165, \u017ee \u201ev\u00ed\u0165az berie v\u0161etko\u201c. Nasledovali krut\u00e9 udalosti na Staromestskom n\u00e1mest\u00ed a potom zn\u00e1ma 30 ro\u010dn\u00e1 vojna, ktor\u00e1 zmietla polovicu obyvate\u013estva v&nbsp;\u010cech\u00e1ch. Nasledovalo nemilosrdn\u00e9 prenasledovanie evanjelikov, skuto\u010dnos\u0165 zn\u00e1ma ako \u201edoba temna\u201c v&nbsp;dejin\u00e1ch \u010desk\u00e9ho n\u00e1roda. Zanikli cel\u00e9 dediny. Vidiek sa vy\u013eudnil, \u013eudia trpeli hladom a&nbsp;chorobami a&nbsp;v\u0161etko korunovala tvrd\u00e1 protireform\u00e1cia. Evanjelici, ktor\u00ed mohli, utekali z&nbsp;krajiny, tak\u017ee vojsko muselo str\u00e1\u017ei\u0165 hranice, lebo nemal kto pracova\u0165 na poliach. Evanjelick\u00fa vieru nebolo mo\u017en\u00e9 verejne vyzn\u00e1va\u0165. Pr\u00edslu\u0161n\u00edci Jednoty bratskej museli od\u00eds\u0165 do exilu. Protireform\u00e1cia, naopak, videla pr\u00edle\u017eitos\u0165 &nbsp;k&nbsp;nastoleniu n\u00e1silnej &nbsp;jednoty obnoveniu p\u00f4vodn\u00fdch \u0161trukt\u00far cirkvi.&nbsp; \u2013 Ke\u010f po mnoh\u00fdch rokoch vznikla \u010ceskoslovensk\u00e1 republika a&nbsp;s&nbsp;\u0148ou mo\u017enos\u0165 slobodne vyzn\u00e1va\u0165 vieru, uk\u00e1zalo sa, \u017ee evanjelikov v \u010cech\u00e1ch&nbsp;s\u00edce zostalo ve\u013emi m\u00e1lo, ale \u201ev\u00ed\u0165azi\u201c tie\u017e&nbsp;nez\u00edskali ve\u013ea, lebo \u010cesko sa stalo najateistickej\u0161ou krajinou v&nbsp;Eur\u00f3pe, \u010do sa dodnes pr\u00edli\u0161 nezmenilo.<\/p>\n\n\n\n<p>&nbsp; &nbsp; Bratia a&nbsp;sestry v&nbsp;P\u00e1novi!<\/p>\n\n\n\n<p>&nbsp;&nbsp; Aj dnes s\u00fa ve\u013emi rozdielne poh\u013eady na minulos\u0165, na pr\u00edtomnos\u0165 i&nbsp;bud\u00facnos\u0165 cirkvi i spolo\u010dnosti. Pri rie\u0161en\u00ed ot\u00e1zok ka\u017edodenn\u00e9ho \u017eivota a h\u013eadan\u00ed ciest a v\u00fdchod\u00edsk m\u00f4\u017eeme by\u0165 neraz ve\u013emi prekvapen\u00ed, ako \u013eudia r\u00f4zne vidia a&nbsp;hodnotia napr. s\u00fa\u010dasn\u00fa kr\u00edzu spojen\u00fa s&nbsp;pand\u00e9miou. \u017delali by sme, aby sme v\u0161etci mali dobr\u00e9 o\u010di a&nbsp;ostr\u00fd zrak, ktor\u00fdm by sme videli dobr\u00e9 cesty a&nbsp;prostriedky rie\u0161enia s\u00fa\u010dasnej kr\u00edzy a pand\u00e9mie. \u017delali by sme si, aby sme my i&nbsp;t\u00ed, \u010do nes\u00fa na svojich bedr\u00e1ch najv\u00e4\u010d\u0161iu zodpovednos\u0165, videli zdrav\u00fdmi o\u010dami&nbsp;dobr\u00e9 a&nbsp;zodpovedn\u00e9 rie\u0161enia.<\/p>\n\n\n\n<p>&nbsp;&nbsp; &nbsp;&nbsp;Ka\u017ed\u00fd z&nbsp;n\u00e1s vie, akou hodnotou je telesn\u00e9 zdravie . Ak niekto strat\u00ed zrak, ak m\u00e1 nejak\u00fdm sp\u00f4sobom chor\u00e9 o\u010di, prin\u00e1\u0161a to ve\u013ek\u00e9 \u0165a\u017ekosti a&nbsp;probl\u00e9my. Niekomu&nbsp;pom\u00f4\u017eu okuliare, niekomu oper\u00e1cia o\u010d\u00ed, mnoh\u00ed s\u00fa v\u0161ak trvalo postihnut\u00ed, alebo \u00faplne nevidiaci. Ma\u0165 zdrav\u00e9 o\u010di je ve\u013ek\u00fd dar, slepota, naopak, \u0165a\u017ekos\u0165 a&nbsp;kr\u00ed\u017e.<\/p>\n\n\n\n<p>&nbsp;&nbsp;&nbsp; <strong>Ale najhor\u0161ie d\u00f4sledky m\u00e1 pre \u010dloveka zl\u00e9 duchovn\u00e9 videnie, alebo priamo duchovn\u00e1 slepota.<\/strong> Ako sa prejavuje? Zl\u00fdm viden\u00edm a&nbsp;poznan\u00edm&nbsp;Je\u017ei\u0161a Krista. Nielen pre cirkev, ale pre ka\u017ed\u00e9ho \u010dloveka je rozhoduj\u00facou vecou spr\u00e1vne videnie osoby a&nbsp;diela P\u00e1na Je\u017ei\u0161a, lebo to m\u00e1 dosah a&nbsp;dopad na n\u00e1\u0161 \u010dasn\u00fd, ale aj ve\u010dn\u00fd \u017eivot. Na d\u00f4le\u017eitos\u0165&nbsp;spr\u00e1vneho duchovn\u00e9ho videnia poukazuje n\u00e1m t\u00e1to dne\u0161n\u00e1 tretia p\u00f4stna nede\u013ea s&nbsp;jednoduch\u00fdm n\u00e1zvom <em>\u201eO\u010di\u201c<\/em><em>(lat.Oculi),<\/em> ale aj dne\u0161n\u00e9 \u00favodn\u00e9 slovo evanjelia.<\/p>\n\n\n\n<p>&nbsp;&nbsp; V&nbsp;Biblii sa spom\u00edna, \u017ee P\u00e1n Je\u017ei\u0161 uzdravil svojou mocou mnoh\u00fdch chor\u00fdch a&nbsp;medzi nimi viacero slepcov. O&nbsp;uzdraven\u00ed jedn\u00e9ho z&nbsp;nich, slep\u00e9ho od narodenia, sme dnes po\u010duli. &#8211; Je potrebn\u00e9 poveda\u0165, \u017ee P\u00e1n Je\u017ei\u0161 neuzdravil o\u010di a telesn\u00fd zrak v\u0161etk\u00fdm vtedy \u017eij\u00facim nevidiacim \u013eu\u010fom ani v&nbsp;Izraeli, ani v&nbsp;jeho okol\u00ed. Uzdravoval v\u0161ak v\u0161etk\u00fdch \u013eud\u00ed tak, aby mali dobr\u00fd duchovn\u00fd zrak a&nbsp;spr\u00e1vne duchovn\u00e9 videnie a&nbsp;zameranie. To bol Jeho program, ako ho s\u00e1m vyslovil pri n\u00e1vrate z p\u00fa\u0161te do nazaretskej synag\u00f3gy<em>: \u201e Duch P\u00e1nov pomazal ma&#8230;zvestova\u0165 chudobn\u00fdm evanjelium, uzdravova\u0165 skr\u00fa\u0161en\u00fdch srdcom, poslal ma hl\u00e1sa\u0165 zajat\u00fdm prepustenie a&nbsp;slep\u00fdm navr\u00e1tenie zraku&#8230;\u201c (L 4,18-19)<\/em><\/p>\n\n\n\n<p><em>&nbsp;&nbsp; <\/em>Pr\u00e1vom sa m\u00f4\u017eeme op\u00fdta\u0165: \u010co je d\u00f4kazom n\u00e1\u0161ho duchovn\u00e9ho zdravia? Alebo:<em> KEDY VID\u00cdME SPR\u00c1VNE?<\/em><\/p>\n\n\n\n<p>&nbsp;&nbsp; Odpove\u010f n\u00e1m prin\u00e1\u0161a dne\u0161n\u00e9 slovo evanjelia:<\/p>\n\n\n\n<p><em>1, Vtedy, ke\u010f v&nbsp;Je\u017ei\u0161ovi&nbsp; Bo\u017eieho Syna a Spasite\u013ea vid\u00edme<\/em><\/p>\n\n\n\n<p><em>2, vtedy, ke\u010f od Neho odpustenie hriechov prij\u00edmame<\/em><\/p>\n\n\n\n<p>&nbsp;&nbsp; Bratia a&nbsp;sestry&nbsp;!<\/p>\n\n\n\n<p>&nbsp;&nbsp; Uzdraven\u00e9mu ml\u00e1dencovi, ktor\u00fd bol slep\u00fd od narodenia, polo\u017eil Je\u017ei\u0161 ot\u00e1zku<em>: \u201c Ver\u00ed\u0161 v&nbsp;Syna \u010dloveka?\u201c<\/em> &#8211;&nbsp; Jeho odpove\u010f&nbsp;bola spont\u00e1nna a \u00faprimn\u00e1<em>:\u201c A&nbsp;kto je to, Pane, aby som veril v&nbsp;Neho?\u201c &#8211; <\/em>Ten uzdraven\u00fd tu povedal ve\u013emi d\u00f4le\u017eit\u00fa vec a&nbsp;touto ot\u00e1zkou zahanbuje mnoh\u00fdch. Denne dnes po\u010d\u00favame ot\u00e1zky: \u201eA&nbsp;ty komu ver\u00ed\u0161? Ktor\u00e9mu politikovi, ktorej strane?\u201c. Mnoh\u00ed \u013eudia si myslia, \u017ee je najd\u00f4le\u017eitej\u0161ie pre na\u0161e \u010dasn\u00e9 a&nbsp;mo\u017eno aj ve\u010dn\u00e9 blaho veri\u0165 \u010dloveku, alebo nejakej skupine \u013eud\u00ed &#8211; niekomu, kto sa o&nbsp;n\u00e1s postar\u00e1 a&nbsp;bude garantom na\u0161ej slobody, \u0161\u0165astia a&nbsp;bla\u017eenosti. Veri\u0165 a&nbsp;d\u00f4verova\u0165 by sme mali na prvom mieste P\u00e1nu Bohu a&nbsp;Jeho slovu. Uzdraven\u00fd ml\u00e1denec povedal<em>:\u201e Kto je to, ten Syn \u010dloveka, aby som v&nbsp;neho veril?\u201c.<\/em>Nazna\u010duje, \u017ee je lep\u0161ie a&nbsp;m\u00fadrej\u0161ie veri\u0165 v&nbsp;Boha a&nbsp;v&nbsp;Jeho pomoc. Ke\u010f\u017ee Je\u017ei\u0161ove slov\u00e1 <em>\u201eSyn \u010dloveka\u201c<\/em> ch\u00e1pal najsk\u00f4r jednoducho ako \u201e\u010dlovek\u201c, nazna\u010dil, \u017ee veri\u0165 v hrie\u0161neho, nest\u00e1leho \u010dloveka sa mu nezd\u00e1 rozumn\u00e9.<\/p>\n\n\n\n<p>&nbsp;&nbsp;&nbsp;&nbsp;&nbsp; Len\u017ee P\u00e1n Je\u017ei\u0161 t\u00fdmto ozna\u010den\u00edm v skuto\u010dnosti nemyslel na oby\u010dajn\u00e9ho pozem\u0161\u0165ana, ale pou\u017eil na ozna\u010denie <strong>Mesi\u00e1\u0161a <\/strong>meno, ktor\u00e9 vyslovil o \u0148om u\u017e d\u00e1vno prorok Daniel vo svojej knihe a&nbsp;proroctve. Mo\u017eno ten mlad\u00fd \u010dlovek pre svoju nemoc nechodieval na bohoslu\u017eby \u010dasto a&nbsp;preto nepoznal proroctvo Daniela. Ke\u010f\u017ee sa vtedaj\u0161\u00ed svet priam hem\u017eil <em>\u201ebo\u017e\u00edmi synmi\u201c<\/em>, Je\u017ei\u0161 rad\u0161ej pou\u017eil&nbsp;\u017didom zn\u00e1me starozmluvn\u00e9 ozna\u010denie Mesi\u00e1\u0161a:<em> \u201cSyn \u010dloveka\u201c. <\/em>\u2013 Preto ml\u00e1dencovi povedal: <em>\u201eJe to ten, \u010do hovor\u00ed s&nbsp;tebou\u201c&#8230; <\/em>Ten, ktor\u00fd \u0165a uzdravil a&nbsp;ktor\u00e9ho teraz vid\u00ed\u0161!&#8230;Ke\u010f\u017ee ml\u00e1denec potom Je\u017ei\u0161ove slov\u00e1 pochopil spr\u00e1vne, svojimi o\u010dami videl Je\u017ei\u0161a ako Bo\u017eieho Syna, Mesi\u00e1\u0161a a&nbsp;Spasite\u013ea. Preto povedal: \u201e<em>Ver\u00edm, Pane! A&nbsp;kla\u0148al sa Mu\u201c.<\/em><\/p>\n\n\n\n<p>&nbsp; &nbsp; Na druhej strane pri tomto uzdravenom a spr\u00e1vne vidiacom bol cel\u00fd z\u00e1stup duchovne zaslepen\u00fdch \u013eud\u00ed, medzi ktor\u00fdch patrili aj vtedaj\u0161\u00ed navonok ve\u013emi zbo\u017en\u00ed farizeji. Oni v\u0161ak mali o&nbsp;Je\u017ei\u0161ovi in\u00e9 <em>\u201evidenie\u201c<\/em> a&nbsp;in\u00fa mienku<em>. <\/em>Raz bol pre nich: \u201c<em> Tes\u00e1r z&nbsp;Nazaretu, inokedy syn Jozefa, toho tes\u00e1ra, ale aj nepriate\u013e n\u00e1roda, alebo dokonca bohor\u00faha\u010d a&nbsp;d\u00e9monom <\/em>posadnut\u00fd a&nbsp;o&nbsp;tomto poh\u013eade na Je\u017ei\u0161a sa sna\u017eili presved\u010di\u0165 aj z\u00e1stupy.<\/p>\n\n\n\n<p>&nbsp;&nbsp;&nbsp; Je\u017ei\u0161 svojimi slovami, ale i&nbsp;skutkami v\u0161etk\u00fdch n\u00e1s poz\u00fdva k&nbsp;spr\u00e1vnemu videniu svojej osoby a&nbsp;k&nbsp;viere v&nbsp;Neho ako Syna Bo\u017eieho a Spasite\u013ea. To je toti\u017e prav\u00e1, zachra\u0148uj\u00faca viera.&nbsp;<\/p>\n\n\n\n<p>&nbsp;&nbsp; A z\u00e1rove\u0148 aj n\u00e1s poz\u00fdva&nbsp;k&nbsp;patri\u010dnej oslave a k&nbsp;skloneniu sa pred N\u00edm. Preto s&nbsp;na\u0161\u00edm n\u00e1bo\u017en\u00fdm pevcom&nbsp;spievame<em>:\u201c Po\u010fakujme Kristu P\u00e1nu, vzd\u00e1vajme Mu \u00faprimn\u00fa \u010des\u0165, chv\u00e1lu. Ve\u010f pre svoje umu\u010denie, daroval n\u00e1m hriechov odpustenie\u201c. (ESP 109,1)<\/em><\/p>\n\n\n\n<p>&nbsp;&nbsp; Bratia a&nbsp;sestry,&nbsp;<\/p>\n\n\n\n<p>&nbsp;&nbsp; ke\u010f\u017ee On je Synom Bo\u017e\u00edm a&nbsp;Spasite\u013eom, m\u00e1 moc da\u0165 n\u00e1m aj ten dar, ktor\u00fd znamen\u00e1 pre n\u00e1s <em>\u201eotvorenie neba\u201c <\/em>a to je dar odpustenia na\u0161ich hriechov. V&nbsp;Bo\u017e\u00edch o\u010diach sme v\u0161etci hrie\u0161ni, ale je tu jeden podstatn\u00fd rozdiel. S\u00fa tak\u00ed, ktor\u00ed veria a vidia, \u017ee potrebuj\u00fa pok\u00e1nie, a&nbsp;potom t\u00ed, \u010do veria, \u017ee ho nepotrebuj\u00fa.&nbsp;<\/p>\n\n\n\n<p>&nbsp;&nbsp; Preto P\u00e1n hovor\u00ed zdanlivo z\u00e1hadn\u00e9 slov\u00e1: &nbsp;<em>\u201eKeby ste boli slep\u00ed, <\/em>&#8211; teda, keby ste uznali a&nbsp;vyznali svoje hriechy, svoju biedu <em>&nbsp;&#8211; nemali by ste hriechu<\/em>! Preto\u017ee tak\u00fdm, \u010do svoju hrie\u0161nos\u0165 pred Bohom chc\u00fa pozna\u0165 a&nbsp;vyslovi\u0165,&nbsp;Boh skrze Krista v\u0161etky hriechy odp\u00fa\u0161\u0165a. &#8211; T\u00ed v\u0161ak, ktor\u00ed hovoria<em>: \u201c My&nbsp;vid\u00edme\u201d,<\/em> \u017ee sme zdrav\u00ed, \u010di\u017ee: my sme dobr\u00ed, my na sebe \u017eiadnej viny nevid\u00edme a&nbsp;nenach\u00e1dzame \u2013 a&nbsp;s\u00fa presved\u010den\u00ed, \u017ee aj P\u00e1n Boh mus\u00ed by\u0165 s&nbsp;nimi spokojn\u00fd, t\u00fdm&nbsp;plat\u00ed to druh\u00e9:\u201d<em>V\u00e1\u0161 hriech zost\u00e1va\u201c!<\/em><\/p>\n\n\n\n<p>&nbsp;&nbsp; Tak\u00e9 je Bo\u017eie a&nbsp;Je\u017ei\u0161ovo videnie v\u0161etk\u00fdch n\u00e1s. Tak\u00fd je Jeho s\u00fad. Je&nbsp;iste in\u00fd, ako nedokonal\u00e9 \u013eudsk\u00e9 s\u00fady sudcov, ktor\u00ed sa <em>\u201eBoha neboja a&nbsp;\u013eud\u00ed nehanbia\u201c&#8230;<\/em>Je tu chv\u00ed\u013ea, sp\u00fdta\u0165 sa, ako my vid\u00edme Je\u017ei\u0161a a&nbsp;sam\u00fdch seba!? Ako vid\u00edme v\u00fdznam Jeho slu\u017eby, Jeho obete a kr\u00ed\u017ea pre n\u00e1s? Je n\u00e1\u0161 s\u00fad s\u00fadom na\u0161ich uzdraven\u00fdch, alebo o\u010d\u00ed kr\u00e1tkozrak\u00fdch, mo\u017eno \u00faplne chor\u00fdch?<\/p>\n\n\n\n<p>&nbsp;&nbsp; Bratia sestry!&nbsp; &nbsp;<\/p>\n\n\n\n<p>&nbsp; &nbsp; Prosme dnes: \u201eUzdrav moje o\u010di Pane&#8230;\u201c.&nbsp; Otvorenie o\u010d\u00ed n\u00e1m umo\u017en\u00ed spr\u00e1vne Ho vidie\u0165 a&nbsp;pozna\u0165 ako prav\u00e9ho Bo\u017eieho Syna a&nbsp;Z\u00e1chrancu, ktor\u00e9mu sa oplat\u00ed d\u00f4verova\u0165. On nepri\u0161iel proti n\u00e1m, nepri\u0161iel proti nikomu, ale pre n\u00e1s a&nbsp;je za n\u00e1s. Spoznal to ten od narodenia slep\u00fd, ale nie Bohom opusten\u00fd, \u010di zavrhnut\u00fd ml\u00e1denec ako si to mnoh\u00ed mysleli. Spoznal to aj kaj\u00facnik na kr\u00ed\u017ei, ktor\u00fd napokon tie\u017e videl Je\u017ei\u0161a spr\u00e1vne. Preto mohol dokona\u0165 v&nbsp;istote, \u017ee bude s&nbsp;Je\u017ei\u0161om st\u00e1le. &nbsp; &nbsp;<\/p>\n\n\n\n<p>&nbsp; &nbsp; I&nbsp;dnes zdrav\u00e9 videnie Je\u017ei\u0161a \u017eel\u00e1me a vyprosujeme pre v\u0161etk\u00fdch.&nbsp;Aby videli, \u017ee On je Bo\u017e\u00ed Syn a Spasite\u013e, ktor\u00fd n\u00e1m prin\u00e1\u0161a milos\u0165, z\u00e1chranu a&nbsp;ve\u010dn\u00fd \u017eivot v&nbsp;N\u00edm<strong>. <\/strong>&nbsp;Amen<\/p>\n\n\n\n<p>Modlitba:<\/p>\n\n\n\n<p>&nbsp; &nbsp; Sv\u00e4t\u00fd Bo\u017ee, mil\u00fd n\u00e1\u0161 nebesk\u00fd Ot\u010de, \u010fakujeme Ti \u00faprimne za to, \u017ee sa n\u00e1m d\u00e1va\u0161 pozn\u00e1va\u0165 ako milostiv\u00fd a&nbsp;milosrdn\u00fd&nbsp;P\u00e1n, ktor\u00fd sa k&nbsp;n\u00e1m skl\u00e1\u0148a\u0161 vo svojom Synovi, na\u0161om Spasite\u013eovi s&nbsp;telesn\u00fdmi i&nbsp;duchovn\u00fdmi dobrodeniami.&nbsp;Pon\u00faka\u0161 n\u00e1m pre Jeho sv\u00e4t\u00e9 utrpenie odpustenie v\u0161etk\u00fdch na\u0161ich v\u00edn a&nbsp;hriechov a&nbsp;otv\u00e1ra\u0161 n\u00e1m dvere neba a&nbsp;tak pr\u00edstup k&nbsp;\u017eivotu ve\u010dn\u00e9mu. Za to \u0164a chv\u00e1lime a veleb\u00edme spolu so v\u0161etk\u00fdmi veriacimi tu na zemi i&nbsp;so z\u00e1stupmi vyk\u00fapen\u00fdch krvou Bar\u00e1nkovou, ktor\u00ed preb\u00fdvaj\u00fa pred Tvojim tr\u00f3nom.<\/p>\n\n\n\n<p>&nbsp;&nbsp; Pros\u00edme a&nbsp;prihov\u00e1rame sa za v\u0161etk\u00fdch trpiacich, utr\u00e1pen\u00fdch a&nbsp;ohrozen\u00fdch na \u017eivote: Bu\u010f ich Lek\u00e1rom a&nbsp;Te\u0161ite\u013eom.&nbsp;<\/p>\n\n\n\n<p>&nbsp; &nbsp; Pros\u00edme, pote\u0161&nbsp;Pane Kriste slovom n\u00e1deje opusten\u00fdch, umieraj\u00facich i&nbsp;t\u00fdch, ktor\u00ed c\u00edtia a&nbsp;prekon\u00e1vaj\u00fa sm\u00fatok pri \u010dasn\u00fdch rozl\u00fa\u010dkach. Bu\u010f s&nbsp;nimi i&nbsp;s&nbsp;nami v&nbsp;ka\u017edej kr\u00edze tohto \u010dasn\u00e9ho \u017eivota.<\/p>\n\n\n\n<p>&nbsp; &nbsp; Po\u017eehnaj slu\u017ebu lek\u00e1rov a&nbsp;zdravotn\u00edkov i&nbsp;v\u0161etk\u00fdch t\u00fdch, ktor\u00ed sa usiluj\u00fa sl\u00fa\u017ei\u0165 Ti verejnou slu\u017ebou v\u0161etk\u00fdm, t\u00fdm \u010do chr\u00e1ni zdravie n\u00e1s a&nbsp;na\u0161ich bl\u00ed\u017enych.<\/p>\n\n\n\n<p>&nbsp; &nbsp; Pros\u00edme za n\u00e1\u0161 dom\u00e1ci cirkevn\u00fd zbor, Ty vie\u0161, \u010do naliehavo potrebuje &#8211;&nbsp;po\u0161li slu\u017eobn\u00edkov na svoju \u017eatvu.&nbsp;<\/p>\n\n\n\n<p>&nbsp;&nbsp; Povzbu\u010f&nbsp;bratov a&nbsp;sestry v&nbsp;susednom&nbsp;osirelom cirkevnom zbore soboti\u0161tskom, ktor\u00fd sm\u00fati&nbsp;po bolestnom l\u00fa\u010den\u00ed so svoj\u00edm slu\u017eobn\u00edkom Rastislavom. Pr\u00edjmi ho k&nbsp;sebe a&nbsp;osl\u00e1v \u2013 a&nbsp;raz i&nbsp;n\u00e1s v\u0161etk\u00fdch, ke\u010f pr\u00edde Tvoje zavolanie. Amen<\/p>\n\n\n\n<p>Ot\u010de n\u00e1\u0161\u2026<\/p>\n","protected":false},"excerpt":{"rendered":"<p>&nbsp; &nbsp; &nbsp; &nbsp; &nbsp; &nbsp; &nbsp; &nbsp; &nbsp; &nbsp; &nbsp; &nbsp; &nbsp; Kedy vid\u00edme spr\u00e1vne? Viac nie sme tmou, le\u017e svetlo v&nbsp;P\u00e1nu, Neberme nadarmo, milos\u0165 n\u00e1m dan\u00fa. Nech\u017ee sa duch n\u00e1\u0161, jak n\u00e1le\u017e\u00ed, post\u00ed, v&nbsp;dobrote, pravde a spravodlivosti. Amen (M.R.) J 9, 35 \u2013 42: &nbsp;&nbsp; \u201c&nbsp;I po\u010dul Je\u017ei\u0161, \u017ee ho vyhodili, a ke\u010f &#8230; <a title=\"Kedy vid\u00edme spr\u00e1vne?\" class=\"read-more\" href=\"https:\/\/www.e-anjelik.sk\/index.php\/2021\/03\/05\/kedy-vidime-spravne\/\" aria-label=\"Pre\u010d\u00edtajte si viac o Kedy vid\u00edme spr\u00e1vne?\">\u010c\u00edta\u0165 viac<\/a><\/p>\n","protected":false},"author":4,"featured_media":0,"comment_status":"open","ping_status":"open","sticky":false,"template":"","format":"standard","meta":{"footnotes":""},"categories":[551,121,233,118],"tags":[],"class_list":["post-34445","post","type-post","status-publish","format-standard","hentry","category-3-postna-nedela","category-kazne","category-modlitby","category-myjava"],"_links":{"self":[{"href":"https:\/\/www.e-anjelik.sk\/index.php\/wp-json\/wp\/v2\/posts\/34445","targetHints":{"allow":["GET"]}}],"collection":[{"href":"https:\/\/www.e-anjelik.sk\/index.php\/wp-json\/wp\/v2\/posts"}],"about":[{"href":"https:\/\/www.e-anjelik.sk\/index.php\/wp-json\/wp\/v2\/types\/post"}],"author":[{"embeddable":true,"href":"https:\/\/www.e-anjelik.sk\/index.php\/wp-json\/wp\/v2\/users\/4"}],"replies":[{"embeddable":true,"href":"https:\/\/www.e-anjelik.sk\/index.php\/wp-json\/wp\/v2\/comments?post=34445"}],"version-history":[{"count":1,"href":"https:\/\/www.e-anjelik.sk\/index.php\/wp-json\/wp\/v2\/posts\/34445\/revisions"}],"predecessor-version":[{"id":34446,"href":"https:\/\/www.e-anjelik.sk\/index.php\/wp-json\/wp\/v2\/posts\/34445\/revisions\/34446"}],"wp:attachment":[{"href":"https:\/\/www.e-anjelik.sk\/index.php\/wp-json\/wp\/v2\/media?parent=34445"}],"wp:term":[{"taxonomy":"category","embeddable":true,"href":"https:\/\/www.e-anjelik.sk\/index.php\/wp-json\/wp\/v2\/categories?post=34445"},{"taxonomy":"post_tag","embeddable":true,"href":"https:\/\/www.e-anjelik.sk\/index.php\/wp-json\/wp\/v2\/tags?post=34445"}],"curies":[{"name":"wp","href":"https:\/\/api.w.org\/{rel}","templated":true}]}}