{"id":34456,"date":"2021-04-02T00:02:00","date_gmt":"2021-04-01T22:02:00","guid":{"rendered":"http:\/\/e-anjelik.sk\/?p=34456"},"modified":"2021-03-30T15:58:27","modified_gmt":"2021-03-30T13:58:27","slug":"jozef-gasparik-lestinsky-zalm-22","status":"publish","type":"post","link":"https:\/\/www.e-anjelik.sk\/index.php\/2021\/04\/02\/jozef-gasparik-lestinsky-zalm-22\/","title":{"rendered":"Jozef Ga\u0161par\u00edk\u2013Le\u0161tinsk\u00fd \u2014 \u017dalm 22"},"content":{"rendered":"\n<p>Bo\u017ee m\u00f4j, Bo\u017ee m\u00f4j, pre\u010dos\u2018 ma opustil?<br>Pre\u010dos\u2018 na m\u0148a to\u013ek\u00e9 s\u00fa\u017eenie dopustil?<br>Vzdialil si sa, Bo\u017ee, od spasenia m\u00f4jho<br>i od nariekania a slov sluhu svojho!<\/p>\n\n\n\n<p>Cel\u00fd de\u0148, \u00f3 Bo\u017ee, s pla\u010dom vol\u00e1m k Tebe,<br>a Ty moje prosby neprip\u00fa\u0161\u0165a\u0161 k sebe,<br>i cel\u00fa noc k Tebe vol\u00e1 du\u0161a moja<br>a Ty mi ned\u00e1va\u0161 ratoles\u0165 pokoja.<\/p>\n\n\n\n<p>Lebo Ty si Sv\u00e4t\u00fd, tr\u00f3ni\u0161 v sl\u00e1ve neba;<br>le\u017e otcovia na\u0161i v\u017edy d\u00fafali v Teba,<br>a&nbsp;Tys\u2018 im pom\u00e1hal, chr\u00e1nils\u2018 ich i vodil:<br>ke\u010f volali k Tebe, v\u017edys\u2018 ich vyslobodil.<\/p>\n\n\n\n<p>Ale ja som len \u010derv, u\u017e nie ani \u010dlovek,<br>lebo ve\u010f m\u0148a m\u00f4\u017ee potupi\u0165 ktoko\u013evek:<br>v\u0161etci, \u010do ma vidia, posmievaj\u00fa sa mi<br>a \u0161kodoradostne k\u00fdvaj\u00fa hlavami.<\/p>\n\n\n\n<p>K\u0155de\u013e posme\u0161n\u00edkov okolo m\u0148a chod\u00ed<br>vraviac: D\u00fafal v Boha, nech ho vyslobod\u00ed!<br>Nech\u017ee ho vytrhne, odn\u00edme s\u00fa\u017eenie,<br>ke\u010f vraj m\u00e1 v \u0148om tak\u00e9 ve\u013ek\u00e9 za\u013e\u00fabenie.<\/p>\n\n\n\n<p>Zo \u017eivota si ma Ty s\u00e1m, Hospodine,<br>vyviedol a vlo\u017eil na prsia matkine:<br>na Teba spoliehal som od narodenia,<br>od \u017eivota matky, Boh m\u00f4jho spasenia!<\/p>\n\n\n\n<p>Nevz\u010fa\u013euj sa, Ot\u010de, nevz\u010fa\u013euj odo m\u0148a,<br>ve\u010f len Tys\u2018 mi Otcom: postaraj sa o m\u0148a!<br>Vid\u00ed\u0161, \u017ee s\u00fa\u017eenie u\u017e sa ma dot\u00fdka<br>a krom Teba v svete nem\u00e1m pomocn\u00edka.<\/p>\n\n\n\n<p>U\u017e ma obk\u013e\u00fa\u010dilo mno\u017estvo b\u00fdkov div\u00fdch,<br>siln\u00fdch, mocn\u00fdch, zlostn\u00fdch a ne\u013e\u00fatostiv\u00fdch:<br>v\u0161etci vy\u0161kieraj\u00fa na m\u0148a \u00fasta svoje<br>a rev\u00fa s\u0165a levy na s\u00fa\u017eenie moje.<\/p>\n\n\n\n<p>Ako voda som sa rozlial \u2014 a som zv\u00e4dl\u00fd,<br>v\u0161etky moje kosti, vo mne sa rozpadli;<br>srdce moje, ktor\u00e9 v\u017edy len l\u00e1skou bilo,<br>v mojich \u00fatrob\u00e1ch sa s\u0165a vosk roztopilo.<\/p>\n\n\n\n<p>Som s\u0165a \u010drep rozbit\u00fd, zmizla moja sila;<br>hor\u00fa\u010dos\u0165 mi jazyk k \u010fasn\u00e1m prilepila;<br>ako h\u0155stka prachu v n\u00e1ru\u010d hroznej smrti <br>z Tvojej sv\u00e4tej v\u00f4le, Ot\u010de, som vrhnut\u00fd.<\/p>\n\n\n\n<p>Zo v\u0161etk\u00fdch str\u00e1n drav\u00ed psi ma obsko\u010dili<br>a sam\u00ed zlostn\u00edci ma a\u017e obk\u013e\u00fa\u010dili,<br>prebili mi ruky i nohy docela<br>a prebij\u00fa i bok svojho Spasite\u013ea.<\/p>\n\n\n\n<p>S\u010d\u00edta\u0165 by som si mohol v\u0161etky svoje kosti;<br>oni h\u013eadia na m\u0148a s rados\u0165ou z bl\u00edzkosti<br>a \u0161aty moje si medzi sebou delia,<br>o pl\u00e1\u0161\u0165 m\u00f4j losuj\u00fa a na m\u0148a sa \u0161keria.<\/p>\n\n\n\n<p>Ale Ty, \u00f3 Bo\u017ee, ner\u00e1\u010d sa vz\u010fa\u013eova\u0165;<br>Ty si moja sila: r\u00e1\u010d ma posil\u0148ova\u0165!<br>Pr\u00ed\u010f mi s\u00e1m na pomoc, vytrhni mi du\u0161u!<br>vyslobo\u010f ma z r\u00fak lva, z r\u00fak psov, ktor\u00ed k\u00fa\u0161u!<\/p>\n\n\n\n<p>Vypravova\u0165 chcem o mene Toho str\u00e1pen\u00e9ho,<br>rozpr\u00e1va\u0165 chcem svojim bratom o z\u00e1sluh\u00e1ch Jeho,<br>oslavova\u0165 a chv\u00e1li\u0165 Ho chcem na veky ve\u010dn\u00e9<br>v zhroma\u017eden\u00ed bohabojn\u00fdch vr\u00facne a srde\u010dne.<\/p>\n\n\n\n<p>Nech Ho chv\u00e1li ka\u017ed\u00fd, kto sa boj\u00ed Hospodina,<br>nech Ho ct\u00ed a nech sa boj\u00ed Ho ka\u017ed\u00e1 rodina,<br>lebo On tv\u00e1r neodvracia od bied svojho \u013eudu:<br>t\u00ed, \u010do k Nemu v\u017edy volaj\u00fa, vysly\u0161an\u00ed bud\u00fa.<\/p>\n\n\n\n<p>V\u0161ak od Neho poch\u00e1dza aj t\u00e1to chv\u00e1la moja:<br>s\u013eub svoj pln\u00edm len pred t\u00fdmi, ktor\u00ed sa Ho boja<br>a ktor\u00ed Ho chc\u00fa na veky so mnou oslavova\u0165<br>len pred t\u00fdmi chcem o l\u00e1ske Jeho vypravova\u0165.<\/p>\n\n\n\n<p>Nas\u00fdtia sa Jeho Slovom t\u00ed, ktor\u00ed hlad maj\u00fa;<br>chv\u00e1li\u0165 bud\u00fa Hospodina, ktor\u00ed Ho h\u013eadaj\u00fa;<br>\u013eu\u010fom zmizn\u00fa s o\u010d\u00ed slzy, prestan\u00fa n\u00e1reky,<br>o\u017eij\u00fa im srdcia a v \u0147om bud\u00fa \u017ei\u0165 na veky.<\/p>\n\n\n\n<p>Rozpomenie sa na Neho cel\u00e9 \u013eudsk\u00e9 plem\u00e4,<br>i obr\u00e1tia sa ku Nemu v\u0161etky krajiny zeme<br>a kla\u0148a\u0165 sa bude pred N\u00edm ka\u017ed\u00fd n\u00e1rod ve\u010dne:<br>On je Kr\u00e1\u013eom a kr\u00e1\u013eovstvo Jeho bude ve\u010dn\u00e9.<\/p>\n\n\n\n<p>Kla\u0148a\u0165 sa Mu bud\u00fa v\u0161etci, n\u00fadzni i bohat\u00ed,<br>a v prach bud\u00fa pred N\u00edm k\u013eaka\u0165 i hrie\u0161ni i sv\u00e4t\u00ed,<br>i t\u00ed, ktor\u00ed smr\u0165ou hyn\u00fa, i v\u0161etk\u00fdch semeno<br>oslavova\u0165 bude ve\u010dne Jeho sv\u00e4t\u00e9 meno.<\/p>\n\n\n\n<p>Jemu bud\u00fa sl\u00fa\u017ei\u0165 v\u0161etky \u013eudsk\u00e9 pokolenia,<br>lebo to, \u010do On vykonal, u\u017e nevykorenia<br>zo s\u0155dc \u013eudsk\u00fdch posmieva\u010di, ke\u010f sa On i n\u00e1m zbl\u00ed\u017ei,<br>On, Ten, ktor\u00fd za n\u00e1s trpel i umrel na kr\u00ed\u017ei.<\/p>\n","protected":false},"excerpt":{"rendered":"<p>Bo\u017ee m\u00f4j, Bo\u017ee m\u00f4j, pre\u010dos\u2018 ma opustil?Pre\u010dos\u2018 na m\u0148a to\u013ek\u00e9 s\u00fa\u017eenie dopustil?Vzdialil si sa, Bo\u017ee, od spasenia m\u00f4jhoi od nariekania a slov sluhu svojho! Cel\u00fd de\u0148, \u00f3 Bo\u017ee, s pla\u010dom vol\u00e1m k Tebe,a Ty moje prosby neprip\u00fa\u0161\u0165a\u0161 k sebe,i cel\u00fa noc k Tebe vol\u00e1 du\u0161a mojaa Ty mi ned\u00e1va\u0161 ratoles\u0165 pokoja. Lebo Ty si Sv\u00e4t\u00fd, &#8230; <a title=\"Jozef Ga\u0161par\u00edk\u2013Le\u0161tinsk\u00fd \u2014 \u017dalm 22\" class=\"read-more\" href=\"https:\/\/www.e-anjelik.sk\/index.php\/2021\/04\/02\/jozef-gasparik-lestinsky-zalm-22\/\" aria-label=\"Pre\u010d\u00edtajte si viac o Jozef Ga\u0161par\u00edk\u2013Le\u0161tinsk\u00fd \u2014 \u017dalm 22\">\u010c\u00edta\u0165 viac<\/a><\/p>\n","protected":false},"author":3,"featured_media":0,"comment_status":"open","ping_status":"open","sticky":false,"template":"","format":"standard","meta":{"footnotes":""},"categories":[165,72],"tags":[],"class_list":["post-34456","post","type-post","status-publish","format-standard","hentry","category-poezia-2","category-v-piatok"],"_links":{"self":[{"href":"https:\/\/www.e-anjelik.sk\/index.php\/wp-json\/wp\/v2\/posts\/34456","targetHints":{"allow":["GET"]}}],"collection":[{"href":"https:\/\/www.e-anjelik.sk\/index.php\/wp-json\/wp\/v2\/posts"}],"about":[{"href":"https:\/\/www.e-anjelik.sk\/index.php\/wp-json\/wp\/v2\/types\/post"}],"author":[{"embeddable":true,"href":"https:\/\/www.e-anjelik.sk\/index.php\/wp-json\/wp\/v2\/users\/3"}],"replies":[{"embeddable":true,"href":"https:\/\/www.e-anjelik.sk\/index.php\/wp-json\/wp\/v2\/comments?post=34456"}],"version-history":[{"count":4,"href":"https:\/\/www.e-anjelik.sk\/index.php\/wp-json\/wp\/v2\/posts\/34456\/revisions"}],"predecessor-version":[{"id":34533,"href":"https:\/\/www.e-anjelik.sk\/index.php\/wp-json\/wp\/v2\/posts\/34456\/revisions\/34533"}],"wp:attachment":[{"href":"https:\/\/www.e-anjelik.sk\/index.php\/wp-json\/wp\/v2\/media?parent=34456"}],"wp:term":[{"taxonomy":"category","embeddable":true,"href":"https:\/\/www.e-anjelik.sk\/index.php\/wp-json\/wp\/v2\/categories?post=34456"},{"taxonomy":"post_tag","embeddable":true,"href":"https:\/\/www.e-anjelik.sk\/index.php\/wp-json\/wp\/v2\/tags?post=34456"}],"curies":[{"name":"wp","href":"https:\/\/api.w.org\/{rel}","templated":true}]}}