{"id":3446,"date":"2011-03-22T10:22:00","date_gmt":"2011-03-22T10:22:00","guid":{"rendered":"http:\/\/e-anjelik.sk\/?p=3446"},"modified":"2011-03-22T10:22:00","modified_gmt":"2011-03-22T10:22:00","slug":"lotysski-duchovni-sa-dalej-vzdelavaju-v-nemecku","status":"publish","type":"post","link":"https:\/\/www.e-anjelik.sk\/index.php\/2011\/03\/22\/lotysski-duchovni-sa-dalej-vzdelavaju-v-nemecku\/","title":{"rendered":"Loty\u0161sk\u00ed duchovn\u00ed sa \u010falej vzdel\u00e1vaj\u00fa v Nemecku"},"content":{"rendered":"<p>Od 13. do 21. marca t.r. sa na pozvanie partnerskej Samostatnej evanjelicko-luter&aacute;nskej cirkvi v Nemecku (SELK) z&uacute;\u010dastnila v tejto cirkvi&nbsp;\u010fal&scaron;ieho vzdel&aacute;vania skupina 11 duchovn&yacute;ch z Evanjelicko-luter&aacute;nskej cirkvi Loty&scaron;ska. Na za\u010diatku mali pastor&aacute;lne kol&eacute;gium s radom predn&aacute;&scaron;ok v priestoroch cirkevn&eacute;ho zboru sv. M&aacute;rie v Berl&iacute;ne &#8211; Zehlendorfe. V \u010fal&scaron;&iacute;ch d\u0148och vykonali n&aacute;v&scaron;tevy r&ocirc;znych cirkevn&yacute;ch zborov SELK. 17. marca t.r. prijal biskup SELK Voigt v &uacute;stred&iacute; cirkvi v Hannoveri troch zo skupiny: biskupa Guntarsa Dimantsa, propsta Andrisa Kraulinsa a propsta Dzintarsa Laugalisa.<\/p>\n<p>(<a href=\"http:\/\/www.selk.de\">www.selk.de<\/a>)<\/p>\n","protected":false},"excerpt":{"rendered":"<p>Od 13. do 21. marca t.r. sa na pozvanie partnerskej Samostatnej evanjelicko-luter&aacute;nskej cirkvi v Nemecku (SELK) z&uacute;\u010dastnila v tejto cirkvi&nbsp;\u010fal&scaron;ieho vzdel&aacute;vania skupina 11 duchovn&yacute;ch z Evanjelicko-luter&aacute;nskej cirkvi Loty&scaron;ska. Na za\u010diatku mali pastor&aacute;lne kol&eacute;gium s radom predn&aacute;&scaron;ok v priestoroch cirkevn&eacute;ho zboru sv. M&aacute;rie v Berl&iacute;ne &#8211; Zehlendorfe. V \u010fal&scaron;&iacute;ch d\u0148och vykonali n&aacute;v&scaron;tevy r&ocirc;znych cirkevn&yacute;ch zborov SELK. &#8230; <a title=\"Loty\u0161sk\u00ed duchovn\u00ed sa \u010falej vzdel\u00e1vaj\u00fa v Nemecku\" class=\"read-more\" href=\"https:\/\/www.e-anjelik.sk\/index.php\/2011\/03\/22\/lotysski-duchovni-sa-dalej-vzdelavaju-v-nemecku\/\" aria-label=\"Pre\u010d\u00edtajte si viac o Loty\u0161sk\u00ed duchovn\u00ed sa \u010falej vzdel\u00e1vaj\u00fa v Nemecku\">\u010c\u00edta\u0165 viac<\/a><\/p>\n","protected":false},"author":22,"featured_media":0,"comment_status":"open","ping_status":"open","sticky":false,"template":"","format":"standard","meta":{"footnotes":""},"categories":[20,9,10],"tags":[],"class_list":["post-3446","post","type-post","status-publish","format-standard","hentry","category-baltikum","category-europa","category-zo-sveta"],"_links":{"self":[{"href":"https:\/\/www.e-anjelik.sk\/index.php\/wp-json\/wp\/v2\/posts\/3446","targetHints":{"allow":["GET"]}}],"collection":[{"href":"https:\/\/www.e-anjelik.sk\/index.php\/wp-json\/wp\/v2\/posts"}],"about":[{"href":"https:\/\/www.e-anjelik.sk\/index.php\/wp-json\/wp\/v2\/types\/post"}],"author":[{"embeddable":true,"href":"https:\/\/www.e-anjelik.sk\/index.php\/wp-json\/wp\/v2\/users\/22"}],"replies":[{"embeddable":true,"href":"https:\/\/www.e-anjelik.sk\/index.php\/wp-json\/wp\/v2\/comments?post=3446"}],"version-history":[{"count":0,"href":"https:\/\/www.e-anjelik.sk\/index.php\/wp-json\/wp\/v2\/posts\/3446\/revisions"}],"wp:attachment":[{"href":"https:\/\/www.e-anjelik.sk\/index.php\/wp-json\/wp\/v2\/media?parent=3446"}],"wp:term":[{"taxonomy":"category","embeddable":true,"href":"https:\/\/www.e-anjelik.sk\/index.php\/wp-json\/wp\/v2\/categories?post=3446"},{"taxonomy":"post_tag","embeddable":true,"href":"https:\/\/www.e-anjelik.sk\/index.php\/wp-json\/wp\/v2\/tags?post=3446"}],"curies":[{"name":"wp","href":"https:\/\/api.w.org\/{rel}","templated":true}]}}