{"id":34467,"date":"2021-04-02T00:08:00","date_gmt":"2021-04-01T22:08:00","guid":{"rendered":"http:\/\/e-anjelik.sk\/?p=34467"},"modified":"2021-03-21T06:46:50","modified_gmt":"2021-03-21T05:46:50","slug":"peter-pavel-zguth-pod-krizom","status":"publish","type":"post","link":"https:\/\/www.e-anjelik.sk\/index.php\/2021\/04\/02\/peter-pavel-zguth-pod-krizom\/","title":{"rendered":"Peter Pavel Zg\u00fath \u2014 Pod kr\u00ed\u017eom"},"content":{"rendered":"\n<p>Po krutom zbit\u00ed tv\u00e1re v strany obe,<br>posmechu drzom, v\u0161akej tr\u00fdzni tela<br>i du\u0161e b\u00f4\u013eoch, v \u0161at potupy, hany<br>poustrojen\u00fd, v t\u0155\u0148ovej ozdobe<br>\u2014 iste koruna panovn\u00edcke \u010del\u00e1<br>zdobi\u0165 len zvykla \u2014 stoj\u00ed zbi\u010dovan\u00fd<br>P\u00e1n a Spasite\u013e; a v sv\u00e4tej pokore<br>na \u010fal\u0161\u00ed \u010dak\u00e1 zlostn\u00fd v\u00fd\u010din \u013eudu. \u2014<br>Ach, \u013eud ten v bezdn\u00e9 hriechu spadol more,<br>tvor Bo\u017e\u00ed v mrzk\u00fa zmenil sa obludu<br>a v divokosti chrl\u00ed re\u010d r\u00fahav\u00fa:<br>Padni krv Jeho na\u0161u n\u00e1m na hlavu!<\/p>\n\n\n\n<p>P\u00e1n ticho stoj\u00ed; b\u00f4\u013e srdce mu ryje;<br>zrak k nebu uprie, vr\u00facne Otca pros\u00ed,<br>by \u013eud ten v hneve nezahladil zralom&#8230;<br>U\u017e zberba div\u00e1 zas\u2018 kr\u00ed\u017e v\u00f4kol \u0161ije<br>\u0165a\u017ek\u00fd mu vklad\u00e1: nech si ho s\u00e1m nos\u00ed,<br>to\u0165 berla nech mu, ke\u010f robil sa kr\u00e1\u013eom!<br>A P\u00e1n pod kr\u00ed\u017eom na horu Golgota<br>\u00fabo\u010d\u00edm spiecha strm\u00fdm hne\u010f pomaly:<br>oj, nielen du\u0161a \u017eia\u013eom rozorvat\u00e1<br>tvrd\u00fd pre nev\u010fak, meravej\u00fa svaly \u2014<br>sineje telo \u2014 \u013eudsk\u00e1 u\u017e nesta\u010d\u00ed<br>sila \u2014 kr\u00ed\u017e k zemi \u0165a\u017ek\u00fd P\u00e1na tla\u010d\u00ed.<\/p>\n\n\n\n<p>A hasne slnce, \u010derv\u00e1nky sa tratia<br>za horu, znak to ve\u010dern\u00e9ho \u0161era&#8230;<br>V tom spe\u0161no k\u00fdsi mu\u017e-hospod\u00e1r z po\u013ea,<br>bremeno zlo\u017eiac d\u0148a, domov sa vracia<br>a, postretn\u00fac \u013eud, vzhliadne, P\u00e1n jak zmiera,<br>trp\u00ed vo mdlob\u00e1ch: aj, tich\u00e1 nev\u00f4\u013ea<br>zjatr\u00ed sa tv\u00e1rou mu, \u013e\u00fatos\u0165ou jat\u00fd<br>z pliec ubolen\u00fdch kr\u00ed\u017e zosn\u00edme dolu,<br>vlo\u017e\u00ed na seba a na vrch Golgoty,<br>\u2014 b\u00e1rs tia\u017e kru\u0161\u00ed ho \u2014 no nesie pospolu<br>drevo ohavn\u00e9: pln\u00e9 viny, hriechu,<br>drevo milostn\u00e9: l\u00e1sky Bo\u017eej viechu. \u2014<\/p>\n\n\n\n<p>I n\u00e1m, \u00f3 Bo\u017ee, prichod\u00ed nies\u0165 \u0165a\u017ek\u00fd<br>\u010dasto kr\u00ed\u017e tr\u00e1pne pla\u010du po \u00fadol\u00ed,<br>a\u017e telo kles\u00e1, krv ced\u00ed sa vrel\u00e1<br>z r\u00e1n prudk\u00fdm tokom. \u00d3 ude\u013e n\u00e1m z l\u00e1sky,<br>ke\u010f kr\u00ed\u017e uval\u00ed\u0161, i sily na poli,<br>by za pr\u00edkladom P\u00e1na, Spasite\u013ea,<br>pod kr\u00ed\u017eom \u0161li sme na Golgoty horu;<br>tam utr\u00e1pen\u00e9 ulo\u017eili tel\u00e1<br>v hrobku pokoja v n\u00e1deji na skor\u00fa<br>jar sp\u00e1sy a tak hlasom archanjela<br>vbuden\u00ed, z m\u0155tvych z Tvojej vstali moci, <br>sl\u00e1vne ke\u010f svitne r\u00e1no Ve\u013ekej noci<\/p>\n","protected":false},"excerpt":{"rendered":"<p>Po krutom zbit\u00ed tv\u00e1re v strany obe,posmechu drzom, v\u0161akej tr\u00fdzni telai du\u0161e b\u00f4\u013eoch, v \u0161at potupy, hanypoustrojen\u00fd, v t\u0155\u0148ovej ozdobe\u2014 iste koruna panovn\u00edcke \u010del\u00e1zdobi\u0165 len zvykla \u2014 stoj\u00ed zbi\u010dovan\u00fdP\u00e1n a Spasite\u013e; a v sv\u00e4tej pokorena \u010fal\u0161\u00ed \u010dak\u00e1 zlostn\u00fd v\u00fd\u010din \u013eudu. \u2014Ach, \u013eud ten v bezdn\u00e9 hriechu spadol more,tvor Bo\u017e\u00ed v mrzk\u00fa zmenil sa obludua v &#8230; <a title=\"Peter Pavel Zg\u00fath \u2014 Pod kr\u00ed\u017eom\" class=\"read-more\" href=\"https:\/\/www.e-anjelik.sk\/index.php\/2021\/04\/02\/peter-pavel-zguth-pod-krizom\/\" aria-label=\"Pre\u010d\u00edtajte si viac o Peter Pavel Zg\u00fath \u2014 Pod kr\u00ed\u017eom\">\u010c\u00edta\u0165 viac<\/a><\/p>\n","protected":false},"author":3,"featured_media":0,"comment_status":"open","ping_status":"open","sticky":false,"template":"","format":"standard","meta":{"footnotes":""},"categories":[165,72],"tags":[],"class_list":["post-34467","post","type-post","status-publish","format-standard","hentry","category-poezia-2","category-v-piatok"],"_links":{"self":[{"href":"https:\/\/www.e-anjelik.sk\/index.php\/wp-json\/wp\/v2\/posts\/34467","targetHints":{"allow":["GET"]}}],"collection":[{"href":"https:\/\/www.e-anjelik.sk\/index.php\/wp-json\/wp\/v2\/posts"}],"about":[{"href":"https:\/\/www.e-anjelik.sk\/index.php\/wp-json\/wp\/v2\/types\/post"}],"author":[{"embeddable":true,"href":"https:\/\/www.e-anjelik.sk\/index.php\/wp-json\/wp\/v2\/users\/3"}],"replies":[{"embeddable":true,"href":"https:\/\/www.e-anjelik.sk\/index.php\/wp-json\/wp\/v2\/comments?post=34467"}],"version-history":[{"count":1,"href":"https:\/\/www.e-anjelik.sk\/index.php\/wp-json\/wp\/v2\/posts\/34467\/revisions"}],"predecessor-version":[{"id":34468,"href":"https:\/\/www.e-anjelik.sk\/index.php\/wp-json\/wp\/v2\/posts\/34467\/revisions\/34468"}],"wp:attachment":[{"href":"https:\/\/www.e-anjelik.sk\/index.php\/wp-json\/wp\/v2\/media?parent=34467"}],"wp:term":[{"taxonomy":"category","embeddable":true,"href":"https:\/\/www.e-anjelik.sk\/index.php\/wp-json\/wp\/v2\/categories?post=34467"},{"taxonomy":"post_tag","embeddable":true,"href":"https:\/\/www.e-anjelik.sk\/index.php\/wp-json\/wp\/v2\/tags?post=34467"}],"curies":[{"name":"wp","href":"https:\/\/api.w.org\/{rel}","templated":true}]}}