{"id":34469,"date":"2021-03-28T00:14:00","date_gmt":"2021-03-27T23:14:00","guid":{"rendered":"http:\/\/e-anjelik.sk\/?p=34469"},"modified":"2021-04-08T19:30:42","modified_gmt":"2021-04-08T17:30:42","slug":"martin-braxatoris-ajhla-vstupujeme","status":"publish","type":"post","link":"https:\/\/www.e-anjelik.sk\/index.php\/2021\/03\/28\/martin-braxatoris-ajhla-vstupujeme\/","title":{"rendered":"Martin Braxatoris \u2014 Ajh\u013ea, vstupujeme"},"content":{"rendered":"\n<p>Pred Ve\u013ekou nocou z kon\u010d\u00edn Galileje<br>z\u00e1stupy tiahnu k mestu z v\u0161etk\u00fdch str\u00e1n,<br>z \u00fast vstupuj\u00facich oz\u00f3n \u017ealmov zneje, \u2014<br>a k z\u00e1stupom to\u0165 dru\u017e\u00ed sa aj P\u00e1n<br>i s dvan\u00e1stimi &#8211; Id\u00fa radostne . . .<br>V tom st\u00edchne \u017ealm a zvl\u00e1dne chv\u00ed\u013eka nem\u00e1,<br>a Je\u017ei\u0161 vrav\u00ed v\u00e1\u017eno-sl\u00e1vnostne:<br>\u201eAjh\u013ea, vstupujeme do Jeruzalema&#8220;<\/p>\n\n\n\n<p>\u201ea napln\u00ed sa prorock\u00e1 re\u010d cele:<br>Syn \u010dloveka tam bude lapen\u00fd,<br>z\u013eah\u010den\u00fd, zbit\u00fd na du\u0161i i tele,<br>na kr\u00ed\u017ei v pokon umrie str\u00fdznen\u00fd&#8230;&#8220;<br>Tak vrav\u00ed P\u00e1n. Vie v\u0161etko, v\u0161etko zn\u00e1<br>a predsa \u017eiadnej obrany On nem\u00e1,<br>mier v l\u00edci, v srdci smelos\u0165 z\u00e1zra\u010dn\u00e1 \u2014<br>\u201eAjh\u013ea, vstupujeme do Jeruzalema.&#8220;<\/p>\n\n\n\n<p>Ve\u010f vie, \u017ee cesta kr\u00ed\u017ea vedie v sl\u00e1vu,<br>vie: tretieho d\u0148a z m\u0155tvych vstane zas<br>a potom zdvihn\u00fac majest\u00e1tne hlavu<br>zas navr\u00e1ti sa v nebies sl\u00e1vojas,<br>cez Jeruzalem zemsk\u00fd &#8211; v svrchn\u00fd ten,<br>(z neho bol predt\u00fdm pri\u0161iel do Betl\u00e9ma<br>na kr\u00e1tko, dielo sp\u00e1sy zv\u0155\u0161i\u0165 len) \u2014<br>\u201eAjh\u013ea, vstupujeme do Jeruzalema.&#8220;<\/p>\n\n\n\n<p>H\u013ea\u010f na Neho, pri\u013eni k Nemu, Bo\u017e\u00ed \u013eude,<br>tie\u017e kr\u00e1\u010daj, vstupuj verne za N\u00edm, s N\u00edm,<br>sa neboj, ke\u010f ti v\u00edchor strast\u00ed zhudie<br>nad hlavou biednou hlasom \u00fa\u017easn\u00fdm,<br>\u201eN\u00edm, za N\u00edm smelo v kr\u00ed\u017e a \u00fatrap spie\u0161,<br>si predsa Jeho n\u00e1rod, Jeho plema,<br>bu\u010f v\u017edycky heslom Tvojho \u017eitia tie\u017e:<br>\u201eAjh\u013ea, vstupujeme do Jeruzalema.&#8220;<\/p>\n\n\n\n<p>S N\u00edm, za N\u00edm smelo &#8211; to t\u00e1 prav\u00e1 cesta:<br>cez \u00fatrap k sl\u00e1ve . . . Kto s N\u00edm trp\u00ed tu,<br>s N\u00edm do onoho spiecha nebies mesta,<br>s N\u00edm vojde v sl\u00e1vu on\u00fa ve\u010dit\u00fa.<br>\u00d3, \u0161\u0165astn\u00fd, kto sa Jeho horlivo<br>v\u017edy dr\u017e\u00ed, inej t\u00fa\u017eby, cie\u013ea nem\u00e1,<br>kto v\u0161ade, v\u017edycky vol\u00e1 pravdivo:<br>\u201eAjh\u013ea, vstupujeme do Jeruzalema!&#8220;<\/p>\n","protected":false},"excerpt":{"rendered":"<p>Pred Ve\u013ekou nocou z kon\u010d\u00edn Galilejez\u00e1stupy tiahnu k mestu z v\u0161etk\u00fdch str\u00e1n,z \u00fast vstupuj\u00facich oz\u00f3n \u017ealmov zneje, \u2014a k z\u00e1stupom to\u0165 dru\u017e\u00ed sa aj P\u00e1ni s dvan\u00e1stimi &#8211; Id\u00fa radostne . . .V tom st\u00edchne \u017ealm a zvl\u00e1dne chv\u00ed\u013eka nem\u00e1,a Je\u017ei\u0161 vrav\u00ed v\u00e1\u017eno-sl\u00e1vnostne:\u201eAjh\u013ea, vstupujeme do Jeruzalema&#8220; \u201ea napln\u00ed sa prorock\u00e1 re\u010d cele:Syn \u010dloveka tam bude &#8230; <a title=\"Martin Braxatoris \u2014 Ajh\u013ea, vstupujeme\" class=\"read-more\" href=\"https:\/\/www.e-anjelik.sk\/index.php\/2021\/03\/28\/martin-braxatoris-ajhla-vstupujeme\/\" aria-label=\"Pre\u010d\u00edtajte si viac o Martin Braxatoris \u2014 Ajh\u013ea, vstupujeme\">\u010c\u00edta\u0165 viac<\/a><\/p>\n","protected":false},"author":3,"featured_media":0,"comment_status":"open","ping_status":"open","sticky":false,"template":"","format":"standard","meta":{"footnotes":""},"categories":[539,165],"tags":[],"class_list":["post-34469","post","type-post","status-publish","format-standard","hentry","category-kvetna-nedela-palmarum","category-poezia-2"],"_links":{"self":[{"href":"https:\/\/www.e-anjelik.sk\/index.php\/wp-json\/wp\/v2\/posts\/34469","targetHints":{"allow":["GET"]}}],"collection":[{"href":"https:\/\/www.e-anjelik.sk\/index.php\/wp-json\/wp\/v2\/posts"}],"about":[{"href":"https:\/\/www.e-anjelik.sk\/index.php\/wp-json\/wp\/v2\/types\/post"}],"author":[{"embeddable":true,"href":"https:\/\/www.e-anjelik.sk\/index.php\/wp-json\/wp\/v2\/users\/3"}],"replies":[{"embeddable":true,"href":"https:\/\/www.e-anjelik.sk\/index.php\/wp-json\/wp\/v2\/comments?post=34469"}],"version-history":[{"count":3,"href":"https:\/\/www.e-anjelik.sk\/index.php\/wp-json\/wp\/v2\/posts\/34469\/revisions"}],"predecessor-version":[{"id":34580,"href":"https:\/\/www.e-anjelik.sk\/index.php\/wp-json\/wp\/v2\/posts\/34469\/revisions\/34580"}],"wp:attachment":[{"href":"https:\/\/www.e-anjelik.sk\/index.php\/wp-json\/wp\/v2\/media?parent=34469"}],"wp:term":[{"taxonomy":"category","embeddable":true,"href":"https:\/\/www.e-anjelik.sk\/index.php\/wp-json\/wp\/v2\/categories?post=34469"},{"taxonomy":"post_tag","embeddable":true,"href":"https:\/\/www.e-anjelik.sk\/index.php\/wp-json\/wp\/v2\/tags?post=34469"}],"curies":[{"name":"wp","href":"https:\/\/api.w.org\/{rel}","templated":true}]}}