{"id":3449,"date":"2011-03-23T09:50:24","date_gmt":"2011-03-23T09:50:24","guid":{"rendered":"http:\/\/e-anjelik.sk\/?p=3449"},"modified":"2011-03-23T09:50:24","modified_gmt":"2011-03-23T09:50:24","slug":"dialog-medzi-ekd-a-pravoslavnou-cirkvou","status":"publish","type":"post","link":"https:\/\/www.e-anjelik.sk\/index.php\/2011\/03\/23\/dialog-medzi-ekd-a-pravoslavnou-cirkvou\/","title":{"rendered":"Dial\u00f3g medzi EKD a pravosl\u00e1vnou cirkvou"},"content":{"rendered":"<p>V nede\u013eu 20. marca t.r. na Kr&eacute;te sl&aacute;vnostne podp&iacute;sali spolo\u010dn&eacute; komunik&eacute; na z&aacute;ver rozhovorov medzi Evanjelickou cirkvou Nemecka (EKD) a z&aacute;stupcami Ekumenick&eacute;ho patriarch&aacute;tu v Carihrade. Dokument za EKD podp&iacute;sal biskup pre zahrani\u010die Martin Schindelh&uuml;tte a za patriarch&aacute;t metropolita Augoustinos. V porad&iacute; 15.&nbsp;stretnutie&nbsp;v bilater&aacute;lnom teologickom dial&oacute;gu sa&nbsp;konalo na t&eacute;mu:&quot; Vz\u0165ahy medzi cirkvou a &scaron;t&aacute;tom z historick&eacute;ho a ekleziologick&eacute;ho aspektu.&quot;&nbsp;Obe cirkvi potvrdili z&aacute;v&auml;zky, obsiahnut&eacute; v Charta Oecumenica , ako ur\u010duj&uacute;ce smer do bud&uacute;cnosti na ceste jednoty vo viere.<\/p>\n<p>(<a href=\"http:\/\/www.ekd.de\">www.ekd.de<\/a>)<\/p>\n","protected":false},"excerpt":{"rendered":"<p>V nede\u013eu 20. marca t.r. na Kr&eacute;te sl&aacute;vnostne podp&iacute;sali spolo\u010dn&eacute; komunik&eacute; na z&aacute;ver rozhovorov medzi Evanjelickou cirkvou Nemecka (EKD) a z&aacute;stupcami Ekumenick&eacute;ho patriarch&aacute;tu v Carihrade. Dokument za EKD podp&iacute;sal biskup pre zahrani\u010die Martin Schindelh&uuml;tte a za patriarch&aacute;t metropolita Augoustinos. V porad&iacute; 15.&nbsp;stretnutie&nbsp;v bilater&aacute;lnom teologickom dial&oacute;gu sa&nbsp;konalo na t&eacute;mu:&quot; Vz\u0165ahy medzi cirkvou a &scaron;t&aacute;tom z historick&eacute;ho &#8230; <a title=\"Dial\u00f3g medzi EKD a pravosl\u00e1vnou cirkvou\" class=\"read-more\" href=\"https:\/\/www.e-anjelik.sk\/index.php\/2011\/03\/23\/dialog-medzi-ekd-a-pravoslavnou-cirkvou\/\" aria-label=\"Pre\u010d\u00edtajte si viac o Dial\u00f3g medzi EKD a pravosl\u00e1vnou cirkvou\">\u010c\u00edta\u0165 viac<\/a><\/p>\n","protected":false},"author":22,"featured_media":0,"comment_status":"open","ping_status":"open","sticky":false,"template":"","format":"standard","meta":{"footnotes":""},"categories":[2],"tags":[],"class_list":["post-3449","post","type-post","status-publish","format-standard","hentry","category-ekumena"],"_links":{"self":[{"href":"https:\/\/www.e-anjelik.sk\/index.php\/wp-json\/wp\/v2\/posts\/3449","targetHints":{"allow":["GET"]}}],"collection":[{"href":"https:\/\/www.e-anjelik.sk\/index.php\/wp-json\/wp\/v2\/posts"}],"about":[{"href":"https:\/\/www.e-anjelik.sk\/index.php\/wp-json\/wp\/v2\/types\/post"}],"author":[{"embeddable":true,"href":"https:\/\/www.e-anjelik.sk\/index.php\/wp-json\/wp\/v2\/users\/22"}],"replies":[{"embeddable":true,"href":"https:\/\/www.e-anjelik.sk\/index.php\/wp-json\/wp\/v2\/comments?post=3449"}],"version-history":[{"count":0,"href":"https:\/\/www.e-anjelik.sk\/index.php\/wp-json\/wp\/v2\/posts\/3449\/revisions"}],"wp:attachment":[{"href":"https:\/\/www.e-anjelik.sk\/index.php\/wp-json\/wp\/v2\/media?parent=3449"}],"wp:term":[{"taxonomy":"category","embeddable":true,"href":"https:\/\/www.e-anjelik.sk\/index.php\/wp-json\/wp\/v2\/categories?post=3449"},{"taxonomy":"post_tag","embeddable":true,"href":"https:\/\/www.e-anjelik.sk\/index.php\/wp-json\/wp\/v2\/tags?post=3449"}],"curies":[{"name":"wp","href":"https:\/\/api.w.org\/{rel}","templated":true}]}}