{"id":3450,"date":"2011-03-23T10:12:13","date_gmt":"2011-03-23T10:12:13","guid":{"rendered":"http:\/\/e-anjelik.sk\/?p=3450"},"modified":"2011-03-23T10:12:13","modified_gmt":"2011-03-23T10:12:13","slug":"aka-bude-cirkev-o-tridsat-rokov","status":"publish","type":"post","link":"https:\/\/www.e-anjelik.sk\/index.php\/2011\/03\/23\/aka-bude-cirkev-o-tridsat-rokov\/","title":{"rendered":"Ak\u00e1 bude cirkev o tridsa\u0165 rokov?"},"content":{"rendered":"<p>Ako bude vyzera\u0165 evanjelick&aacute; cirkev o 30 rokov? V ka\u017edom pr&iacute;pade bude pravdepodobne po\u010detne men&scaron;ia.&nbsp; Predv&iacute;da to vo svojej progn&oacute;ze \u010dlenov cirkvi EKD. Pod\u013ea nej sa do roku 2040 zn&iacute;\u017ei po\u010det v d&ocirc;sledku &uacute;bytku obyvate\u013estva, v&yacute;stupov a ni\u017e&scaron;ieho po\u010dtu krstov det&iacute; o tretinu oproti roku 2009. Za predpokladu, \u017ee s&uacute;\u010dasn&yacute; v&yacute;voj bude pokra\u010dova\u0165, o\u010dak&aacute;va sa, \u017ee po\u010det \u010dlenov krajinsk&yacute;ch ev. cirkv&iacute; v Nemecku poklesne o 8 mili&oacute;nov , na 16 mili&oacute;nov. 4 mili&oacute;ny ubudn&uacute; v d&ocirc;sledku &uacute;bytku obyvate\u013estva, 2 mili&oacute;ny vyst&uacute;pia z cirkvi a takisto 2 mili&oacute;ny sa zmen&scaron;ia pre menej krstov det&iacute;. EKD nechce tento trend sledova\u0165 len so zalo\u017een&yacute;mi rukami. Negat&iacute;vnemu trendu chce predch&aacute;dza\u0165 cez vn&uacute;torn&uacute; a vonkaj&scaron;iu obnovu v r&aacute;mci reformn&eacute;ho procesu.<\/p>\n<p>(<a href=\"http:\/\/www.idea.de\">www.idea.de<\/a>)<\/p>\n","protected":false},"excerpt":{"rendered":"<p>Ako bude vyzera\u0165 evanjelick&aacute; cirkev o 30 rokov? V ka\u017edom pr&iacute;pade bude pravdepodobne po\u010detne men&scaron;ia.&nbsp; Predv&iacute;da to vo svojej progn&oacute;ze \u010dlenov cirkvi EKD. Pod\u013ea nej sa do roku 2040 zn&iacute;\u017ei po\u010det v d&ocirc;sledku &uacute;bytku obyvate\u013estva, v&yacute;stupov a ni\u017e&scaron;ieho po\u010dtu krstov det&iacute; o tretinu oproti roku 2009. Za predpokladu, \u017ee s&uacute;\u010dasn&yacute; v&yacute;voj bude pokra\u010dova\u0165, o\u010dak&aacute;va sa, &#8230; <a title=\"Ak\u00e1 bude cirkev o tridsa\u0165 rokov?\" class=\"read-more\" href=\"https:\/\/www.e-anjelik.sk\/index.php\/2011\/03\/23\/aka-bude-cirkev-o-tridsat-rokov\/\" aria-label=\"Pre\u010d\u00edtajte si viac o Ak\u00e1 bude cirkev o tridsa\u0165 rokov?\">\u010c\u00edta\u0165 viac<\/a><\/p>\n","protected":false},"author":22,"featured_media":0,"comment_status":"open","ping_status":"open","sticky":false,"template":"","format":"standard","meta":{"footnotes":""},"categories":[9,10],"tags":[],"class_list":["post-3450","post","type-post","status-publish","format-standard","hentry","category-europa","category-zo-sveta"],"_links":{"self":[{"href":"https:\/\/www.e-anjelik.sk\/index.php\/wp-json\/wp\/v2\/posts\/3450","targetHints":{"allow":["GET"]}}],"collection":[{"href":"https:\/\/www.e-anjelik.sk\/index.php\/wp-json\/wp\/v2\/posts"}],"about":[{"href":"https:\/\/www.e-anjelik.sk\/index.php\/wp-json\/wp\/v2\/types\/post"}],"author":[{"embeddable":true,"href":"https:\/\/www.e-anjelik.sk\/index.php\/wp-json\/wp\/v2\/users\/22"}],"replies":[{"embeddable":true,"href":"https:\/\/www.e-anjelik.sk\/index.php\/wp-json\/wp\/v2\/comments?post=3450"}],"version-history":[{"count":0,"href":"https:\/\/www.e-anjelik.sk\/index.php\/wp-json\/wp\/v2\/posts\/3450\/revisions"}],"wp:attachment":[{"href":"https:\/\/www.e-anjelik.sk\/index.php\/wp-json\/wp\/v2\/media?parent=3450"}],"wp:term":[{"taxonomy":"category","embeddable":true,"href":"https:\/\/www.e-anjelik.sk\/index.php\/wp-json\/wp\/v2\/categories?post=3450"},{"taxonomy":"post_tag","embeddable":true,"href":"https:\/\/www.e-anjelik.sk\/index.php\/wp-json\/wp\/v2\/tags?post=3450"}],"curies":[{"name":"wp","href":"https:\/\/api.w.org\/{rel}","templated":true}]}}