{"id":3451,"date":"2011-03-24T08:25:21","date_gmt":"2011-03-24T08:25:21","guid":{"rendered":"http:\/\/e-anjelik.sk\/?p=3451"},"modified":"2011-03-24T08:25:21","modified_gmt":"2011-03-24T08:25:21","slug":"reiner-stahl-jubiluje","status":"publish","type":"post","link":"https:\/\/www.e-anjelik.sk\/index.php\/2011\/03\/24\/reiner-stahl-jubiluje\/","title":{"rendered":"Reiner Stahl jubiluje"},"content":{"rendered":"<p>Gener&aacute;lny tajomn&iacute;k Spolku Martina Luthera (MLB) v Erlangene Dr. Reiner Stahl, evanjelick&yacute; far&aacute;r, sa 18. marca do\u017eil 60 rokov. &nbsp;Pri tomto jubileu ho listom pozdravil ved&uacute;ci biskup Spojenej luter&aacute;nskej cirkvi&nbsp;Nemecka (&nbsp;VELKD), krajinsk&yacute; biskup z&nbsp; Mn&iacute;chova Johannes Friedrich. V liste oce\u0148uje jubilanta nielen ako n&aacute;rodne a medzin&aacute;rodne oce\u0148ovan&eacute;ho partnera pre diasporu v Strednej a V&yacute;chodnej Eur&oacute;pe, ale aj d&ocirc;kladn&eacute;ho&nbsp;znalca luter&aacute;nskej teol&oacute;gie,ktor&uacute; dok&aacute;\u017ee obsahovo ukotvi\u0165 v pr&aacute;ci&nbsp;pre diasporu MLB a VELKD. &nbsp;R.Stahl vedie dobro\u010dinn&uacute; pr&aacute;cu MLB od roku 1998. Ve\u013emi \u010dasto cestuje a nav&scaron;tevuje partnersk&eacute; cirkvi v t&yacute;chto oblastiach, medzi nimi aj ECAV na Slovensku. Naostatok k&aacute;zal vlani na otv&aacute;rac&iacute;ch slu\u017eb&aacute;ch Bo\u017e&iacute;ch 400. v&yacute;ro\u010dia synody v \u017diline . Bratovi gener&aacute;lnemu tajomn&iacute;kovi prajeme do \u010fal&scaron;&iacute;ch rokov mnoho Bo\u017eej milosti a po\u017eehnania.<\/p>\n<p>(<a href=\"http:\/\/www.velkd.de\">www.velkd.de<\/a>)<\/p>\n","protected":false},"excerpt":{"rendered":"<p>Gener&aacute;lny tajomn&iacute;k Spolku Martina Luthera (MLB) v Erlangene Dr. Reiner Stahl, evanjelick&yacute; far&aacute;r, sa 18. marca do\u017eil 60 rokov. &nbsp;Pri tomto jubileu ho listom pozdravil ved&uacute;ci biskup Spojenej luter&aacute;nskej cirkvi&nbsp;Nemecka (&nbsp;VELKD), krajinsk&yacute; biskup z&nbsp; Mn&iacute;chova Johannes Friedrich. V liste oce\u0148uje jubilanta nielen ako n&aacute;rodne a medzin&aacute;rodne oce\u0148ovan&eacute;ho partnera pre diasporu v Strednej a V&yacute;chodnej Eur&oacute;pe, &#8230; <a title=\"Reiner Stahl jubiluje\" class=\"read-more\" href=\"https:\/\/www.e-anjelik.sk\/index.php\/2011\/03\/24\/reiner-stahl-jubiluje\/\" aria-label=\"Pre\u010d\u00edtajte si viac o Reiner Stahl jubiluje\">\u010c\u00edta\u0165 viac<\/a><\/p>\n","protected":false},"author":22,"featured_media":0,"comment_status":"open","ping_status":"open","sticky":false,"template":"","format":"standard","meta":{"footnotes":""},"categories":[1,14],"tags":[234],"class_list":["post-3451","post","type-post","status-publish","format-standard","hentry","category-adventna-modlitba","category-osobnosti","tag-zdruzenia-a-skupiny"],"_links":{"self":[{"href":"https:\/\/www.e-anjelik.sk\/index.php\/wp-json\/wp\/v2\/posts\/3451","targetHints":{"allow":["GET"]}}],"collection":[{"href":"https:\/\/www.e-anjelik.sk\/index.php\/wp-json\/wp\/v2\/posts"}],"about":[{"href":"https:\/\/www.e-anjelik.sk\/index.php\/wp-json\/wp\/v2\/types\/post"}],"author":[{"embeddable":true,"href":"https:\/\/www.e-anjelik.sk\/index.php\/wp-json\/wp\/v2\/users\/22"}],"replies":[{"embeddable":true,"href":"https:\/\/www.e-anjelik.sk\/index.php\/wp-json\/wp\/v2\/comments?post=3451"}],"version-history":[{"count":0,"href":"https:\/\/www.e-anjelik.sk\/index.php\/wp-json\/wp\/v2\/posts\/3451\/revisions"}],"wp:attachment":[{"href":"https:\/\/www.e-anjelik.sk\/index.php\/wp-json\/wp\/v2\/media?parent=3451"}],"wp:term":[{"taxonomy":"category","embeddable":true,"href":"https:\/\/www.e-anjelik.sk\/index.php\/wp-json\/wp\/v2\/categories?post=3451"},{"taxonomy":"post_tag","embeddable":true,"href":"https:\/\/www.e-anjelik.sk\/index.php\/wp-json\/wp\/v2\/tags?post=3451"}],"curies":[{"name":"wp","href":"https:\/\/api.w.org\/{rel}","templated":true}]}}