{"id":3452,"date":"2011-03-25T08:26:55","date_gmt":"2011-03-25T08:26:55","guid":{"rendered":"http:\/\/e-anjelik.sk\/?p=3452"},"modified":"2011-03-25T08:26:55","modified_gmt":"2011-03-25T08:26:55","slug":"25-marec-zvestovanie-narodenia-pana","status":"publish","type":"post","link":"https:\/\/www.e-anjelik.sk\/index.php\/2011\/03\/25\/25-marec-zvestovanie-narodenia-pana\/","title":{"rendered":"25. marec &#8211; Zvestovanie narodenia P\u00e1na"},"content":{"rendered":"<p>Dnes si uvedomel&iacute; kres\u0165ania pripom&iacute;naj&uacute; udalos\u0165 ,ako ju pop&iacute;sal evanjelista L&quot;uk&aacute;&scaron; v 1. kapitole vo ver&scaron;och 26-38. Ku perikop&aacute;m dne&scaron;n&eacute;ho sviatku patr&iacute; i ep. Gal. 4, 4-7. V nemeck&yacute;ch ev. cirkv&aacute;ch je k&aacute;z\u0148ov&yacute; text Iz. 7, 10-14. Pros&iacute;m, ak nem&aacute;te mo\u017enos\u0165 &iacute;s\u0165 do spolo\u010dn&eacute;ho zhroma\u017edenia veriacich, pre\u010d&iacute;tajte si aspo\u0148 tieto texty P&iacute;sma a meditujte o nich.<\/p>\n<p>Modlitba: &quot; <em><strong>Ot\u010de v nebesiach, chv&aacute;lim a veleb&iacute;m \u0164a , \u017ee si mi zjavil znamenie Tvojho sv&auml;t&eacute;ho narodenia. Bu\u010f a zost&aacute;vaj so mnou dnes a po v&scaron;etky dni, ako si to pris\u013e&uacute;bil v Tvojom mene , Immanuel &#8211; P&aacute;n , zost&aacute;vaj pri n&aacute;s! Amen.<\/strong><\/em>(Autor: far&aacute;r Daniel Jordanov,Klitten, Nemecko.)<\/p>\n","protected":false},"excerpt":{"rendered":"<p>Dnes si uvedomel&iacute; kres\u0165ania pripom&iacute;naj&uacute; udalos\u0165 ,ako ju pop&iacute;sal evanjelista L&quot;uk&aacute;&scaron; v 1. kapitole vo ver&scaron;och 26-38. Ku perikop&aacute;m dne&scaron;n&eacute;ho sviatku patr&iacute; i ep. Gal. 4, 4-7. V nemeck&yacute;ch ev. cirkv&aacute;ch je k&aacute;z\u0148ov&yacute; text Iz. 7, 10-14. Pros&iacute;m, ak nem&aacute;te mo\u017enos\u0165 &iacute;s\u0165 do spolo\u010dn&eacute;ho zhroma\u017edenia veriacich, pre\u010d&iacute;tajte si aspo\u0148 tieto texty P&iacute;sma a meditujte o &#8230; <a title=\"25. marec &#8211; Zvestovanie narodenia P\u00e1na\" class=\"read-more\" href=\"https:\/\/www.e-anjelik.sk\/index.php\/2011\/03\/25\/25-marec-zvestovanie-narodenia-pana\/\" aria-label=\"Pre\u010d\u00edtajte si viac o 25. marec &#8211; Zvestovanie narodenia P\u00e1na\">\u010c\u00edta\u0165 viac<\/a><\/p>\n","protected":false},"author":22,"featured_media":0,"comment_status":"open","ping_status":"open","sticky":false,"template":"","format":"standard","meta":{"footnotes":""},"categories":[25,233],"tags":[],"class_list":["post-3452","post","type-post","status-publish","format-standard","hentry","category-liturgia","category-modlitby"],"_links":{"self":[{"href":"https:\/\/www.e-anjelik.sk\/index.php\/wp-json\/wp\/v2\/posts\/3452","targetHints":{"allow":["GET"]}}],"collection":[{"href":"https:\/\/www.e-anjelik.sk\/index.php\/wp-json\/wp\/v2\/posts"}],"about":[{"href":"https:\/\/www.e-anjelik.sk\/index.php\/wp-json\/wp\/v2\/types\/post"}],"author":[{"embeddable":true,"href":"https:\/\/www.e-anjelik.sk\/index.php\/wp-json\/wp\/v2\/users\/22"}],"replies":[{"embeddable":true,"href":"https:\/\/www.e-anjelik.sk\/index.php\/wp-json\/wp\/v2\/comments?post=3452"}],"version-history":[{"count":0,"href":"https:\/\/www.e-anjelik.sk\/index.php\/wp-json\/wp\/v2\/posts\/3452\/revisions"}],"wp:attachment":[{"href":"https:\/\/www.e-anjelik.sk\/index.php\/wp-json\/wp\/v2\/media?parent=3452"}],"wp:term":[{"taxonomy":"category","embeddable":true,"href":"https:\/\/www.e-anjelik.sk\/index.php\/wp-json\/wp\/v2\/categories?post=3452"},{"taxonomy":"post_tag","embeddable":true,"href":"https:\/\/www.e-anjelik.sk\/index.php\/wp-json\/wp\/v2\/tags?post=3452"}],"curies":[{"name":"wp","href":"https:\/\/api.w.org\/{rel}","templated":true}]}}