{"id":34535,"date":"2021-04-01T11:02:19","date_gmt":"2021-04-01T09:02:19","guid":{"rendered":"http:\/\/e-anjelik.sk\/?p=34535"},"modified":"2022-04-25T15:12:34","modified_gmt":"2022-04-25T13:12:34","slug":"pastiersky-list-zboru-biskupov-k-velkej-noci-2021","status":"publish","type":"post","link":"https:\/\/www.e-anjelik.sk\/index.php\/2021\/04\/01\/pastiersky-list-zboru-biskupov-k-velkej-noci-2021\/","title":{"rendered":"Pastiersky list Zboru biskupov k Ve\u013ekej noci 2021"},"content":{"rendered":"\n<p>Drah\u00ed, sestry a bratia, v\u00e1\u017een\u00e9 cirkevn\u00e9 zbory,&nbsp;<\/p>\n\n\n\n<p>srde\u010dne v\u00e1s pozdravujeme pri pr\u00edle\u017eitosti sviatkov Ve\u013ekej noci v roku 2021! Pre\u017eili sme zvl\u00e1\u0161tnu p\u00f4stnu dobu. Pre mnoh\u00fdch mala znaky osobnej kalv\u00e1rie. Bolo v nej omnoho viac ticha, samoty a odriekania ako predt\u00fdm. Mnoh\u00ed u\u017e c\u00edtia \u00fanavu z koronakr\u00edzy a z uzamknutia. Sme znepokojen\u00ed po\u010dtami nakazen\u00fdch a umieraj\u00facich. Medzi zosnul\u00fdmi s\u00fa \u017eia\u013e aj na\u0161i duchovn\u00ed pastieri, neordinovan\u00ed slu\u017eobn\u00edci, \u010di vern\u00ed \u010dlenovia cirkevn\u00fdch zborov. Pozostal\u00fdm rodin\u00e1m a cirkevn\u00fdm zborom vyjadrujeme \u00faprimn\u00fa s\u00fastras\u0165. S v\u010fa\u010dnos\u0165ou vo\u010di Bohu spom\u00edname na zosnul\u00fdch. \u013d\u00fato je n\u00e1m ale v\u00f4bec ka\u017ed\u00e9ho, kto zomrel na n\u00e1sledky onemocnenia v\u00edrusom covid \u2013 19. A \u010fakujeme Bohu za ka\u017ed\u00e9ho uzdraven\u00e9ho. &nbsp;<\/p>\n\n\n\n<p>&nbsp; &nbsp;N\u00e1\u0161 \u017eivot nadobudol vidite\u013ene in\u00fa podobu. Mnoh\u00ed stratili finan\u010dn\u00e9 a soci\u00e1lne istoty. Okrem mnoh\u00fdch pekn\u00fdch vec\u00ed a pr\u00edkladov vz\u00e1jomnej pomoci sa vyplavilo aj mnoho odcudzenia, pr\u00e1zdnoty a agresivity. V\u0161etko je e\u0161te sprev\u00e1dzan\u00e9 politickou kr\u00edzou. Na tomto pozad\u00ed pre\u017e\u00edvame t\u00fa\u017ebu norm\u00e1lne \u017ei\u0165, boj\u00edme sa &nbsp;ochorenia, smrti, star\u00e1me sa o \u0161kol\u00e1kov \u010di seniorov. T\u00fa\u017eime by\u0165 op\u00e4\u0165 spolu v zhroma\u017edeniach cirkvi, dovtedy sme v\u010fa\u010dn\u00ed za duchovn\u00fd pokrm cez tla\u010d, m\u00e9di\u00e1 a internet.<\/p>\n\n\n\n<p>&nbsp; &nbsp; &nbsp;Vo viere sme povolan\u00ed k tomu, aby sme svoje osobn\u00e9 i spolo\u010dn\u00e9 kalv\u00e1rie niesli v z\u00e1vislosti na Bohu. Vyzn\u00e1vame, \u017ee b\u00fdvame okolnos\u0165ami zasko\u010den\u00ed a nereagujeme spr\u00e1vne. Nie je to dobr\u00e9 svedectvo svetu. Kedy, ak nie v zlo\u017eit\u00fdch \u010dasoch m\u00e1 viera d\u00e1va\u0165 spr\u00e1vnu orient\u00e1ciu, ukazova\u0165 svoju silu a ovocie?<\/p>\n\n\n\n<p>&nbsp; &nbsp; &nbsp;Apo\u0161tol Peter sa prihov\u00e1ral svojej cirkvi v zlo\u017eitej situ\u00e1cii:&nbsp;<em>\u201eMilovan\u00ed, nedivte sa oh\u0148u s\u00fa\u017eenia, ktor\u00fd v\u00e1s pri\u0161iel sk\u00fa\u0161a\u0165, akoby sa v\u00e1m prihodilo nie\u010do nezvy\u010dajn\u00e9. Ale nako\u013eko sa podie\u013eate na Kristov\u00fdch utrpeniach, radujte sa, aby ste sa s plesan\u00edm radovali aj pri zjaven\u00ed Jeho sl\u00e1vy\u201c (<\/em><em>1. list Petra 4, 12 \u2013 14).&nbsp;<\/em>Kres\u0165anov jeho doby prekvapilo, \u017ee do ich &nbsp;\u017eivota vst\u00fapilo utrpenie v podobe prenasledovania. Podoby \u013eudsk\u00fdch kalv\u00e1ri\u00ed b\u00fdvaj\u00fa rozli\u010dn\u00e9. Petrove slov\u00e1 pom\u00e1haj\u00fa ak\u00e9ko\u013evek utrpenie za\u010dleni\u0165 do s\u00favislost\u00ed viery a unies\u0165 ho. Po\u010dujme Petrovu k\u00e1ze\u0148 a prijmime ju ako povzbudenie na \u010fal\u0161iu cestu!<\/p>\n\n\n\n<p>&nbsp; &nbsp; &nbsp;Peter najprv obracia n\u00e1\u0161 poh\u013ead na Je\u017ei\u0161ov kr\u00ed\u017e. Hovor\u00ed: \u201e<em>Podie\u013eate sa na Kristov\u00fdch utrpeniach\u201c.<\/em>&nbsp;Utrpenie je premietan\u00edm kr\u00ed\u017ea Je\u017ei\u0161a Krista do n\u00e1\u0161ho \u017eivota. Z\u00e1rove\u0148 sa utrpenie m\u00f4\u017ee prekvapivo zmeni\u0165 na priestor, kde pre\u017e\u00edvame stretnutie a spojenie s P\u00e1nom. Potom Peter obracia n\u00e1\u0161 poh\u013ead na Je\u017ei\u0161a vzkriesen\u00e9ho. Hovor\u00ed:&nbsp;<em>\u201eBudete sa radova\u0165 aj pri zjaven\u00ed Jeho sl\u00e1vy\u201c.<\/em>&nbsp;Opisuje nepredstavite\u013en\u00fd moment, v ktorom bude cel\u00e9mu stvoreniu odkryt\u00e1 sl\u00e1va vzkriesen\u00e9ho Krista. T\u00ed, ktor\u00ed Mu vierou patria, bud\u00fa s N\u00edm. Ak\u00e1 \u00fa\u017easn\u00e1 n\u00e1dej! Neprin\u00e1\u0161a v\u0161ak \u00fatek zo sveta. St\u00e1le zost\u00e1vame v pr\u00edtomnosti. Vierou v\u0161ak vid\u00edme za v\u0161etky \u0165a\u017ek\u00e9 a sk\u013eu\u010duj\u00face veci. Vid\u00edme vzkriesen\u00e9ho P\u00e1na, Jeho absol\u00fatnu moc a l\u00e1sku. Jemu patr\u00edme! To je najrozhoduj\u00facej\u0161\u00ed moment na\u0161ej existencie. To je silou prenies\u0165 utrpenie a kr\u00e1\u010da\u0165 \u010falej.<\/p>\n\n\n\n<p>&nbsp; &nbsp; &nbsp;Bratia a sestry, ni\u010d z toho, \u010do sa deje, nem\u00e1 nad nami rozhoduj\u00face slovo. M\u00e1 ho P\u00e1n Je\u017ei\u0161 Kristus; za n\u00e1s trpiaci a pre n\u00e1s vzkriesen\u00fd. Toto je najd\u00f4le\u017eitej\u0161ie. S t\u00fdmto zn\u00e1\u0161ame osobn\u00fd kr\u00ed\u017e, nespokojnos\u0165, nedostatky, zl\u00e9 polo\u017eenia a sm\u00fatky. S t\u00fdmto sme slobodn\u00ed k l\u00e1ske, k slu\u017ebe, k obetavosti. S t\u00fdmto sa st\u00e1vame so\u013eou a svetlom. V\u010faka tomu neust\u00e1vame v modlitb\u00e1ch, \u010di v p\u00f4ste; nie len za seba a svoje rodiny, ale za v\u0161etk\u00fdch. V\u0161etk\u00fdm \u017eehn\u00e1me. Sme trpezliv\u00ed a pokorn\u00ed, prin\u00e1\u0161ame povzbudenie a \u00fasmev. Opakujeme: Nie z vlastn\u00fdch s\u00edl, ale&nbsp;<em>\u201ez podie\u013eania sa na Kristovi trpiacom a vzkriesenom\u201c<\/em>. On men\u00ed lockdown \u2013 uzamknutie, na otvorenie sa \u017eivotu, ktor\u00fd je \u017eit\u00fd z v\u00e4zby na Jeho kr\u00ed\u017e a na Jeho sl\u00e1vne vzkriesenie.<\/p>\n\n\n\n<p>&nbsp; &nbsp; &nbsp;V plnosti V\u00e1m i Va\u0161im cirkevn\u00fdm zborom tak\u00fd \u017eivot \u017eel\u00e1me a vyprosujeme! Te\u0161\u00edme sa s Vami z ve\u013ekono\u010dn\u00fdch sviatkov. Srde\u010dne pozdravujeme ka\u017ed\u00e9ho brata a sestru, bohumil\u00e9 cirkevn\u00e9 zbory. Mnoh\u00e9 pl\u00e1ny, ktor\u00e9 mali posun\u00fa\u0165 na\u0161e spolo\u010denstv\u00e1 dopredu, pohltila korona. Dnes je pred ka\u017ed\u00fdm z n\u00e1s predov\u0161etk\u00fdm jedna \u00faloha: Obst\u00e1\u0165 v tomto \u010dase sk\u00fa\u0161ky ako \u013eudia, ktor\u00ed \u017eij\u00fa z Krista ukri\u017eovan\u00e9ho a vzkriesen\u00e9ho&#8230;.<\/p>\n\n\n\n<p>&nbsp; &nbsp; &nbsp;Milovan\u00ed, nech je s Vami n\u00e1\u0161 P\u00e1n! Jemu nech je vzd\u00e1van\u00e1 na\u0161a \u00facta, v\u010faka, \u010des\u0165 a chv\u00e1la!<\/p>\n\n\n\n<p>&nbsp; &nbsp; &nbsp;Va\u0161i v P\u00e1novi, &nbsp; &nbsp; &nbsp; &nbsp; &nbsp; &nbsp; &nbsp;&nbsp;&nbsp; &nbsp; &nbsp; &nbsp; &nbsp; &nbsp; &nbsp; &nbsp; &nbsp; &nbsp; &nbsp; &nbsp; &nbsp; &nbsp; &nbsp; &nbsp; &nbsp; &nbsp;<\/p>\n\n\n\n<p>Ivan E\u013eko &nbsp; &nbsp; &nbsp; &nbsp; &nbsp; &nbsp; &nbsp; &nbsp; &nbsp; &nbsp; &nbsp; &nbsp; &nbsp; &nbsp; &nbsp; &nbsp; &nbsp; &nbsp; &nbsp; &nbsp; &nbsp; &nbsp; &nbsp; &nbsp; J\u00e1n Hrobo\u0148 &nbsp; &nbsp; &nbsp; &nbsp; &nbsp; &nbsp; &nbsp; &nbsp; &nbsp; &nbsp; &nbsp; &nbsp; &nbsp; &nbsp; &nbsp; &nbsp; &nbsp; &nbsp; &nbsp; &nbsp; &nbsp; &nbsp; &nbsp; &nbsp; &nbsp; Peter Miho\u010d &nbsp; &nbsp; &nbsp; &nbsp; &nbsp; &nbsp; &nbsp; &nbsp; &nbsp; &nbsp; &nbsp; &nbsp; &nbsp; &nbsp; &nbsp; &nbsp; &nbsp; &nbsp; &nbsp; &nbsp; &nbsp; &nbsp; &nbsp; &nbsp; &nbsp; &nbsp; &nbsp; &nbsp; &nbsp; &nbsp; &nbsp; &nbsp; &nbsp; &nbsp; &nbsp; gener\u00e1lny biskup ECAV &nbsp; &nbsp; &nbsp; &nbsp; &nbsp; &nbsp; &nbsp; &nbsp; &nbsp; &nbsp; &nbsp; &nbsp; &nbsp;biskup ZD ECAV &nbsp; &nbsp; &nbsp; &nbsp; &nbsp; &nbsp; &nbsp; &nbsp; &nbsp; &nbsp; &nbsp; &nbsp; &nbsp; &nbsp; &nbsp; &nbsp; &nbsp; &nbsp; &nbsp; &nbsp; &nbsp; &nbsp; biskup VD ECAV &nbsp;&nbsp;<\/p>\n\n\n\n<p><\/p>\n\n\n\n<p><\/p>\n\n\n\n<p><a href=\"https:\/\/www.ecav.sk\/aktuality\/stanoviska-a-vyjadrenia\/pastiersky-list-zboru-biskupov-k-velkej-noci-2021\">https:\/\/www.ecav.sk\/aktuality\/stanoviska-a-vyjadrenia\/pastiersky-list-zboru-biskupov-k-velkej-noci-2021<\/a><\/p>\n\n\n\n<p><\/p>\n","protected":false},"excerpt":{"rendered":"<p>Drah\u00ed, sestry a bratia, v\u00e1\u017een\u00e9 cirkevn\u00e9 zbory,&nbsp; srde\u010dne v\u00e1s pozdravujeme pri pr\u00edle\u017eitosti sviatkov Ve\u013ekej noci v roku 2021! Pre\u017eili sme zvl\u00e1\u0161tnu p\u00f4stnu dobu. Pre mnoh\u00fdch mala znaky osobnej kalv\u00e1rie. Bolo v nej omnoho viac ticha, samoty a odriekania ako predt\u00fdm. Mnoh\u00ed u\u017e c\u00edtia \u00fanavu z koronakr\u00edzy a z uzamknutia. Sme znepokojen\u00ed po\u010dtami nakazen\u00fdch a umieraj\u00facich. &#8230; <a title=\"Pastiersky list Zboru biskupov k Ve\u013ekej noci 2021\" class=\"read-more\" href=\"https:\/\/www.e-anjelik.sk\/index.php\/2021\/04\/01\/pastiersky-list-zboru-biskupov-k-velkej-noci-2021\/\" aria-label=\"Pre\u010d\u00edtajte si viac o Pastiersky list Zboru biskupov k Ve\u013ekej noci 2021\">\u010c\u00edta\u0165 viac<\/a><\/p>\n","protected":false},"author":1,"featured_media":0,"comment_status":"open","ping_status":"open","sticky":false,"template":"","format":"standard","meta":{"footnotes":""},"categories":[77,78],"tags":[],"class_list":["post-34535","post","type-post","status-publish","format-standard","hentry","category-velka-noc","category-zbor-biskupov-ecav"],"_links":{"self":[{"href":"https:\/\/www.e-anjelik.sk\/index.php\/wp-json\/wp\/v2\/posts\/34535","targetHints":{"allow":["GET"]}}],"collection":[{"href":"https:\/\/www.e-anjelik.sk\/index.php\/wp-json\/wp\/v2\/posts"}],"about":[{"href":"https:\/\/www.e-anjelik.sk\/index.php\/wp-json\/wp\/v2\/types\/post"}],"author":[{"embeddable":true,"href":"https:\/\/www.e-anjelik.sk\/index.php\/wp-json\/wp\/v2\/users\/1"}],"replies":[{"embeddable":true,"href":"https:\/\/www.e-anjelik.sk\/index.php\/wp-json\/wp\/v2\/comments?post=34535"}],"version-history":[{"count":2,"href":"https:\/\/www.e-anjelik.sk\/index.php\/wp-json\/wp\/v2\/posts\/34535\/revisions"}],"predecessor-version":[{"id":34537,"href":"https:\/\/www.e-anjelik.sk\/index.php\/wp-json\/wp\/v2\/posts\/34535\/revisions\/34537"}],"wp:attachment":[{"href":"https:\/\/www.e-anjelik.sk\/index.php\/wp-json\/wp\/v2\/media?parent=34535"}],"wp:term":[{"taxonomy":"category","embeddable":true,"href":"https:\/\/www.e-anjelik.sk\/index.php\/wp-json\/wp\/v2\/categories?post=34535"},{"taxonomy":"post_tag","embeddable":true,"href":"https:\/\/www.e-anjelik.sk\/index.php\/wp-json\/wp\/v2\/tags?post=34535"}],"curies":[{"name":"wp","href":"https:\/\/api.w.org\/{rel}","templated":true}]}}