{"id":34543,"date":"2021-04-02T17:06:00","date_gmt":"2021-04-02T15:06:00","guid":{"rendered":"http:\/\/e-anjelik.sk\/?p=34543"},"modified":"2022-04-25T14:24:19","modified_gmt":"2022-04-25T12:24:19","slug":"dies-viridium-zeleny-stvrtok","status":"publish","type":"post","link":"https:\/\/www.e-anjelik.sk\/index.php\/2021\/04\/02\/dies-viridium-zeleny-stvrtok\/","title":{"rendered":"Dies viridium. Zelen\u00fd \u0161tvrtok"},"content":{"rendered":"\n<p><em>&nbsp;&nbsp;<\/em><strong> Dies viridium. Zelen\u00fd \u0161tvrtok<\/strong><\/p>\n\n\n\n<p><em>Krv Tvoja, Pane n\u00e1\u0161,<\/em><\/p>\n\n\n\n<p><em>je k\u0148azstva Tvojho pe\u010da\u0165<\/em><\/p>\n\n\n\n<p><em>a s Otcom sp\u00e1ja n\u00e1s,<\/em><\/p>\n\n\n\n<p><em>by nemusel n\u00e1s tresta\u0165.<\/em><\/p>\n\n\n\n<p><em>Krv Tvoja, Pane n\u00e1\u0161<\/em><\/p>\n\n\n\n<p><em>n\u00e1s k l\u00e1ske pon\u00faka,<\/em><\/p>\n\n\n\n<p><em>v nej spasenie je ist\u00e9<\/em><\/p>\n\n\n\n<p><em>a st\u00e1la z\u00e1ruka. Amen. (M.R.)<\/em><\/p>\n\n\n\n<p><strong>\u017d 22, 23 &#8211; 32:<\/strong><\/p>\n\n\n\n<p><em>\u201c O Tvojom mene&nbsp; budem rozpr\u00e1va\u0165 svojim bratom,&nbsp;<\/em><\/p>\n\n\n\n<p><em>uprostred zhroma\u017edenia chcem \u0165a chv\u00e1li\u0165:<\/em><\/p>\n\n\n\n<p><em>(24) Vy, \u010do sa boj\u00edte Hospodina, chv\u00e1\u013ete Ho!<\/em><\/p>\n\n\n\n<p><em>V\u0161etko potomstvo J\u00e1kobovo, ctite Ho!<\/em><\/p>\n\n\n\n<p><em>A bojte sa Ho, v\u0161etko potomstvo Izraela!<\/em><\/p>\n\n\n\n<p><em>(25) Lebo On nezavrhol, ani nezo\u0161klivil si biedu \u00fabo\u017eiaka,<\/em><\/p>\n\n\n\n<p><em>neskryl si pred n\u00edm svoju tv\u00e1r.<\/em><\/p>\n\n\n\n<p><em>Ke\u010f volal k Nemu, po\u010dul Ho.<\/em><\/p>\n\n\n\n<p><em>(26) Z Teba pramen\u00ed moja chv\u00e1la vo ve\u013ekom zbore,<\/em><\/p>\n\n\n\n<p><em>vypln\u00edm svoje s\u013euby pred t\u00fdmi, \u010do sa Ho boja.<\/em><\/p>\n\n\n\n<p><em>(27) Pokorn\u00ed bud\u00fa jes\u0165 a nas\u00fdtia sa,<\/em><\/p>\n\n\n\n<p><em>a&nbsp; chv\u00e1li\u0165 bud\u00fa Hospodina t\u00ed, \u010do Ho h\u013eadaj\u00fa.<\/em><\/p>\n\n\n\n<p><em>Nech va\u0161e srdce \u017eije naveky!<\/em><\/p>\n\n\n\n<p><em>(28) Rozpomen\u00fa a obr\u00e1tia sa k Hospodinu v\u0161etky kon\u010diny zeme<\/em><\/p>\n\n\n\n<p><em>a kla\u0148a\u0165 sa Ti bud\u00fa v\u0161etky \u010delade n\u00e1rodov.<\/em><\/p>\n\n\n\n<p><em>(29) Lebo Hospodinu patr\u00ed kra\u013eovanie,<\/em><\/p>\n\n\n\n<p><em>On je vlad\u00e1rom nad n\u00e1rodmi.<\/em><\/p>\n\n\n\n<p><em>(30)Len pred N\u00edm sa bud\u00fa skl\u00e1\u0148a\u0165 v\u0161etci, \u010do spia v zemi,<\/em><\/p>\n\n\n\n<p><em>pred N\u00edm sa pokor\u00ed ka\u017ed\u00fd, kto zostupuje do prachu<\/em><\/p>\n\n\n\n<p><em>a nem\u00f4\u017ee si du\u0161u \u017eiv\u00fa zachova\u0165.<\/em><\/p>\n\n\n\n<p><em>(31) Potomstvo bude sl\u00fa\u017ei\u0165 Jemu,<\/em><\/p>\n\n\n\n<p><em>o P\u00e1novi (32) sa bude rozpr\u00e1va\u0165 bud\u00facemu pokoleniu,<\/em><\/p>\n\n\n\n<p><em>a hl\u00e1sa\u0165 bud\u00fa Jeho spravodlivos\u0165<\/em><\/p>\n\n\n\n<p><em>\u013eudu, ktor\u00fd sa narod\u00ed,<\/em><\/p>\n\n\n\n<p><em>\u017ee On to u\u010dinil.\u201d Amen<\/em><\/p>\n\n\n\n<p><strong>&nbsp;&nbsp; &nbsp; &nbsp; &nbsp;<\/strong> Krista P\u00e1na chv\u00e1liaci bratia a sestry!<\/p>\n\n\n\n<p>&nbsp; &nbsp; Je to zvl\u00e1\u0161tny pocit, ke\u010f viacer\u00e9 d\u00f4le\u017eit\u00e9 pravdy a posolstv\u00e1 Zelen\u00e9ho \u0161tvrtku m\u00f4\u017eeme po\u010du\u0165 v slov\u00e1ch \u017ealmistu Starej zmluvy, prostredn\u00edctvom viery \u010dloveka \u017eij\u00faceho nieko\u013eko storo\u010d\u00ed pred pr\u00edchodom Je\u017ei\u0161a Krista. Sk\u00f4r, ako Je\u017ei\u0161 ustanovil svoju sv\u00e4t\u00fa Ve\u010deru, sk\u00f4r ako bol zraden\u00fd, sk\u00f4r ako trpel, ozn\u00e1mil to P\u00e1n Boh v prorock\u00fdch slov\u00e1ch \u017ealmistu ako predpove\u010f svojho z\u00e1meru a svojej v\u00f4le. Na Zelen\u00fd \u0161tvrtok si spr\u00edtom\u0148ujeme viacer\u00e9 d\u00f4le\u017eit\u00e9 udalosti. Predov\u0161etk\u00fdm dnes mysl\u00edme na ustanovenie P\u00e1novej sv\u00e4tej Ve\u010dere po pasch\u00e1lnej ve\u010deri, ktor\u00fa sl\u00e1vil so svoj\u00edmi u\u010den\u00edkmi.&nbsp;<\/p>\n\n\n\n<p>&nbsp; &nbsp; Pasch\u00e1lna ve\u010dera sa sl\u00e1vila a sl\u00e1vi dodnes na pamiatku vyslobodenia Izraelcov z Egypta v ka\u017edej \u017eidovskej rodine. Je\u017ei\u0161ovou rodinou boli Jeho u\u010den\u00edci, ale po\u010das nej Je\u017ei\u0161 ozna\u010dil aj svojho zradcu. Po \u201cposlednej Ve\u010deri\u201d odi\u0161iel P\u00e1n s u\u010den\u00edkmi do Getsemanskej z\u00e1hrady, ke\u010f sa pripravoval na vypitie \u201ckalicha utrpenia\u201d, odovzd\u00e1vaj\u00fac sa do Bo\u017eej v\u00f4le. U\u010den\u00edci nemali dos\u0165 sily, aby Ho podopierali a po Jeho zajat\u00ed Ho v strachu opustili. &nbsp; &nbsp; &nbsp;<\/p>\n\n\n\n<p>&nbsp;&nbsp; Na jednej strane V Getsemaane vid\u00edme pripravenos\u0165 P\u00e1novu zomrie\u0165 za hrie\u0161nikov, ale na strane druhej slabos\u0165 a p\u00e1d \u010dloveka. Prejavil sa nielen v Jud\u00e1\u0161ovom zradnom bozku, ale aj v snahe u\u010den\u00edka Petra me\u010dom bojova\u0165 za Je\u017ei\u0161a a n\u00e1sil\u00edm napravi\u0165 vlastn\u00e9 zlyhanie. U\u010den\u00edci sa v z\u00e1hrade nemodlili, ale spali a preto zlyhali. N\u00e1sledne Peter na dvore ve\u013ek\u0148aza trikr\u00e1t svojho Majstra zaprel a s pla\u010dom Ho opustil.&nbsp;<\/p>\n\n\n\n<p>&nbsp;&nbsp; Tento jeho p\u00e1d je poukazom na falo\u0161n\u00fa ubezpe\u010denos\u0165 \u010dloveka, ke\u010f si mysl\u00ed, \u017ee s\u00e1m, zo svojich s\u00edl, bez dok\u00e1\u017ee pri Je\u017ei\u0161ovi vytrva\u0165. Uk\u00e1zalo sa, \u017ee bez P\u00e1novej pomoci a milosti to nie je mo\u017en\u00e9. Petrove slov\u00e1 spojen\u00e9 s pr\u00edsahou ukazuj\u00fa nielen jeho slabos\u0165, ale upozor\u0148uj\u00fa n\u00e1s v\u0161etk\u00fdch na na\u0161u nechopnos\u0165 zotrva\u0165 vo viere bez Bo\u017eej pomoci.&nbsp;<\/p>\n\n\n\n<p>&nbsp; &nbsp; Zelen\u00fd \u0161tvrtok je preto aj pr\u00edhodn\u00fdm \u010dasom pok\u00e1nia, ke\u010f m\u00f4\u017eeme prist\u00fapi\u0165 ku spovedi &#8211; i ke\u010f tento rok pre trvaj\u00facu pand\u00e9miu je situ\u00e1cia in\u00e1. Mo\u017eno sa niekedy pri predlo\u017een\u00ed spovedn\u00fdch ot\u00e1zok v duchu p\u00fdtame, ako a v \u010dom sme skuto\u010dne zhre\u0161ili? O ak\u00e9 konkr\u00e9tne odpustenie sa m\u00e1me usilova\u0165 a prosi\u0165? Mo\u017eno si nie sme vedom\u00ed nejak\u00e9ho konkr\u00e9tneho hriechu, ktor\u00fd za\u0165a\u017euje na\u0161e svedomie a iba mechanicky odpoved\u00e1me na spovedn\u00e9 ot\u00e1zky.&nbsp;<\/p>\n\n\n\n<p>&nbsp;&nbsp; Sta\u010d\u00ed sa v\u0161ak zamyslie\u0165 nad na\u0161imi s\u013eubmi vernosti, ktor\u00e9 sme dali a vyslovili pri r\u00f4znych pr\u00edle\u017eitostiach. \u010ci sme ich neporu\u0161ili, podobne ako Peter, ktor\u00fd Je\u017ei\u0161ovi s\u013euboval: <em>\u201cKeby \u0164a aj v\u0161etci opustili, ja \u0164a nikdy neopust\u00edm\u201d? <\/em>Dnes m\u00e1me op\u00e4\u0165 mo\u017enos\u0165 sk\u00fama\u0165 sam\u00fdch seba. Dodr\u017eali sme man\u017eelsk\u00e9 s\u013euby vernosti a l\u00e1sky, tak ako sme ich vyslovili pri kres\u0165anskom sob\u00e1\u0161i: <em>\u201cBudem \u0165a milova\u0165, o teba sa stara\u0165, vernos\u0165 ti zachov\u00e1va\u0165 a s tebou tak na\u017e\u00edva\u0165, ako to p\u00e1n Boh vo svojom slove prikazuje\u201d?<\/em><\/p>\n\n\n\n<p><em>&nbsp;&nbsp; &nbsp; <\/em>Presk\u00famajme na\u0161u vernos\u0165, ako sme dodr\u017eali krstn\u00e9 s\u013euby ako rodi\u010dia a krstn\u00ed rodi\u010dia. Sved\u010dili sme o viere svojim de\u0165om a vychov\u00e1vali ich v b\u00e1zni Bo\u017eej a v napom\u00ednan\u00ed P\u00e1novom? M\u00f4\u017eeme sa zamyslie\u0165 aj nad hodnotou n\u00e1\u0161ho konfirma\u010dn\u00e9ho s\u013eubu, ktor\u00fd bol s\u013eubom vernosti P\u00e1nu Bohu, na\u0161ej cirkvi a Je\u017ei\u0161ovi ako P\u00e1novi. Zamyslime sa, ako pln\u00edme s\u013euby, ktor\u00e9 sme zlo\u017eili ako presbyteri a cirkevn\u00ed funkcion\u00e1ri pred tv\u00e1rou zboru. V nie poslednom rade aj nad hodnotou s\u013eubov o polep\u0161en\u00ed \u017eivota, dan\u00fdch pri spovedi a P\u00e1novej Ve\u010deri.<\/p>\n\n\n\n<p>&nbsp; &nbsp; Ani tmav\u00e1 noc v Getsemane neprikryla hriechy malovernosti a dokonca otvornej zrady Krista. Niet takej tmy a noci ani v\u00f4kol n\u00e1s, v ktorej by n\u00e1s ako hrie\u0161nikov neodhalilo svetlo Kristovho slova. Bo\u017e\u00ed z\u00e1kon ukazuje a odkr\u00fdva mnoh\u00e9 na\u0161e hriechy a nepr\u00e1vosti. Ak je \u010dlovek tak\u00fd slab\u00fd, nebolo by divu, ak by n\u00e1s P\u00e1n Boh zavrhol a odvr\u00e1til od n\u00e1s svoju tv\u00e1r. Ale my smieme dnes myslie\u0165 aj na to, ako P\u00e1n pozrel na Petra! Nie s hnevom, ale s t\u00fa\u017ebou po jeho obr\u00e1ten\u00ed.<\/p>\n\n\n\n<p>&nbsp; &nbsp; Slov\u00e1 \u017ealmistu hovoria do n\u00e1\u0161ho strachu, na\u0161ej hanby a mo\u017eno aj \u017ealosti nad na\u0161imi hriechami: <em>\u201cLebo On nezavrhol, ani si nezo\u0161klivil biedu \u00fabo\u017eiaka, neskryl pred n\u00edm svoju tv\u00e1r. Ke\u010f volal k Nemu, po\u010dul ho\u201d.(v.25) <\/em>Ak n\u00e1s hriech aj odde\u013euje a vz\u010faluje od P\u00e1na Boha a vrh\u00e1 n\u00e1s do tr\u00e1penia z jeho n\u00e1sledkov, P\u00e1n Boh sa zmil\u00fava nad nami vtedy, ak na\u0161e hriechy sklad\u00e1me na Bo\u017eieho Bar\u00e1nka. On ich chce a m\u00f4\u017ee z n\u00e1s s\u0148a\u0165, ke\u010f\u017ee u\u017e sk\u00f4r trpel za hrieichy cel\u00e9ho sveta. On s\u00e1m nemal hriechu, ale na kr\u00ed\u017ei trpel ako hrie\u0161nik, ke\u010f\u017ee trpel za na\u0161e hriechy.&nbsp;<\/p>\n\n\n\n<p>&nbsp; &nbsp; Tak, ako s\u00fa na\u0161e hriechy skuto\u010dn\u00e9, tak bolo skuto\u010dn\u00e9 aj P\u00e1novo utrpenie, vr\u00e1tane pocitu opustenosti a vzdialenia sa Otca nebesk\u00e9ho a Jeho l\u00e1skyod Neho. Je\u017ei\u0161 na kr\u00ed\u017ei pre\u017e\u00edval opustenos\u0165, tak ako ju pre\u017e\u00edva a c\u00edti v kone\u010dnom d\u00f4sledku ka\u017ed\u00fd hrie\u0161nik. Preto sa modlil tak vr\u00facne, tak naliehavo a opravdovo.&nbsp;<\/p>\n\n\n\n<p>&nbsp;&nbsp; Bo\u017eiu milos\u0165 spoznal a na\u0161iel trpiaci \u017ealmista i trpiaci Je\u017ei\u0161, ktor\u00fd trpel za n\u00e1s. Zelen\u00fd \u0161tvrtok je pre n\u00e1s d\u0148om pok\u00e1nia, ale aj d\u0148om <em>\u201czelen\u00fdm\u201d<\/em>, toti\u017e d\u0148om n\u00e1deje a uzdravenia na\u0161ich du\u0161\u00ed. \u017dalmista vyzn\u00e1va: <em>\u201d Z teba pramen\u00ed moja chv\u00e1la vo ve\u013ekom zbore, vypln\u00edm svoje s\u013euby pred t\u00fdmi, \u010do sa ho boja. Pokorn\u00ed bud\u00fa jes\u0165 a nas\u00fdtia sa, a chv\u00e1li\u0165 bud\u00fa Hospodina t\u00ed, \u010do Ho h\u013eadaj\u00fa. Nech va\u0161e srdce \u017eije naveky\u201d. <\/em>Podobne smieme vyzn\u00e1va\u0165 aj my, ke\u010f siahame po pravom chlebe, ktor\u00fdm je Kristus P\u00e1n. Preto radi spievame a vyzn\u00e1vame na\u0161u n\u00e1dej sovami n\u00e1bo\u017enej piesne:<\/p>\n\n\n\n<p><em>\u201cNa Krista svoje hriechy, \/ som zlo\u017eil u\u017e cele &#8211;<\/em><\/p>\n\n\n\n<p><em>ve\u010f On, Bar\u00e1nok tich\u00fd \/ ich niesol na tele &#8211;<\/em><\/p>\n\n\n\n<p><em>M\u00f4j hreich a moje viny, \/ skryl On do svojich r\u00e1n,<\/em><\/p>\n\n\n\n<p><em>bez Neho du\u0161e hyn\u00fa &#8211; \/ v \u0147om v\u0161ak ja sp\u00e1su m\u00e1m :\/: (ESP &nbsp; &nbsp; &nbsp; <\/em>)<\/p>\n\n\n\n<p>&nbsp;&nbsp; Nezab\u00fadajme na P\u00e1novo pozvanie a Jeho prestret\u00fd st\u00f4l milosti. Jej prijatie n\u00e1s v kone\u010dnom d\u00f4sledku vedie k \u00faprimnej radosti, chv\u00e1le a dobrore\u010deniu P\u00e1nu Bohu, ktor\u00fd sa zmil\u00fava nad nami. Op\u00e4\u0165 je n\u00e1m pr\u00edkladom vyznanie \u017ealmistu, ktor\u00fd hovor\u00ed: <em>\u201d O Tvojom mene budem rozpr\u00e1va\u0165 svoj\u00edm bratom, uprostred zhroma\u017edenia chcem \u0164a chv\u00e1li\u0165: Vy, \u010do sa boj\u00edte Hospodina, chv\u00e1\u013ete Ho! V\u0161etko potomstvo J\u00e1kobovo, ctite Ho! A bojte sa Ho, v\u0161etko potomstvo Izraela!\u201d. (v.23 &#8211; 24).&nbsp;<\/em><\/p>\n\n\n\n<p><em>&nbsp;&nbsp; <\/em>To, \u010do m\u00f4\u017eeme a m\u00e1me urobi\u0165 my, okrem vyznania hriechov, v\u00fdsti\u017ene to hovor\u00ed aj piese\u0148 mlad\u00fdch kres\u0165anov:\u201d<em> V\u0161etko, \u010do m\u00f4\u017eem da\u0165, je chv\u00e1la, v\u0161etko \u010do m\u00f4\u017eem je v\u010faka. V\u0161etko, \u010do m\u00f4\u017eem da\u0165 je: podvihn\u00fa\u0165 svoj hlas ku Tvojej chv\u00e1le\u201d.<\/em><\/p>\n\n\n\n<p><em>&nbsp; &nbsp; <\/em>Popri t\u00fdch smutn\u00fdch udalostiach na ktor\u00e9 mysl\u00edme na Zelen\u00fd \u0161tvrtok, je tu teda aj posolstvo o n\u00e1deji, ktor\u00e1 vedie k dobrore\u010deniu (eucharistia). Ve\u010dera P\u00e1nova je najvy\u0161\u0161ou mo\u017enou chv\u00e1lou a najvy\u0161\u0161\u00edm dobrore\u010den\u00edm P\u00e1nu Bohu. \u0147ou je na\u0161e srdce obnoven\u00e9 a na\u0161e vn\u00fatro o\u010disten\u00e9.T\u00ed, \u010do h\u013eadaj\u00fa milostiv\u00e9ho Boha, v Je\u017ei\u0161ovi ho n\u00e1jdu a prij\u00edmaj\u00fa povzbudenie: <em>\u201cNech va\u0161e srdce \u017eije naveky\u201d.&nbsp;<\/em><\/p>\n\n\n\n<p>S apo\u0161tolom Pavlom smieme vyzna\u0165:<em> \u201cNikto a ni\u010d n\u00e1s nem\u00f4\u017ee odl\u00fa\u010di\u0165 od l\u00e1sky Bo\u017eej, ktor\u00e1 je v na\u0161om P\u00e1novi Je\u017ei\u0161ovi Kristovi.\u201d<\/em><\/p>\n\n\n\n<p>Ani umieranie, ani moc smrti nem\u00f4\u017ee zni\u010di\u0165 \u017eivot, ktor\u00fd tvor\u00ed a d\u00e1va Je\u017ei\u0161, Bo\u017e\u00ed Bar\u00e1nok.&nbsp;<\/p>\n\n\n\n<p>&nbsp; &nbsp; Slov\u00e1, ktor\u00e9 \u017ealmista vyznal o Hospodinovi, platia aj o jeho Synovi a Pomazanom (Mesi\u00e1\u0161ovi). <em>\u201cLen pred N\u00edm sa bud\u00fa skl\u00e1\u0148a\u0165 v\u0161etci, \u010do spia v zemi, pred N\u00edm sa pokor\u00ed ka\u017ed\u00fd, kto zostupuje do prachu a nem\u00f4\u017ee si du\u0161u \u017eiv\u00fa zachova\u0165.\u201d( v.30) <\/em>Preto je dne\u0161n\u00fd ve\u010der nielen d\u0148om \u017ealostenia nad nad nami, nad na\u0161imi hriechami a nad na\u0161imi de\u0165mi, ale aj pomocou k utvrdeniu vo viere v Krista a povzbuden\u00edm v n\u00e1deji na z\u00e1chranu skrze Jeho dielo.&nbsp;<\/p>\n\n\n\n<p>&nbsp;&nbsp; &nbsp; V minulosti bol v na\u0161ej evanjelickej cirkvi zvyk, \u017ee Zelen\u00fd \u0161tvrtok bol aj d\u0148om konfirm\u00e1cie, spojenej s prv\u00fdm prij\u00edman\u00edm P\u00e1novej Ve\u010dere. I ke\u010f sa t\u00e1to prax u\u017e zmenila, sme radi z tvoriacej sa novej trad\u00edcie, ke\u010f na Zelen\u00fd \u0161tvrtok pristupuj\u00fa k Ve\u010deri P\u00e1novej cel\u00e9 rodiny, star\u00ed rodi\u010dia, rodi\u010dia i deti. Nedajme si vzia\u0165, alebo pokazi\u0165 t\u00fato trad\u00edciu moment\u00e1lnymi prek\u00e1\u017ekami. Povzbu\u010fme sa preto z\u00e1vere\u010dn\u00fdmi slovami \u017ealmistu:<\/p>\n\n\n\n<p><em>\u201dPotomstvo bude sl\u00fa\u017ei\u0165 Jemu,&nbsp;<\/em><\/p>\n\n\n\n<p><em>o P\u00e1novi sa bude rozpr\u00e1va\u0165 bud\u00facemu pokoleniu,<\/em><\/p>\n\n\n\n<p><em>a hl\u00e1sa\u0165 bud\u00fa Jeho spravodlivos\u0165<\/em><\/p>\n\n\n\n<p><em>\u013eudu, ktor\u00fd sa narod\u00ed,<\/em><\/p>\n\n\n\n<p><em>\u017ee On to u\u010dinil\u201d. (v.31 &#8211; 32)<\/em><\/p>\n\n\n\n<p><em>&nbsp; &nbsp; <\/em>P\u00e1n Je\u017ei\u0161 t\u00fa\u017ei i n\u00e1s prija\u0165 pri svojom stole tu v \u010dasnosti a potom vo ve\u010dnosti. Amen<\/p>\n\n\n\n<p>&nbsp;&nbsp; &nbsp; &nbsp; &nbsp; Zelen\u00fd \u0161tvrtok&nbsp; &nbsp; &nbsp; &nbsp; &nbsp; &nbsp; &nbsp; &nbsp; &nbsp; &nbsp; &nbsp; &nbsp; &nbsp; &nbsp; &nbsp; &nbsp; &nbsp; &nbsp; &nbsp; &nbsp; &nbsp; \u013dubom\u00edr Batka st.<\/p>\n","protected":false},"excerpt":{"rendered":"<p>&nbsp;&nbsp; Dies viridium. Zelen\u00fd \u0161tvrtok Krv Tvoja, Pane n\u00e1\u0161, je k\u0148azstva Tvojho pe\u010da\u0165 a s Otcom sp\u00e1ja n\u00e1s, by nemusel n\u00e1s tresta\u0165. Krv Tvoja, Pane n\u00e1\u0161 n\u00e1s k l\u00e1ske pon\u00faka, v nej spasenie je ist\u00e9 a st\u00e1la z\u00e1ruka. Amen. (M.R.) \u017d 22, 23 &#8211; 32: \u201c O Tvojom mene&nbsp; budem rozpr\u00e1va\u0165 svojim bratom,&nbsp; uprostred zhroma\u017edenia &#8230; <a title=\"Dies viridium. Zelen\u00fd \u0161tvrtok\" class=\"read-more\" href=\"https:\/\/www.e-anjelik.sk\/index.php\/2021\/04\/02\/dies-viridium-zeleny-stvrtok\/\" aria-label=\"Pre\u010d\u00edtajte si viac o Dies viridium. Zelen\u00fd \u0161tvrtok\">\u010c\u00edta\u0165 viac<\/a><\/p>\n","protected":false},"author":4,"featured_media":0,"comment_status":"open","ping_status":"open","sticky":false,"template":"","format":"standard","meta":{"footnotes":""},"categories":[121,25,118,95,542,541],"tags":[],"class_list":["post-34543","post","type-post","status-publish","format-standard","hentry","category-kazne","category-liturgia","category-myjava","category-sobotiste","category-vecera-panova","category-zeleny-stvrtok-post"],"_links":{"self":[{"href":"https:\/\/www.e-anjelik.sk\/index.php\/wp-json\/wp\/v2\/posts\/34543","targetHints":{"allow":["GET"]}}],"collection":[{"href":"https:\/\/www.e-anjelik.sk\/index.php\/wp-json\/wp\/v2\/posts"}],"about":[{"href":"https:\/\/www.e-anjelik.sk\/index.php\/wp-json\/wp\/v2\/types\/post"}],"author":[{"embeddable":true,"href":"https:\/\/www.e-anjelik.sk\/index.php\/wp-json\/wp\/v2\/users\/4"}],"replies":[{"embeddable":true,"href":"https:\/\/www.e-anjelik.sk\/index.php\/wp-json\/wp\/v2\/comments?post=34543"}],"version-history":[{"count":2,"href":"https:\/\/www.e-anjelik.sk\/index.php\/wp-json\/wp\/v2\/posts\/34543\/revisions"}],"predecessor-version":[{"id":34545,"href":"https:\/\/www.e-anjelik.sk\/index.php\/wp-json\/wp\/v2\/posts\/34543\/revisions\/34545"}],"wp:attachment":[{"href":"https:\/\/www.e-anjelik.sk\/index.php\/wp-json\/wp\/v2\/media?parent=34543"}],"wp:term":[{"taxonomy":"category","embeddable":true,"href":"https:\/\/www.e-anjelik.sk\/index.php\/wp-json\/wp\/v2\/categories?post=34543"},{"taxonomy":"post_tag","embeddable":true,"href":"https:\/\/www.e-anjelik.sk\/index.php\/wp-json\/wp\/v2\/tags?post=34543"}],"curies":[{"name":"wp","href":"https:\/\/api.w.org\/{rel}","templated":true}]}}