{"id":34558,"date":"2021-04-16T00:09:00","date_gmt":"2021-04-15T22:09:00","guid":{"rendered":"http:\/\/e-anjelik.sk\/?p=34558"},"modified":"2021-04-04T18:37:09","modified_gmt":"2021-04-04T16:37:09","slug":"michal-lucansky-nemozem-inac","status":"publish","type":"post","link":"https:\/\/www.e-anjelik.sk\/index.php\/2021\/04\/16\/michal-lucansky-nemozem-inac\/","title":{"rendered":"Michal L\u00fa\u010dansk\u00fd \u2014 \u201eNEM\u00d4\u017dEM IN\u00c1\u010c!&#8220;"},"content":{"rendered":"\n<p>Vychudl\u00fd, bled\u00fd \u2014 smel\u00fdm, mu\u017en\u00fdm krokom<br>v dvoranu skvel\u00fa kr\u00e1\u010da mlad\u00fd mn\u00edch!<br>bez tiene b\u00e1zne, jasn\u00fdm h\u013ead\u00ed okom,<br>nekru\u0161\u00ed srdce jeho hr\u00f4zy vzdych.<br>On pravdu m\u00e1, kamenn\u00fa tie\u017e v\u00f4\u013eu!<br>I Boh s n\u00edm bude! v boj s N\u00edm p\u00f4jde spolu:<br>povali\u0165 r\u00ed\u0161u temn\u00f4t prekliatych!<\/p>\n\n\n\n<p>My\u0161lienka jedna du\u0161ou jeho tiahne,<br>opriada myse\u013e s\u0165a zlatist\u00e1 ni\u0165.<br>Nie: \u010di l\u017e\u00ed ruka na \u017eivot mu siahne \u2014<br>neuzrie z r\u00e1na zlatej zory svit:<br>M\u00e1m fak\u013eu pravdy, do v\u00fd\u0161in ju vzt\u00fd\u010dim,<br>za\u017enem svet, \u2014 dum\u00e1, \u2014 l\u017e\u00ed hrad \u010dierny zni\u010d\u00edm;<br>me\u010d Bo\u017e\u00ed m\u00e1m a viery sv\u00e4tej \u0161t\u00edt!<\/p>\n\n\n\n<p>S\u00e1m idem \u2014 le\u017e slova s bi\u010dom v ruke,<br>za pluhom Bo\u017e\u00edm vern\u00fd pohoni\u010d;<br>na chrb\u00e1t tr\u00fdznite\u013eom ducha k muke<br>z ohniv\u00fdch vl\u00e1kien pletiem mocn\u00fd bi\u010d!<br>Nepust\u00edm pluh, k\u00fdm prieloh nez\u00fahor\u00ed,<br>k\u00fdm bod\u013ea\u010d v r\u00e9vu bujn\u00fa nepretvor\u00ed,<br>odo br\u00e1zdy ma neodvedie ni\u010d!<\/p>\n\n\n\n<p>S poklonou vst\u00fapil sl\u00e1vnej do dvorany,<br>oslnila ho p\u00fdchy, skvostu \u017eiar;<br>vzru\u0161enie, \u0161um i \u0161epot z ka\u017edej strany,<br>s\u00e1m cis\u00e1r h\u013ead\u00ed v smel\u00fa mn\u00edcha tv\u00e1r.<br>\u2014 On chce da\u0165 cirkvi smrtonosn\u00fa ranu,<br>zvr\u00e1ti\u0165 jej pravdu, vekmi budovan\u00fa, \u2014<br>on hradby sv\u00e4t\u00e9 obr\u00e1ti\u0165 chce v zmar?<\/p>\n\n\n\n<p>\u201ePriznaj! tys&#8216; p\u00edsal kn\u00edh rad zhubn\u00fdch cel\u00fd,<br>z nich kyp\u00ed dusn\u00fd, smrte\u013en\u00fd n\u00e1m jed?!<br>Re\u017e\u00fa srdce s\u0165a \u017ehav\u00e9 oh\u0148ostrely,<br>prizn\u00e1\u0161, odvol\u00e1\u0161 bludy svoje hne\u010f?<br>Odvet\u00ed\u0161 kr\u00e1tko! bo plame\u0148ov za v\u00edchrice<br>smr\u0165 v\u010fa\u010dne zbieli tvoje \u010delo, l\u00edce \u2014<br>s\u0165a onen kac\u00edr \u2014 m\u00f4\u017ee\u0161 i ty stlie\u0165!<\/p>\n\n\n\n<p>\u00d3, die\u0165a bludn\u00e9! vr\u00e1\u0165 sa k sv\u00e4tej matke,<br>odpust\u00ed e\u0161te tvoju vinu sn\u00e1\u010f;<br>hoc zhas\u00ed z l\u00e1sky \u017eitie v tele kr\u00e1tke,<br>chce Bohu du\u0161u tvoju v sl\u00e1vu da\u0165!<br>ma\u0165 pod\u00e1 bludn\u00fdm ruku l\u00e1sky prav\u00fa,<br>z tela hrie\u0161neho po\u0161le ve\u010dn\u00fa v sl\u00e1vu,<br>tam v kr\u00e1se raja bud\u00fa prekvita\u0165!\u201c<\/p>\n\n\n\n<p>\u201eNem\u00f4\u017eem in\u00e1\u010d! svedomie tak vel\u00ed;<br>ja p\u00edsal som \u2014 znie mn\u00edcha smel\u00fd hlas \u2014<br>\u00d3, by rty moje rad\u0161ej skameneli,<br>ak zaprie\u0165 mal bych pravdy Bo\u017eej jas!<br>Pravda je ve\u010dnos\u0165, \u010do sa nepremen\u00ed \u2014<br>a na kolen\u00e1ch hol\u00fdch po kameni<br>ja \u0161iel som trha\u0165 pravdy zlat\u00fd klas!&#8220;<\/p>\n\n\n\n<p>\u010co pravda je? Kto jej poznal l\u00edce?<br>Kto po\u010dul v du\u0161i ve\u010dnej pravdy \u0161um?<br>T\u00e1 v svete m\u00e1 ciest na tis\u00edce<br>nekvitne v hlave z m\u00fadrych d\u00fam!<br>Vysoko b\u00fdva, \u2014 je skvost v nebi skryt\u00fd, \u2014<br>po nej \u010dlovek len v du\u0161i t\u00fa\u017ebu c\u00edti:<br>nepozn\u00e1 pravdy nikdy \u013eudsk\u00fd um!<\/p>\n\n\n\n<p>Pravda je ducha n\u00e1\u0161ho Bo\u017esk\u00e1 sila,<br>v \u0148om svieti ako zlat\u00fd pruh!<br>silu t\u00fa moc \u2014 lo\u017e neraz zre\u0165azila,<br>nemohol vzlietnu\u0165 duch \u2014 vt\u00e1k v r\u00ed\u0161e t\u00fah<br>slobodu jeho vy zamkli ste v m\u00fary;<br>rozp\u00edna kr\u00eddla, v okov\u00e1ch sa b\u00fari!<\/p>\n\n\n\n<p>\u201eNem\u00f4\u017eem in\u00e1\u010d, ja chcem pravdy k zdroju;<br>r\u00e1d duch m\u00f4j let\u00ed v posv\u00e4tn\u00fd jej h\u00e1j.<br>Ja Bo\u017eiu m\u00e1m, vy m\u00e1te pravdu svoju,<br>mne pravda Jeho nie je klamn\u00fd boj.<br>Boh so mnou je, darmo moc \u2014 klam zbroj\u00ed,<br>na skale ve\u010dnej noha moja stoj\u00ed: <br>Nem\u00f4\u017eem in\u00e1\u010d, Boh mi pom\u00e1haj!&#8220;<\/p>\n","protected":false},"excerpt":{"rendered":"<p>Vychudl\u00fd, bled\u00fd \u2014 smel\u00fdm, mu\u017en\u00fdm krokomv dvoranu skvel\u00fa kr\u00e1\u010da mlad\u00fd mn\u00edch!bez tiene b\u00e1zne, jasn\u00fdm h\u013ead\u00ed okom,nekru\u0161\u00ed srdce jeho hr\u00f4zy vzdych.On pravdu m\u00e1, kamenn\u00fa tie\u017e v\u00f4\u013eu!I Boh s n\u00edm bude! v boj s N\u00edm p\u00f4jde spolu:povali\u0165 r\u00ed\u0161u temn\u00f4t prekliatych! My\u0161lienka jedna du\u0161ou jeho tiahne,opriada myse\u013e s\u0165a zlatist\u00e1 ni\u0165.Nie: \u010di l\u017e\u00ed ruka na \u017eivot mu siahne \u2014neuzrie &#8230; <a title=\"Michal L\u00fa\u010dansk\u00fd \u2014 \u201eNEM\u00d4\u017dEM IN\u00c1\u010c!&#8220;\" class=\"read-more\" href=\"https:\/\/www.e-anjelik.sk\/index.php\/2021\/04\/16\/michal-lucansky-nemozem-inac\/\" aria-label=\"Pre\u010d\u00edtajte si viac o Michal L\u00fa\u010dansk\u00fd \u2014 \u201eNEM\u00d4\u017dEM IN\u00c1\u010c!&#8220;\">\u010c\u00edta\u0165 viac<\/a><\/p>\n","protected":false},"author":3,"featured_media":0,"comment_status":"open","ping_status":"open","sticky":false,"template":"","format":"standard","meta":{"footnotes":""},"categories":[73,22,386,26,165],"tags":[],"class_list":["post-34558","post","type-post","status-publish","format-standard","hentry","category-ecav","category-evanjelicka-identita","category-historicke-okienko","category-pamiatka-reformacie","category-poezia-2"],"_links":{"self":[{"href":"https:\/\/www.e-anjelik.sk\/index.php\/wp-json\/wp\/v2\/posts\/34558","targetHints":{"allow":["GET"]}}],"collection":[{"href":"https:\/\/www.e-anjelik.sk\/index.php\/wp-json\/wp\/v2\/posts"}],"about":[{"href":"https:\/\/www.e-anjelik.sk\/index.php\/wp-json\/wp\/v2\/types\/post"}],"author":[{"embeddable":true,"href":"https:\/\/www.e-anjelik.sk\/index.php\/wp-json\/wp\/v2\/users\/3"}],"replies":[{"embeddable":true,"href":"https:\/\/www.e-anjelik.sk\/index.php\/wp-json\/wp\/v2\/comments?post=34558"}],"version-history":[{"count":1,"href":"https:\/\/www.e-anjelik.sk\/index.php\/wp-json\/wp\/v2\/posts\/34558\/revisions"}],"predecessor-version":[{"id":34561,"href":"https:\/\/www.e-anjelik.sk\/index.php\/wp-json\/wp\/v2\/posts\/34558\/revisions\/34561"}],"wp:attachment":[{"href":"https:\/\/www.e-anjelik.sk\/index.php\/wp-json\/wp\/v2\/media?parent=34558"}],"wp:term":[{"taxonomy":"category","embeddable":true,"href":"https:\/\/www.e-anjelik.sk\/index.php\/wp-json\/wp\/v2\/categories?post=34558"},{"taxonomy":"post_tag","embeddable":true,"href":"https:\/\/www.e-anjelik.sk\/index.php\/wp-json\/wp\/v2\/tags?post=34558"}],"curies":[{"name":"wp","href":"https:\/\/api.w.org\/{rel}","templated":true}]}}