{"id":34574,"date":"2021-04-05T20:34:26","date_gmt":"2021-04-05T18:34:26","guid":{"rendered":"http:\/\/e-anjelik.sk\/?p=34574"},"modified":"2021-04-05T20:34:26","modified_gmt":"2021-04-05T18:34:26","slug":"v-akom-tele-pridu-vzkrieseni","status":"publish","type":"post","link":"https:\/\/www.e-anjelik.sk\/index.php\/2021\/04\/05\/v-akom-tele-pridu-vzkrieseni\/","title":{"rendered":"V akom tele pr\u00eddu vzkriesen\u00ed?"},"content":{"rendered":"\n<p><em>&nbsp; &nbsp; &nbsp; &nbsp; &nbsp; &nbsp; &nbsp; &nbsp; &nbsp;<\/em><strong>V ako tele pr\u00eddu vzkriesen\u00ed?<\/strong><\/p>\n\n\n\n<p><em>Kriste, Tys\u2019 zv\u00ed\u0165azil<\/em><\/p>\n\n\n\n<p><em>nad hrobu temnos\u0165ou<\/em><\/p>\n\n\n\n<p><em>a n\u00e1s si oslnil<\/em><\/p>\n\n\n\n<p><em>n\u00e1deje jasnos\u0165ou:<\/em><\/p>\n\n\n\n<p><em>\u017ee ke\u010f i trp\u00edme<\/em><\/p>\n\n\n\n<p><em>a raz v hrob \u013eahneme<\/em><\/p>\n\n\n\n<p><em>z tej Tvojej dobroty<\/em><\/p>\n\n\n\n<p><em>i my tak, ako Ty<\/em><\/p>\n\n\n\n<p><em>vstaneme\u2026vstaneme. Amen (M.R.)<\/em><\/p>\n\n\n\n<p><strong>1 K 15, 35 &#8211; 38:<\/strong><\/p>\n\n\n\n<p><em>\u201cAle niekto povie: ako s\u00fa m\u0155tvi krieseni\u00ed? V akom tele pr\u00eddu? (36) \u00f3, nem\u00fadry! \u010co ty rozsieva\u0161, neo\u017eije, ak neodumrie. (37) A ke\u010f rozsieva\u0161, nerozsieva\u0161 telo, ktor\u00e9 m\u00e1 vznikn\u00fa\u0165, ale hol\u00e9 zrno, ako pr\u00edde, p\u0161eni\u010dn\u00e9, alebo nejak\u00e9 in\u00e9.(38) A Boh mu d\u00e1va telo, ak\u00e9 s\u00e1m chce, a ka\u017ed\u00e9mu semenu jeho vlastn\u00e9 telo.\u201d Amen<\/em><\/p>\n\n\n\n<p><em>&nbsp;&nbsp; &nbsp; &nbsp; &nbsp; &nbsp; &nbsp; &nbsp; &nbsp; &nbsp;<\/em> Bratia a sestry vo vzkriesenom P\u00e1novi!<\/p>\n\n\n\n<p>&nbsp;&nbsp; Po\u010das predve\u013ekono\u010dnej pr\u00edpravy na sviatky sa mi dostala do r\u00fak medit\u00e1cia s modlitbou od zn\u00e1meho kres\u0165ansk\u00e9ho myslite\u013ea Michaela Quista s n\u00e1zvom: <em>\u201cZelen\u00e1 tabu\u013ea\u201d<\/em>. S my\u0161lienkami z nej sa chcem podeli\u0165 aj s vami:<\/p>\n\n\n\n<p><em>\u201c Modern\u00e1 \u0161kola.<\/em><\/p>\n\n\n\n<p><em>Riadite\u013e mi s p\u00fdchou popisuje v\u0161etky klady ich \u0161koly.<\/em><\/p>\n\n\n\n<p><em>Najkraj\u0161\u00edm objavom, Pane, je asi zelen\u00e1 tabu\u013ea.<\/em><\/p>\n\n\n\n<p><em>U\u010denci dlho b\u00e1dali a zhroma\u017e\u010fovali mno\u017estvo sk\u00fasenost\u00ed.<\/em><\/p>\n\n\n\n<p><em>Teraz vieme, \u017ee zelen\u00e1 farba je ide\u00e1lna, \u017ee neunavuje o\u010di, \u017ee upokojuje a uvo\u013e\u0148uje.<\/em><\/p>\n\n\n\n<p><em>Myslel som, Pane, na to, \u017ee Ty si ne\u010dakal tak dlho, aby si<\/em><\/p>\n\n\n\n<p><em>zafarbil l\u00faky a stromy na zeleno.<\/em><\/p>\n\n\n\n<p><em>Tvoje v\u00fdskumn\u00e9 \u00fastavy pracovali dobre<\/em><\/p>\n\n\n\n<p><em>a aby si n\u00e1s neunavil,<\/em><\/p>\n\n\n\n<p><em>vytvoril si pre svoje modern\u00e9 l\u00fak mno\u017estvo odtie\u0148ov zelenej.<\/em><\/p>\n\n\n\n<p><em>A tak \u201c\u0161\u0165astn\u00e9 objavy\u201d \u013eud\u00ed spo\u010d\u00edvaj\u00fa v objaven\u00ed toho,<\/em><\/p>\n\n\n\n<p><em>na \u010do si Ty myslel u\u017e od ve\u010dnosti.<\/em><\/p>\n\n\n\n<p><em>\u010eakujem, Pane.<\/em><\/p>\n\n\n\n<p><em>Si dobr\u00fd Otec rodiny, ktor\u00fd svoj\u00edm de\u0165om dopraje, by sami odkr\u00fdvali poklady otcovskej m\u00fadrosti a l\u00e1sky.<\/em><\/p>\n\n\n\n<p><em>Chr\u00e1\u0148 n\u00e1s v\u0161ak od toho, aby sme sa domnievali,<\/em><\/p>\n\n\n\n<p><em>\u017ee sme ich vyna\u0161li bez predlohy\u201d.<\/em><\/p>\n\n\n\n<p>Potia\u013e Michael Quist.&nbsp;<\/p>\n\n\n\n<p>&nbsp;&nbsp; Bratia a sestry!<\/p>\n\n\n\n<p>&nbsp;&nbsp; Aj zelen\u00e9 l\u00faky a polia, &#8211; \u201cka\u017ed\u00fd kvet&nbsp; a steblo tr\u00e1vy\u201d ( ESP&nbsp; &nbsp; &nbsp; )je svedectvo o Bo\u017eej moci, m\u00fadrosti a l\u00e1ske, ktor\u00e9 m\u017ee \u010dloveka privies\u0165 bli\u017e\u0161ie k P\u00e1nu Bohu, k jeho oslave a s\u00fa\u010dasn k vlastnej pokore, vyzn\u00e1vaj\u00facej, \u017ee v\u0161etko d\u00f4le\u017eit\u00e9 je vlastne u\u017e vymyslen\u00e9 a n\u00e1m, \u013eu\u010fom, darovan\u00e9.&nbsp;<\/p>\n\n\n\n<p>&nbsp;&nbsp; Tak je to aj s darom vzrieenia. Predloha pre bud\u00face veci, ktor\u00e9 pr\u00e1vom o\u010dak\u00e1va na\u0161a viera je u\u017e vytvoren\u00e1. Je vytvoren\u00e1 vzkriesen\u00edm P\u00e1na Je\u017ei\u0161a Krista. Lebo:<em> \u201cKristus bol vzkriesen\u00fd, prvotina z umret\u00fdch\u201d. (1 K 15, 20)<\/em><\/p>\n\n\n\n<p><em>&nbsp;&nbsp; <\/em>V s\u00favise o vzkriesen\u00edm z m\u0155tvych a s premo\u017een\u00edm na\u0161ich najv\u00e4\u010d\u0161\u00edch nepriate\u013eov: hriechu, smrti a diabla m\u00e1 \u010dlovek mnoho ot\u00e1zok. Niekedy s\u00fa to ot\u00e1zky detinsk\u00e9, ktor\u00e9 vyrastaj\u00fa z prest\u00e1v \u013eud\u00ed o na\u0161ich vlastn\u00fdch mo\u017enostiach, ktor\u00e9 s\u00fa, pri v\u0161etkej \u00facte, obmedzen\u00e9 a zab\u00fadame, \u017ee Bo\u017eie mo\u017enosti s\u00fa diametr\u00e1lne in\u00e9. Neraz sme nev\u0161\u00edmav\u00ed a nevid\u00edme, alebo prehliadame viacer\u00e9 \u201cpredlohy\u201d, ktor\u00e9 vidie\u0165 m\u00f4\u017eeme.<\/p>\n\n\n\n<p>&nbsp;&nbsp; Apo\u0161tol Pavel sa v Korinte stretol s ot\u00e1zkou: <em>\u201cAko s\u00fa m\u0155tvi kriesen\u00ed? V akom tele pr\u00eddu?\u201d <\/em>&nbsp;<\/p>\n\n\n\n<p>&nbsp;&nbsp; &nbsp; Nepochybne tak\u00e1to, alebo podobn\u00e1 ot\u00e1zka sa \u010dasto objavuje aj v na\u0161ich my\u0161lienkach. Apo\u0161tolsk\u00e1 odpove\u010f nazna\u010duje, \u017ee pr\u00e1ve toto je vec, ktor\u00e9 je v\u00fdlu\u010dne v Bo\u017eej \u201ckompetencii\u201d a mo\u017enostiach, ktor\u00e9 s\u00fa in\u00e9, ako na\u0161e \u013eudsk\u00e9 mo\u017enosti. Predsa v\u0161ak n\u00e1s P\u00e1n Boh ani tu nenechal \u201cbez predlohy\u201d.<\/p>\n\n\n\n<p>&nbsp; &nbsp; Apo\u0161tol Pavel hovor\u00ed: <em>\u201d \u00d3, nem\u00fadry! \u010co ty rozsieva\u0161, neo\u017eije, ak neodumrie\u201d. <\/em>Nazna\u010duje tak pr\u00edkladom zo \u017eivota pr\u00edrody a pr\u00e1ce ro\u013en\u00edka, \u017ee zasiatie semena do p\u00f4dy, \u010di\u017ee jeho \u201cpochovanie\u201d nie je smr\u0165ou samotn\u00e9ho zrna a jeho zmaren\u00edm. Je sk\u00f4r podmienkou jeho premeny a vzniku nov\u00e9ho tela, ktor\u00e9 On ako Stvorite\u013e d\u00e1va p\u0161eni\u010dn\u00e9mu, alebo in\u00e9mu zrnu.&nbsp; To, \u010do je rozhoduj\u00face, je v\u0161ak samotn\u00e9 Bo\u017eie konanie a ur\u010denie:<em>\u201d Boh mu d\u00e1va telo, ak\u00e9 s\u00e1m chce, a ka\u017ed\u00e9mu semenu jeho vlastn\u00e9 telo\u201d.<\/em><\/p>\n\n\n\n<p><em>&nbsp;&nbsp;<\/em> To je to, \u010do n\u00e1s tak uchvacuje a fascinuje v jarnej pr\u00edrode, pri prech\u00e1dzke po\u013eom, lesom, alebo v\u00fdjden\u00ed si do z\u00e1hradky: omnoh\u00e9 nov\u00e9 a r\u00f4zne odtiene zelenej farby rastl\u00edn, byl\u00edn a stromov.<\/p>\n\n\n\n<p>Tak, ako ur\u010dil P\u00e1n Boh pre ka\u017ed\u00fa rastlinu, ukryt\u00fa v semienku, jej vlastn\u00e9 nov\u00e9 telo a my nem\u00e1me na tom \u017eiadnu z\u00e1sluhu, tak ur\u010dil a uk\u00e1zal n\u00e1m v tomto tvoren\u00ed predobraz aj na\u0161ej vlastnej novej, bud\u00facej existencie po na\u0161ej smrti a po n\u00e1slednom vzkriesen\u00ed.<\/p>\n\n\n\n<p>&nbsp;&nbsp; &nbsp; Aj P\u00e1n Je\u017ei\u0161 Kristus, ktor\u00fd prijal pri svojom vtelen\u00ed na\u0161e teraj\u0161ie \u013eudsk\u00e9 telo, vstal z m\u0155tvych u\u017e v <em>\u201cnovom, osl\u00e1venom tele\u201d.<\/em><\/p>\n\n\n\n<p>To je predlohou aj pre na\u0161e bud\u00face vzkriesenie, v ktor\u00e9 ver\u00edme a&nbsp; o\u010dak\u00e1vame. Vzkriesen\u00e9 telo nebude rovnak\u00e9, ako je na\u0161e teraj\u0161ie telo, ktor\u00e9 m\u00e1me a v ktorom \u017eijeme, ale bude pretvoren\u00e9. Bude novej kvality, podobne ako o premene Kristovho tela sved\u010dia apo\u0161tolovia a svedkovia Je\u017ei\u0161ovho vzkriesenia.<\/p>\n\n\n\n<p>&nbsp; &nbsp; Aj telo zemsk\u00e9, v ktorom \u017eijeme a existujeme dnes, je Bo\u017e\u00edm darom a my sami nem\u00e1me na \u0148om nijak\u00fa z\u00e1sluhu. T\u00fdm viac nie je na\u0161ou vecou, v akom tele budeme \u017ei\u0165 po vzkriesen\u00ed. To je a bude op\u00e4\u0165 dar Bo\u017eej milosti. Samozrejme, s\u00fa\u010dasne bude aj darom Bo\u017eej m\u00fadrosti, ktor\u00e1 prevy\u0161uje v\u0161etky na\u0161e predstavy a sk\u00fasenosti. Preto Mu plne d\u00f4verujme a spoliejme sa na Jeho moc a milos\u0165, \u017ee On s\u00e1m vykon\u00e1 to, \u010do n\u00e1m zas\u013e\u00fabil \u00fastami svojho Syna: <em>\u201cJa ho vzkriesim v posledn\u00fd de\u0148\u201d.<\/em> Amen<\/p>\n\n\n\n<p>&nbsp;&nbsp; &nbsp; &nbsp; &nbsp; Hom\u00edlia na ve\u010der ve\u013ekono\u010dn\u00e9ho sviatku. &nbsp; &nbsp; &nbsp; &nbsp; &nbsp; &nbsp; \u013dubom\u00edr Batka st.&nbsp;<\/p>\n","protected":false},"excerpt":{"rendered":"<p>&nbsp; &nbsp; &nbsp; &nbsp; &nbsp; &nbsp; &nbsp; &nbsp; &nbsp;V ako tele pr\u00eddu vzkriesen\u00ed? Kriste, Tys\u2019 zv\u00ed\u0165azil nad hrobu temnos\u0165ou a n\u00e1s si oslnil n\u00e1deje jasnos\u0165ou: \u017ee ke\u010f i trp\u00edme a raz v hrob \u013eahneme z tej Tvojej dobroty i my tak, ako Ty vstaneme\u2026vstaneme. Amen (M.R.) 1 K 15, 35 &#8211; 38: \u201cAle niekto povie: &#8230; <a title=\"V akom tele pr\u00eddu vzkriesen\u00ed?\" class=\"read-more\" href=\"https:\/\/www.e-anjelik.sk\/index.php\/2021\/04\/05\/v-akom-tele-pridu-vzkrieseni\/\" aria-label=\"Pre\u010d\u00edtajte si viac o V akom tele pr\u00eddu vzkriesen\u00ed?\">\u010c\u00edta\u0165 viac<\/a><\/p>\n","protected":false},"author":4,"featured_media":0,"comment_status":"open","ping_status":"open","sticky":false,"template":"","format":"standard","meta":{"footnotes":""},"categories":[121,118,95,77],"tags":[],"class_list":["post-34574","post","type-post","status-publish","format-standard","hentry","category-kazne","category-myjava","category-sobotiste","category-velka-noc"],"_links":{"self":[{"href":"https:\/\/www.e-anjelik.sk\/index.php\/wp-json\/wp\/v2\/posts\/34574","targetHints":{"allow":["GET"]}}],"collection":[{"href":"https:\/\/www.e-anjelik.sk\/index.php\/wp-json\/wp\/v2\/posts"}],"about":[{"href":"https:\/\/www.e-anjelik.sk\/index.php\/wp-json\/wp\/v2\/types\/post"}],"author":[{"embeddable":true,"href":"https:\/\/www.e-anjelik.sk\/index.php\/wp-json\/wp\/v2\/users\/4"}],"replies":[{"embeddable":true,"href":"https:\/\/www.e-anjelik.sk\/index.php\/wp-json\/wp\/v2\/comments?post=34574"}],"version-history":[{"count":1,"href":"https:\/\/www.e-anjelik.sk\/index.php\/wp-json\/wp\/v2\/posts\/34574\/revisions"}],"predecessor-version":[{"id":34575,"href":"https:\/\/www.e-anjelik.sk\/index.php\/wp-json\/wp\/v2\/posts\/34574\/revisions\/34575"}],"wp:attachment":[{"href":"https:\/\/www.e-anjelik.sk\/index.php\/wp-json\/wp\/v2\/media?parent=34574"}],"wp:term":[{"taxonomy":"category","embeddable":true,"href":"https:\/\/www.e-anjelik.sk\/index.php\/wp-json\/wp\/v2\/categories?post=34574"},{"taxonomy":"post_tag","embeddable":true,"href":"https:\/\/www.e-anjelik.sk\/index.php\/wp-json\/wp\/v2\/tags?post=34574"}],"curies":[{"name":"wp","href":"https:\/\/api.w.org\/{rel}","templated":true}]}}