{"id":34577,"date":"2021-04-06T16:04:27","date_gmt":"2021-04-06T14:04:27","guid":{"rendered":"http:\/\/e-anjelik.sk\/?p=34577"},"modified":"2022-05-17T16:54:42","modified_gmt":"2022-05-17T14:54:42","slug":"vykupeni-a-znovuzrodeni","status":"publish","type":"post","link":"https:\/\/www.e-anjelik.sk\/index.php\/2021\/04\/06\/vykupeni-a-znovuzrodeni\/","title":{"rendered":"Vyk\u00fapen\u00ed a znovuzroden\u00ed"},"content":{"rendered":"\n<p><em>&nbsp; &nbsp; &nbsp; &nbsp; &nbsp; <\/em><strong>Vyk\u00fapen\u00ed a znovuzdroden\u00ed &nbsp; &nbsp; &nbsp; &nbsp; &nbsp; &nbsp; &nbsp; &nbsp; <\/strong><em>&nbsp; &nbsp; &nbsp; &nbsp; &nbsp; &nbsp; &nbsp;<\/em><\/p>\n\n\n\n<p><em>Tys\u2019 musel umrie\u0165, Pane n\u00e1\u0161,<\/em><\/p>\n\n\n\n<p><em>by Tvoju l\u00e1sku poznali sme,<\/em><\/p>\n\n\n\n<p><em>a povstals\u2019 z hrobu v\u00ed\u0165azne,<\/em><\/p>\n\n\n\n<p><em>by splnilo sa to, \u010do v P\u00edsme.<\/em><\/p>\n\n\n\n<p><em>\u00d3, pom\u00f4\u017e aj n\u00e1m zotrva\u0165<\/em><\/p>\n\n\n\n<p><em>&nbsp;a \u017ei\u0165, jaks\u2019 Ty \u017eil &#8211; \u010diste, prave,<\/em><\/p>\n\n\n\n<p><em>a privi\u0148 si n\u00e1s d\u013ea zas\u013e\u00fabenia<\/em><\/p>\n\n\n\n<p><em>tu \u010dasne i tam ve\u010dne v sl\u00e1ve!&nbsp; Amen (M.R.)<\/em><\/p>\n\n\n\n<p><strong>1 Pt 1, 18 &#8211; 23:<\/strong><\/p>\n\n\n\n<p><em>\u201cVe\u010f viete, \u017ee zo svojho m\u00e1rneho obcovania, po otcoch zdeden\u00e9ho, vyk\u00fapen\u00ed ste boli nie poru\u0161ite\u013en\u00fdmi vecmi, striebrom alebo zlatom, (19) ale drahou krvou nevinn\u00e9ho a nepo\u0161kvrnen\u00e9ho Bar\u00e1nka, Krista, (20) predzveden\u00e9ho s\u00edce u\u017e pred stvoren\u00edm sveta, ale v posledn\u00fdch \u010dasoch zjaven\u00e9ho v\u00e1m, (21) veriacim krze Neho v Boha, ktor\u00fd Ho vzkriesil z m\u0155tvych a dal Mu sl\u00e1vu, aby va\u0161a n\u00e1dej bola n\u00e1dejou v Bohu. (22) Ke\u010f\u017ee ste si o\u010distili du\u0161e poslu\u0161nos\u0165ou pravde, aby ste mali bratsk\u00fa l\u00e1sku bez pokrytectva, z tej du\u0161e sa v\u017edy navz\u00e1jom milujte, (234) ve\u010f ste \u017eiv\u00fdm a ve\u010dn\u00fdm slovom Bo\u017e\u00edm znovuzroden\u00ed, nie z poru\u0161ite\u013en\u00e9ho, ale neporu\u0161ite\u013en\u00e9ho semena.\u201d Amen<\/em><\/p>\n\n\n\n<p><strong>&nbsp;<\/strong>&nbsp; Bratia a sestry v P\u00e1novi!<\/p>\n\n\n\n<p>&nbsp;&nbsp; \u010casto sa dnes s\u0165a\u017euj\u00fa \u013eudia na drahotu. \u0160omreme na to, \u017ee v\u0161etko je drah\u00e9, dokonca aj dobr\u00e9 slovo\u2026<\/p>\n\n\n\n<p>&nbsp; &nbsp; &nbsp; Je zauj\u00edmav\u00e9, \u017ee aj P\u00edsmo sv\u00e4t\u00e9 hovor\u00ed o \u201cdrahote\u201d. Pripom\u00edna n\u00e1m, \u017ee aj my sami sme drah\u00ed &#8211; dokonca ve\u013emi drah\u00ed! Sme drah\u00ed pre P\u00e1na Boha. Apo\u0161tol Peter, svedok vzkriesen\u00e9ho Je\u017ei\u0161a Krista n\u00e1m pripom\u00edna, \u017ee <em>\u201c sme boli vyk\u00fapen\u00ed nie poru\u0161ite\u013en\u00fdmi vecmi, striebrom, alebo zlatom, ale drahou krvou nevinn\u00e9ho a nepo\u0161kvrnen\u00e9ho Bar\u00e1nka, Krista\u201d.<\/em><\/p>\n\n\n\n<p>&nbsp; &nbsp; Samozrejme, je tu podstatn\u00fd rozdiel medzi nami, \u013eu\u010fmi \u0161omraj\u00facimi na drahotu a P\u00e1nom Bohom, ktor\u00fd draho zaplatil za n\u00e1s, aby n\u00e1s \u201cvyk\u00fapil\u201d. On ne\u013eutoval to najdrah\u0161ie platidlo, aby n\u00e1m dok\u00e1zal, \u017ee Mu na n\u00e1s z\u00e1le\u017e\u00ed, \u017ee n\u00e1s miluje ve\u010dnou l\u00e1skou. On \u201czaplatil za n\u00e1s\u201d, za na\u0161e vyk\u00fapenie t\u00fdm najdrah\u0161\u00edm platidlom, a nebolo Mu to \u013e\u00fato.<\/p>\n\n\n\n<p>&nbsp; &nbsp; Ke\u010f si v\u00e1\u017ene uvedomuj cenu vyk\u00fapenia sveta a hrie\u0161nikov, napadne n\u00e1s ot\u00e1zka: Nei\u0161lo to urobi\u0165 nejako lacnej\u0161ie? Je to tak\u00e1 typicky \u013eudsk\u00e1 ot\u00e1zka, ale nemus\u00edme ju pova\u017eova\u0165 priamo za r\u00fahanie, preto\u017ee vieme, \u017ee podobne sa p\u00fdtal aj s\u00e1m Je\u017ei\u0161. M\u00e1m na mysli Jeho modlitebn\u00fd rozhovor v Getsemane s Otcom nebesk\u00fdm. V \u0148om vyslovil prosbu: <em>\u201dOt\u010de, ak je mo\u017en\u00e9, nech ma minie tento kalich\u201d. <\/em>Mal na mysli kalich Jeho ve\u013ek\u00e9ho utrpenia.<\/p>\n\n\n\n<p>&nbsp; &nbsp; Ako by sa p\u00fdtal: Mus\u00edm prija\u0165 potupn\u00fa smr\u0165 na kr\u00ed\u017ei? Mus\u00edm pre\u017ei\u0165 tak\u00fa ve\u013ek\u00fa telesn\u00fa, ale aj duchovn\u00fa boles\u0165? A najm\u00e4: Mus\u00edm pre\u017ei\u0165 pocit zavrhnutia a opustenosti Otcom? S Otcom tvoril v\u017edy dokonal\u00fa jednotu l\u00e1sky. Neodopieral poslu\u0161nos\u0165 a najvy\u0161\u0161\u00ed d\u00f4kaz l\u00e1sky vo\u010di n\u00e1m, preto\u017ee k t\u00fdmto ot\u00e1zkam a prosbe dolo\u017eil aj d\u00f4kaz jednoty s Otcom, ke\u010f povedal:<em> \u201cAle nie ako ja chcem, ale ako Ty.<\/em>\u201d Z \u010fal\u0161\u00edch udalost\u00ed je zrejm\u00e9, ako Mu odpovedal Otec. \u010co bolo nutn\u00e9 vykona\u0165 a dokona\u0165.<\/p>\n\n\n\n<p>&nbsp;&nbsp; Apo\u0161tol Peter pripom\u00edna aj to, \u017ee z Bo\u017eej strany bolo o tejto ve\u013ekej cene rozhodnut\u00e9 u\u017e d\u00e1vno. U\u017e tam, kde na\u0161a historick\u00e1 pam\u00e4\u0165 nem\u00f4\u017ee dosiahn\u00fa\u0165: sk\u00f4r ako bol \u010dlovek stvoren\u00fd.<\/p>\n\n\n\n<p>&nbsp;&nbsp; &nbsp; P\u00e1n Boh sa rozhodol stvori\u0165 \u010dloveka<em> \u201cna svoj obraz\u201d<\/em> a na<em> \u201cBo\u017e\u00ed obraz ho stvoril \u201d. <\/em>\u010cloveka stvoril tak, \u017ee mu dal slobodn\u00fa v\u00f4\u013eu. Dar slobodnej v\u00f4le znamen\u00e1, \u017ee \u010dlovek mal mo\u017enos\u0165 a mohol sa obr\u00e1ti\u0165 aj proti svojmu Stvorite\u013eovi. Mohol pretrhn\u00fa\u0165 s Otcom spolo\u010denstvo a vz\u0165ah l\u00e1sky a t\u00fdm vytvori\u0165 stav nepriate\u013estva vo\u010di Bohu. Tak\u00e9mu poku\u0161eniu sa \u010dlovek nemohol vyhn\u00fa\u0165 a P\u00e1nom Bohom darovan\u00fa slobodu mohol zneu\u017ei\u0165. To P\u00e1n Boh vedel a dokonca apo\u0161tol Peter hovor\u00ed, \u017ee to \u201cpredzvedel\u201d, \u010di\u017ee vopred vedel, \u017ee \u010dlovek&nbsp; tento dar zneuije. Predzvedel teda aj to, \u017ee za tento dar zneu\u017eitej slobody bude musie\u0165 draho zaplati\u0165. \u017de bude za to musie\u0165 s\u00e1m trpie\u0165.<\/p>\n\n\n\n<p>&nbsp; &nbsp; Je preto jednoznan\u010d\u00fdm prejavom Bo\u017eej l\u00e1sky, ak napriek tomu, \u017ee to predzvedel, bol ochodn\u00fd zaplati\u0165 t\u00fato cenu a podst\u00fapi\u0165 t\u00fato hrozbu. T\u00e1 sa naplnila, ke\u010f pri\u0161iel de\u0148 Ve\u013ek\u00e9ho piatku.<\/p>\n\n\n\n<p>&nbsp;&nbsp; Emausk\u00ed u\u010den\u00edci po udalostiach Ve\u013ek\u00e9ho piatku lamentovali, \u017ee oni mali n\u00e1dej, \u017ee <em>\u201cJe\u017ei\u0161 vyk\u00fapi Izraela\u201d<\/em>, ale pod\u013ea nich sa tak nestalo. T\u00fdm dali jasne najavo, \u017ee ich predstava vyk\u00fapenia bola obmedzen\u00e1 na obnovu zemsk\u00e9ho kr\u00e1\u013eovstva Izraela, na ideu obnovy D\u00e1vidovskej r\u00ed\u0161e Izraela. To sa nestalo a preto im musl P\u00e1n Je\u017ei\u0161 poveda\u0165 v\u00fd\u010ditku a usmernenie: \u201d <em>Vy spozdil\u00ed srdcom veri\u0165, \u010do oznamovali proroci!\u201d<\/em>. Ke\u010f\u017ee boli zameran\u00ed iba na zemsk\u00e9 veci, nezbadali skuto\u010dn\u00fd Bo\u017e\u00ed z\u00e1mer. Apo\u0161tol Pavel v liste do Korintu nap\u00edsal:<em>\u201d Ve\u013emi draho ste boli k\u00fapen\u00ed\u201d\u2026<\/em>Podobne hovor\u00ed aj apo\u0161tol Peter: <em>\u201cK\u00fapen\u00ed ste boli drahou krvou nevinn\u00e9ho a nepo\u0161kvrnen\u00e9ho Bar\u00e1nka, Krista\u201d.<\/em><\/p>\n\n\n\n<p><em>&nbsp;<\/em> &nbsp; P\u00e1n Boh nezav\u00e1hal pri tejto \u201cplatbe\u201d za moc hriechu, hoci dobre vedel o \u010dloveku, ak\u00fd je poru\u0161en\u00fd hriechom. Nezav\u00e1hal zaplati\u0165 za n\u00e1s, hoci vedel, ak\u00fd zl\u00fd, \u201cnekvalitn\u00fd tovar\u201d ktor\u00fdm je \u010dlovek, kupuje. Ako m\u00e1lo m\u00e1 dobr\u00fdch vlastnost\u00ed: je schopn\u00fd zrady, je nev\u010fa\u010dn\u00fd, z\u00e1budliv\u00fd ako Peter i spozdil\u00fd veri\u0165 srdcom to, \u010do nap\u00edsali proroci. T\u00fdm viac je spozdil\u00fd sdcom veri\u0165, \u017ee P\u00e1n Boh n\u00e1s miluje, napriek na\u0161ej hrie\u0161nosti. <em>\u201cZa dobr\u00e9ho \u010dloveka by sa azda niekto aj odhodlal umrie\u0165\u201d<\/em>, nap\u00edsal apo\u0161tol Pavel &#8211; ale za hrie\u0161neho? &#8211; Apo\u0161tol Peter nevyn\u00edma ani seba, ke\u010f p\u00ed\u0161e o na\u0161om <em>\u201cobcovan\u00ed\u201d<\/em>, t.j. myslen\u00ed a konan\u00ed, zdedenom po otcoch, ktor\u00e9 je m\u00e1rnos\u0165ou a ni\u010dotou, z ktor\u00e9ho sme boli vyk\u00fapen\u00ed.&nbsp;<\/p>\n\n\n\n<p>&nbsp;&nbsp; Ak by si azda niekto myslel s rusk\u00fdm spisovate\u013eom Maximom Gork\u00fdm: \u201d \u010clovek &#8211; to znie hrdo\u201d, nebol by poslu\u0161n\u00fd a vern\u00fd pravde, ktor\u00e1 je zalo\u017een\u00e1 na Bo\u017eom poh\u013eade na n\u00e1s. Ne\u0161iel by cestou k <em>\u201co\u010disteniu du\u0161e\u201d,<\/em> ale cestou zaslepenosti, farizeizmu a p\u00fdchy, ktor\u00e1 \u201cpeklom d\u00fdcha\u201d.&nbsp;<\/p>\n\n\n\n<p>&nbsp;&nbsp; Ak teda za n\u00e1s a na\u0161e hriechy Je\u017ei\u0161 Kristus zomrel a vstal z m\u0155tvych pre na\u0161e ospravedlnenie, je to d\u00f4kaz dokonalej Bo\u017eej l\u00e1sky a doklad, \u017ee sme boli spasen\u00ed a vyk\u00fapen\u00ed<em> \u201czdarma\u201d,<\/em> z Bo\u017eej milosti, pri\u010dom \u00fa\u010det za n\u00e1s zaplatil Boh s\u00e1m krvou svojho Syna.<\/p>\n\n\n\n<p>&nbsp; &nbsp; &nbsp; Bratia a sestry!<\/p>\n\n\n\n<p>&nbsp;&nbsp; &nbsp; A\u017e potia\u013eto n\u00e1m zneje zves\u0165, ktor\u00e1 nie\u010do d\u00f4le\u017eit\u00e9 oznamuje a hovor\u00ed o Darcovi a darovan\u00ed. Ve\u013ek\u00e1 Noc je kr\u00e1snou symf\u00f3niou o l\u00e1ske Otca a Syna, ktor\u00e1 sa iste dobre po\u010d\u00fava.<\/p>\n\n\n\n<p>&nbsp; &nbsp; Ale k tejto zvesti patr\u00ed aj odpove\u010f z na\u0161ej strany, ktorou m\u00e1me uk\u00e1za\u0165, \u010di sme naozaj poslu\u0161n\u00ed pravde, ktorou sme si o\u010distili du\u0161e.<\/p>\n\n\n\n<p>Apo\u0161tol Peter, ktor\u00fd s\u00e1m bol o\u010disten\u00fd touto pravdou a n\u00e1dejou sl\u00e1vy, prijal v\u00fdzvu k novej poslu\u0161nosti a k slu\u017ebe P\u00e1novi. Preto aj n\u00e1m ostatn\u00fdm vyk\u00fapen\u00fdm privol\u00e1va:<em> \u201dMajte bratsk\u00fa l\u00e1sku bez pokrytectva, z tej du\u0161e sa v\u017edy navz\u00e1jom milujte\u2026\u201d<\/em>.&nbsp;<\/p>\n\n\n\n<p>&nbsp; &nbsp; Ke\u010f bolo po\u010das p\u00f4stnej doby a ve\u013ekono\u010dnej sl\u00e1vnosti zasievan\u00e9 do na\u0161ich s\u0155dc semeno <em>\u201cneporu\u0161ite\u013en\u00e9\u201d<\/em>, malo by v n\u00e1s za\u010da\u0165 kl\u00ed\u010di\u0165, podobne ako kl\u00ed\u010di semienko zasiate do teplej jarnej zeme. Malo by aj zap\u00fa\u0161\u0165a\u0165 korienok a potom vyrasta\u0165 do vz\u00e1cnej podoby kvetu P\u00e1novej l\u00e1sky, podobn\u00e9mu Jeho l\u00e1ske. &nbsp;<\/p>\n\n\n\n<p>&nbsp;&nbsp; Pochybuj\u00facich Tom\u00e1\u0161ov okolo n\u00e1s je viac, ako dos\u0165 a v\u0161etci t\u00edto bud\u00fa hovori\u0165 a opakova\u0165 v\u017edy znovu: <em>\u201cAk neuvid\u00edm stopy klincov a \u2026ak nevlo\u017e\u00edm ruku, alebo spo\u0148 prst do Jeho r\u00e1n, v\u00f4bec neuver\u00edm\u201d.&nbsp;<\/em><\/p>\n\n\n\n<p>Preto je na n\u00e1s, dne\u0161nom tele Kristovom a dne\u0161n\u00fdch gener\u00e1ciach kres\u0165anov, uk\u00e1za\u0165 in\u00fdm \u017eiv\u00e9ho a pr\u00edtomn\u00e9ho Krista, Jeho sl\u00e1vu a milos\u0165 v n\u00e1s.<\/p>\n\n\n\n<p>&nbsp;&nbsp; &nbsp; Nie je to \u013eahk\u00e1 cesta a slu\u017eba. Napriek tomu by n\u00e1s mala pote\u0161i\u0165. Je a bude d\u00f4kazom toho, \u017ee sme <em>\u201c\u017eiv\u00fdm a ve\u010dn\u00fdm slovom Bo\u017e\u00edm znovuzroden\u00ed\u201d.<\/em> \u017de \u017eijeme nie z poru\u0161ite\u013en\u00e9ho, ale&nbsp; neporu\u0161ite\u013en\u00e9ho semena slova Bo\u017eieho a sviatost\u00ed Je\u017ei\u0161a Krista.<\/p>\n\n\n\n<p>&nbsp;&nbsp; &nbsp; Za\u010dnime a za\u010d\u00ednajme s d\u00f4kazmi a prejavmi bratskej l\u00e1sky v na\u0161ich rodin\u00e1ch, domoch a dom\u00e1cnostiach. Za\u010d\u00ednajme pri najbli\u017e\u0161\u00edch a tu dokazujme jeden druh\u00e9mu, \u017ee tvor\u00edme \u017eiv\u00e9 telo P\u00e1na Je\u017ei\u0161a Krista. My nem\u00e1me \u201cuteka\u0165 zo sveta\u201d, unika\u0165 do vysn\u00edvan\u00fdch spolo\u010denstiev, ale m\u00e1me verne st\u00e1\u0165 a sl\u00fa\u017ei\u0165 si v obetavej a sl\u00fa\u017eiacej l\u00e1ske, \u010di\u017ee v l\u00e1ske Kristovej tam, kde \u017eijeme a kde n\u00e1s P\u00e1n povolal a postavil. Prostredn\u00edctvom na\u0161ich rod\u00edn, v ktor\u00fdch sa dokazuje a \u0161\u00edri l\u00e1ska Kristova, posl\u00fa\u017eime aj \u013eu\u010fom naokolo, aby \u010d\u00edm viacer\u00ed na\u0161li cestu, pravdu a \u017eivot v plnosti. Amen<\/p>\n\n\n\n<p>&nbsp;&nbsp; &nbsp; &nbsp; &nbsp; &nbsp; &nbsp; 2.sviatok ve\u013ekono\u010dn\u00fd&nbsp; &nbsp; &nbsp; &nbsp; &nbsp; &nbsp; &nbsp; &nbsp; &nbsp; \u013dubom\u00edr Batka st.<\/p>\n","protected":false},"excerpt":{"rendered":"<p>&nbsp; &nbsp; &nbsp; &nbsp; &nbsp; Vyk\u00fapen\u00ed a znovuzdroden\u00ed &nbsp; &nbsp; &nbsp; &nbsp; &nbsp; &nbsp; &nbsp; &nbsp; &nbsp; &nbsp; &nbsp; &nbsp; &nbsp; &nbsp; &nbsp; Tys\u2019 musel umrie\u0165, Pane n\u00e1\u0161, by Tvoju l\u00e1sku poznali sme, a povstals\u2019 z hrobu v\u00ed\u0165azne, by splnilo sa to, \u010do v P\u00edsme. \u00d3, pom\u00f4\u017e aj n\u00e1m zotrva\u0165 &nbsp;a \u017ei\u0165, jaks\u2019 Ty \u017eil &#8230; <a title=\"Vyk\u00fapen\u00ed a znovuzroden\u00ed\" class=\"read-more\" href=\"https:\/\/www.e-anjelik.sk\/index.php\/2021\/04\/06\/vykupeni-a-znovuzrodeni\/\" aria-label=\"Pre\u010d\u00edtajte si viac o Vyk\u00fapen\u00ed a znovuzroden\u00ed\">\u010c\u00edta\u0165 viac<\/a><\/p>\n","protected":false},"author":4,"featured_media":0,"comment_status":"open","ping_status":"open","sticky":false,"template":"","format":"standard","meta":{"footnotes":""},"categories":[596,121,118,38,95,77],"tags":[],"class_list":["post-34577","post","type-post","status-publish","format-standard","hentry","category-2-slavnost-velkonocna","category-kazne","category-myjava","category-pravoverne-ucenie","category-sobotiste","category-velka-noc"],"_links":{"self":[{"href":"https:\/\/www.e-anjelik.sk\/index.php\/wp-json\/wp\/v2\/posts\/34577","targetHints":{"allow":["GET"]}}],"collection":[{"href":"https:\/\/www.e-anjelik.sk\/index.php\/wp-json\/wp\/v2\/posts"}],"about":[{"href":"https:\/\/www.e-anjelik.sk\/index.php\/wp-json\/wp\/v2\/types\/post"}],"author":[{"embeddable":true,"href":"https:\/\/www.e-anjelik.sk\/index.php\/wp-json\/wp\/v2\/users\/4"}],"replies":[{"embeddable":true,"href":"https:\/\/www.e-anjelik.sk\/index.php\/wp-json\/wp\/v2\/comments?post=34577"}],"version-history":[{"count":1,"href":"https:\/\/www.e-anjelik.sk\/index.php\/wp-json\/wp\/v2\/posts\/34577\/revisions"}],"predecessor-version":[{"id":34578,"href":"https:\/\/www.e-anjelik.sk\/index.php\/wp-json\/wp\/v2\/posts\/34577\/revisions\/34578"}],"wp:attachment":[{"href":"https:\/\/www.e-anjelik.sk\/index.php\/wp-json\/wp\/v2\/media?parent=34577"}],"wp:term":[{"taxonomy":"category","embeddable":true,"href":"https:\/\/www.e-anjelik.sk\/index.php\/wp-json\/wp\/v2\/categories?post=34577"},{"taxonomy":"post_tag","embeddable":true,"href":"https:\/\/www.e-anjelik.sk\/index.php\/wp-json\/wp\/v2\/tags?post=34577"}],"curies":[{"name":"wp","href":"https:\/\/api.w.org\/{rel}","templated":true}]}}