{"id":34587,"date":"2021-04-15T11:42:17","date_gmt":"2021-04-15T09:42:17","guid":{"rendered":"http:\/\/e-anjelik.sk\/?p=34587"},"modified":"2021-04-15T23:34:50","modified_gmt":"2021-04-15T21:34:50","slug":"katlovsky-stefan-biskup-vd","status":"publish","type":"post","link":"https:\/\/www.e-anjelik.sk\/index.php\/2021\/04\/15\/katlovsky-stefan-biskup-vd\/","title":{"rendered":"K\u00e1tlovsk\u00fd, \u0160tefan- biskup VD"},"content":{"rendered":"\n<p><a href=\"https:\/\/www.facebook.com\/groups\/158516810950888\/user\/1317767653\/?__cft__%5B0%5D=AZW6SkpWekkrDxQqwoxOoX-sMNqtwgzkdc4Q0eX-RzwnBlGLFTh8h8RvPEYJ3fpmEtFsVW8Wao3KBhSlr1R8b6WAMtFB0N4Z-7vZPL-oPu7iQLnEtkqB2OcLT50Ik4rCL_MwXGtxZdNBF6-T20N269HOOmvtPm-_vWA3bTWTTbCPfqsu5UmJPpceqUTeVM2Key0Cr0vqvo9CRGwoMdJ1-8-G&amp;__tn__=-%5DC%2CP-R\"><strong>Tibor Moln\u00e1r<\/strong><\/a> :<\/p>\n\n\n\n<p>Biskup K\u00e1tlovsk\u00fd nielen Slovo Bo\u017eie vykladal a prekladal z p\u00f4vodn\u00fdch jazykov ale ho aj miloval.<\/p>\n\n\n\n<figure class=\"wp-block-image size-large\"><img decoding=\"async\" src=\"http:\/\/e-anjelik.sk\/wp-content\/uploads\/2021\/04\/173329931_313413353536086_667664439268679459_n.jpg\" alt=\"\" class=\"wp-image-34589\"\/><\/figure>\n\n\n\n<p>Ka\u017ed\u00fd de\u0148 Bibliu \u010d\u00edtal a bola mu kotvou \u017eivota.<\/p>\n\n\n\n<p><a href=\"https:\/\/www.facebook.com\/CzEcavMengusovce\/?__cft__%5B0%5D=AZW6SkpWekkrDxQqwoxOoX-sMNqtwgzkdc4Q0eX-RzwnBlGLFTh8h8RvPEYJ3fpmEtFsVW8Wao3KBhSlr1R8b6WAMtFB0N4Z-7vZPL-oPu7iQLnEtkqB2OcLT50Ik4rCL_MwXGtxZdNBF6-T20N269HOOmvtPm-_vWA3bTWTTbCPfqsu5UmJPpceqUTeVM2Key0Cr0vqvo9CRGwoMdJ1-8-G&amp;__tn__=-UC%2CP-y-R\"><strong>CZ ECAV Mengusovce<\/strong><\/a><\/p>\n\n\n\n<p>Pred 115 rokmi sa narodil v Brezovej pod Bradlom \u0160tefan K\u00e1tlovsk\u00fd &#8211; ev. k\u0148az, pedag\u00f3g, n\u00e1b. spisovate\u013e, prekladate\u013e, dekan SEBF a od r. 1958 biskup V\u00fdch. di\u0161triktu ECAV.<\/p>\n\n\n\n<p>Narodil sa v Brezovej pod Bradlom 14. apr\u00edla 1906. Maturoval na Priemyselnej \u0161kole v Bratislave, gymnazi\u00e1lnu maturitu z\u00edskal na \u0160t\u00e1tnom gymn\u00e1ziu Andreja Sl\u00e1dkovi\u010da v Banskej Bystrici (1925). Za\u010das \u0161tudoval na \u010ceskom vysokom u\u010den\u00ed v Prahe (1925 \u2013 1926), teol\u00f3giu skon\u010dil v Bratislave (1931), ordinovan\u00fd (1931), \u0161tudoval v Bazileji (1931 \u2013 1932).<\/p>\n\n\n\n<p>P\u00f4sobil ako kapl\u00e1n v Pre\u0161ove, far\u00e1r v Hornom Tisovn\u00edku, M\u00fdte pod \u010eumbierom (1933), spr\u00e1vca sirotinca v Modre (od novembra 1940), predn\u00e1\u0161al na Evanjelickej teologickej fakulte v Bratislave (od okt\u00f3bra 1941), dekan fakulty (1952), biskup V\u00fdchodn\u00e9ho di\u0161triktu (od roku 1958).<\/p>\n\n\n\n<p>Autor n\u00e1bo\u017eensk\u00fdch a teologick\u00fdch pr\u00e1c, gramatiky hebrej\u010diny, vysoko\u0161kolsk\u00fdch u\u010debn\u00edc, prispieval do \u010dasopisov, \u010dlen prekladate\u013eskej komisie Biblie, prelo\u017eil \u010dasti Novej zmluvy. Ovl\u00e1dal 9 jazykov, \u010dasto predn\u00e1\u0161al na teologick\u00fdch podujatiach v zahrani\u010d\u00ed.<\/p>\n\n\n\n<p>Zomrel 4. m\u00e1ja 1968 v Ko\u0161iciach.<\/p>\n","protected":false},"excerpt":{"rendered":"<p>Tibor Moln\u00e1r : Biskup K\u00e1tlovsk\u00fd nielen Slovo Bo\u017eie vykladal a prekladal z p\u00f4vodn\u00fdch jazykov ale ho aj miloval. Ka\u017ed\u00fd de\u0148 Bibliu \u010d\u00edtal a bola mu kotvou \u017eivota. CZ ECAV Mengusovce Pred 115 rokmi sa narodil v Brezovej pod Bradlom \u0160tefan K\u00e1tlovsk\u00fd &#8211; ev. k\u0148az, pedag\u00f3g, n\u00e1b. spisovate\u013e, prekladate\u013e, dekan SEBF a od r. 1958 biskup &#8230; <a title=\"K\u00e1tlovsk\u00fd, \u0160tefan- biskup VD\" class=\"read-more\" href=\"https:\/\/www.e-anjelik.sk\/index.php\/2021\/04\/15\/katlovsky-stefan-biskup-vd\/\" aria-label=\"Pre\u010d\u00edtajte si viac o K\u00e1tlovsk\u00fd, \u0160tefan- biskup VD\">\u010c\u00edta\u0165 viac<\/a><\/p>\n","protected":false},"author":4,"featured_media":0,"comment_status":"open","ping_status":"open","sticky":false,"template":"","format":"standard","meta":{"footnotes":""},"categories":[150,193,195,14],"tags":[],"class_list":["post-34587","post","type-post","status-publish","format-standard","hentry","category-brezova-pod-bradlom","category-co-pisu-ini","category-evanjelicke-slovensko","category-osobnosti"],"_links":{"self":[{"href":"https:\/\/www.e-anjelik.sk\/index.php\/wp-json\/wp\/v2\/posts\/34587","targetHints":{"allow":["GET"]}}],"collection":[{"href":"https:\/\/www.e-anjelik.sk\/index.php\/wp-json\/wp\/v2\/posts"}],"about":[{"href":"https:\/\/www.e-anjelik.sk\/index.php\/wp-json\/wp\/v2\/types\/post"}],"author":[{"embeddable":true,"href":"https:\/\/www.e-anjelik.sk\/index.php\/wp-json\/wp\/v2\/users\/4"}],"replies":[{"embeddable":true,"href":"https:\/\/www.e-anjelik.sk\/index.php\/wp-json\/wp\/v2\/comments?post=34587"}],"version-history":[{"count":2,"href":"https:\/\/www.e-anjelik.sk\/index.php\/wp-json\/wp\/v2\/posts\/34587\/revisions"}],"predecessor-version":[{"id":34590,"href":"https:\/\/www.e-anjelik.sk\/index.php\/wp-json\/wp\/v2\/posts\/34587\/revisions\/34590"}],"wp:attachment":[{"href":"https:\/\/www.e-anjelik.sk\/index.php\/wp-json\/wp\/v2\/media?parent=34587"}],"wp:term":[{"taxonomy":"category","embeddable":true,"href":"https:\/\/www.e-anjelik.sk\/index.php\/wp-json\/wp\/v2\/categories?post=34587"},{"taxonomy":"post_tag","embeddable":true,"href":"https:\/\/www.e-anjelik.sk\/index.php\/wp-json\/wp\/v2\/tags?post=34587"}],"curies":[{"name":"wp","href":"https:\/\/api.w.org\/{rel}","templated":true}]}}