{"id":34599,"date":"2021-04-28T07:55:17","date_gmt":"2021-04-28T05:55:17","guid":{"rendered":"http:\/\/e-anjelik.sk\/?p=34599"},"modified":"2021-04-28T07:56:22","modified_gmt":"2021-04-28T05:56:22","slug":"kraluje-vo-mne-kristus","status":"publish","type":"post","link":"https:\/\/www.e-anjelik.sk\/index.php\/2021\/04\/28\/kraluje-vo-mne-kristus\/","title":{"rendered":"Kra\u013euje vo mne Kristus?"},"content":{"rendered":"\n<p>Je to mo\u017en\u00e9, aby ka\u017ed\u00fd \u010dlovek tu na zemi mohol n\u00e1js\u0165 Bo\u017eie kr\u00e1\u013eovstvo?<\/p>\n\n\n\n<p>Pred mnoh\u00fdmi rokmi sa mi dostal do r\u00fak let\u00e1k, na ktorom boli nama\u013eovan\u00e9 dve srdcia. V strede jedn\u00e9ho srdca bolo nap\u00edsan\u00e9 JA a v strede druh\u00e9ho srdca bolo nap\u00edsan\u00e9 KRISTUS. Pod t\u00fdmito obr\u00e1zkami bola ot\u00e1zka: Kto kra\u013euje v tvojom srdci? T\u00e1to ot\u00e1zka ma viedla k d\u00f4kladn\u00e9mu prem\u00fd\u0161\u013eaniu o mojom vn\u00fatri i o mojom \u017eivotnom programe. Pripomenul som si slov\u00e1 apo\u0161tola Pavla: <em>\u201ene\u017eijem u\u017e JA, ale \u017eije vo mne KRISTUS.<\/em>\u201c (Gal 2,20) Pre apo\u0161tola Pavla to bola radik\u00e1lna zmena \u017eivota. Doposia\u013e kra\u013eovalo jeho vn\u00fatru jeho JA, mal svoj vlastn\u00fd sebeck\u00fd program, ku ktor\u00e9mu sa verejne prizn\u00e1val: <em>\u201ea\u017e na smr\u0165 som prenasledoval toto u\u010denie <\/em>(Je\u017ei\u0161a Krista)<em>; viazal som a vrhal do v\u00e4zenia mu\u017eov a&nbsp;\u017eeny\u201c<\/em> (Sk 22,4) \u201e<em>Aj som to robil v Jeruzaleme a mnoh\u00fdch sv\u00e4t\u00fdch som pozatv\u00e1ral, ke\u010f som dostal moc od ve\u013ek\u0148azov. A ke\u010f ich mordovali, schva\u013eoval som to. \u00c1no, po v\u0161etk\u00fdch synag\u00f3gach \u010dasto som ich trestami n\u00fatil r\u00faha\u0165 sa a v nesmiernej z\u00farivosti prenasledoval som ich aj po vidieckych mest\u00e1ch.\u201c<\/em> (Sk 26,10) Potom pri\u0161la chv\u00ed\u013ea, ke\u010f sa mu zjavil Je\u017ei\u0161 Kristus pln\u00fd l\u00e1sky; Pavel Ho prijal s ve\u013ekou pokorou a v \u00faprimnom pok\u00e1n\u00ed a Kristus \u00faplne premenil jeho vn\u00fatro. Odstr\u00e1nil z jeho vn\u00fatra v\u0161etky sebectv\u00e1, nen\u00e1vis\u0165 i p\u00fdchu a naplnil ho ozajstnou l\u00e1skou, l\u00e1skavos\u0165ou a dobrotou ku v\u0161etk\u00fdm \u013eu\u010fom. Pavel bol za to nesmierne v\u010fa\u010dn\u00fd, \u017ee sa Kristus rozhodol premeni\u0165 jeho srdce a b\u00fdva\u0165 v \u0148om.<br>\u010co v\u0161etko sa stane s \u010dlovekom, ke\u010f Kristus za\u010dne kra\u013eova\u0165 v jeho vn\u00fatru? Star\u00e1 prirodzenos\u0165 pln\u00e9ho sebectva a zl\u00fdch vlastnost\u00ed je um\u0155tvovan\u00e1 a v \u010dloveku rastie nov\u00e1 prirodzenos\u0165 pln\u00e1 l\u00e1sky a dobr\u00fdch vlastnost\u00ed. Apo\u0161tol Pavel to vyjadril slovami: <em>\u201eSpolu s Kristom som ukri\u017eovan\u00fd a ne\u017eijem u\u017e ja, ale \u017eije vo mne Kristus.\u201c<\/em> A&nbsp;potom vymenov\u00e1va nov\u00e9 vlastnosti, ktor\u00e9 v \u0148om vyrastaj\u00fa: \u201e<em>l\u00e1ska, rados\u0165, pokoj, zhovievavos\u0165, ne\u017enos\u0165, dobrotivos\u0165, vernos\u0165, krotkos\u0165, zdr\u017eanlivos\u0165.\u201c<\/em><br>Po zmene Pavlovho \u017eivota som si polo\u017eil ot\u00e1zku: Chce Kristus kra\u013eova\u0165 v ka\u017edom \u010dloveku? Pripomenul som si Kristove slov\u00e1: <em>\u201eh\u013eadajte najprv kr\u00e1\u013eovstvo Bo\u017eie a Jeho spravodlivos\u0165 a v\u0161etko toto bude v\u00e1m pridan\u00e9.\u201c <\/em>Je to mo\u017en\u00e9, aby ka\u017ed\u00fd \u010dlovek tu na zemi mohol n\u00e1js\u0165 Bo\u017eie kr\u00e1\u013eovstvo? Samozrejme \u00e1no, potvrdzuje to v\u00fdzva P\u00e1na Je\u017ei\u0161a, ktor\u00e1 je ur\u010den\u00e1 v\u0161etk\u00fdm \u013eu\u010fom: <em>\u201eh\u013eadajte najprv kr\u00e1\u013eovstvo Bo\u017eie.\u201c<\/em>Slov\u00e1 P\u00e1na Je\u017ei\u0161a platia pre v\u0161etk\u00fdch. Je teda mo\u017en\u00e9, aby ka\u017ed\u00fd \u010dlovek pre\u017eil tak\u00fa premenu svojho vn\u00fatra, ak\u00fa pre\u017eil apo\u0161tol Pavel? Je to Bo\u017eia ponuka pre ka\u017ed\u00e9ho. Bo\u017eie kr\u00e1\u013eovstvo nach\u00e1dza \u010dlovek vo chv\u00edli, ke\u010f otvor\u00ed v pok\u00e1n\u00ed svoje vn\u00fatro pre Kr\u00e1\u013ea kr\u00e1\u013eov a P\u00e1n Je\u017ei\u0161 potom vstupuje do jeho vn\u00fatra a uj\u00edma sa vl\u00e1dy. Ke\u010f som si uvedomil, \u017ee tak\u00fato premenu chce Kristus uskuto\u010dni\u0165 v ka\u017edom \u010dloveku (i v mojom vn\u00fatri), zveril som P\u00e1novi Je\u017ei\u0161ovi Kristovi cel\u00e9 svoje vn\u00fatro i svoj \u017eivot. V priebehu \u017eivota sa stret\u00e1vam s&nbsp;mnoh\u00fdmi kres\u0165anmi, ktor\u00ed pre\u017eili podobn\u00fd z\u00e1zrak ako apo\u0161tol Pavel.<br>Je to vskutku ozajstn\u00fd z\u00e1zrak, \u017ee Kristovou pr\u00edtomnos\u0165ou v \u010dloveku sa v jeho vn\u00fatru uskuto\u010d\u0148uje kr\u00e1\u013eovstvo Bo\u017eie. Nap\u013a\u0148a sa prosba, ktorou vyslovujeme v modlitbe Ot\u010de n\u00e1\u0161: <em>\u201ePr\u00ed\u010f kr\u00e1\u013eovstvo Tvoje.\u201c<\/em> Tam, kde vl\u00e1dne Bo\u017e\u00ed Syn, P\u00e1n Je\u017ei\u0161 Kristus, prich\u00e1dza naozaj Bo\u017eie kr\u00e1\u013eovstvo. Pripom\u00edna to i apo\u0161tol Pavel vo svojom liste: <em>\u201eVe\u010f Bo\u017eie kr\u00e1\u013eovstvo nie je jedlo a n\u00e1poj, ale spravodlivos\u0165, pokoj a rados\u0165 v Duchu Sv\u00e4tom.\u201c<\/em><br>Ke\u010f p\u00edsal apo\u0161tol Pavel listy kres\u0165anom, ktor\u00ed prijali Krista do svojho srdca, v\u017edy im pripom\u00ednal aby si: <em>\u201eobliekli nov\u00e9ho<\/em>(\u010dloveka)<em>, ktor\u00fd sa obnovuje ku prav\u00e9mu poznaniu pod\u013ea obrazu svojho Stvorite\u013ea.\u201c<\/em> (Kol 3,10) <em>\u201eoble\u010dte nov\u00e9ho \u010dloveka, stvoren\u00e9ho pod\u013ea Boha v spravodlivosti a sv\u00e4tosti pravdy.\u201c<\/em> (Ef 4,24) Je to vskutku z\u00e1zrak, \u017ee sa v \u010dloveku obnovuj\u00fa kladn\u00e9 vlastnosti, ktor\u00e9 mali prv\u00ed \u013eudia po svojom stvoren\u00ed. Boli stvoren\u00ed na Bo\u017e\u00ed obraz. Tento Bo\u017e\u00ed obraz sa obnovuje v \u010dloveku p\u00f4soben\u00edm Je\u017ei\u0161a Krista <em>\u201eak je niekto v Kristovi, je nov\u00e9 stvorenie. Star\u00e9 veci sa pominuli, a h\u013ea, nastali nov\u00e9.\u201c<\/em> (2K 5,17) <em>\u201eaby Kristus preb\u00fdval vierou vo va\u0161ich srdciach, a vy, zakorenen\u00ed a zalo\u017een\u00ed v&nbsp;l\u00e1ske<\/em>\u201c(Ef 3,17) Pripom\u00edna to i apo\u0161tol Peter vo svojom druhom liste: <em>\u201eaby sme mali \u00fa\u010das\u0165 na bo\u017eskej prirodzenosti\u201c<\/em><br>Kristovo kra\u013eovanie v \u010dloveku je vskutku \u00fa\u017easn\u00fdm Bo\u017e\u00edm z\u00e1zrakom na tejto zemi. By\u0165 podriaden\u00fd P\u00e1novi Je\u017ei\u0161ovi ako Kr\u00e1\u013eovi je pre n\u00e1s \u013eud\u00ed t\u00e1 najvz\u00e1cnej\u0161ia v\u00fdsada, je to skvel\u00e9 privil\u00e9gium, preto\u017ee m\u00f4\u017eeme by\u0165 pod veden\u00edm a ochranou Toho, ktor\u00fd si n\u00e1s zamiloval a z\u00e1le\u017e\u00ed mu na tom, aby n\u00e1\u0161 \u017eivot mal t\u00fa najlep\u0161iu kvalitu a najvz\u00e1cnej\u0161iu hodnotu tu na zemi i ve\u010dne v Bo\u017eom kr\u00e1\u013eovstve. Pod Jeho veden\u00edm a kra\u013eovan\u00edm je \u010dlovek skuto\u010dne dokonale \u0161\u0165astn\u00fdm. Za to patr\u00ed P\u00e1novi Je\u017ei\u0161ovi Kristovi i moje najvrelej\u0161ie po\u010fakovanie, \u010des\u0165 a ve\u010dn\u00e1 chv\u00e1la.<\/p>\n\n\n\n<p class=\"has-text-align-right\"><em>\u2020<\/em> <em>Stanislav Kaczmarczyk emeritn\u00fd pastor<\/em><\/p>\n","protected":false},"excerpt":{"rendered":"<p>Je to mo\u017en\u00e9, aby ka\u017ed\u00fd \u010dlovek tu na zemi mohol n\u00e1js\u0165 Bo\u017eie kr\u00e1\u013eovstvo? Pred mnoh\u00fdmi rokmi sa mi dostal do r\u00fak let\u00e1k, na ktorom boli nama\u013eovan\u00e9 dve srdcia. V strede jedn\u00e9ho srdca bolo nap\u00edsan\u00e9 JA a v strede druh\u00e9ho srdca bolo nap\u00edsan\u00e9 KRISTUS. Pod t\u00fdmito obr\u00e1zkami bola ot\u00e1zka: Kto kra\u013euje v tvojom srdci? T\u00e1to ot\u00e1zka &#8230; <a title=\"Kra\u013euje vo mne Kristus?\" class=\"read-more\" href=\"https:\/\/www.e-anjelik.sk\/index.php\/2021\/04\/28\/kraluje-vo-mne-kristus\/\" aria-label=\"Pre\u010d\u00edtajte si viac o Kra\u013euje vo mne Kristus?\">\u010c\u00edta\u0165 viac<\/a><\/p>\n","protected":false},"author":3,"featured_media":0,"comment_status":"open","ping_status":"open","sticky":false,"template":"","format":"standard","meta":{"footnotes":""},"categories":[1],"tags":[],"class_list":["post-34599","post","type-post","status-publish","format-standard","hentry","category-adventna-modlitba"],"_links":{"self":[{"href":"https:\/\/www.e-anjelik.sk\/index.php\/wp-json\/wp\/v2\/posts\/34599","targetHints":{"allow":["GET"]}}],"collection":[{"href":"https:\/\/www.e-anjelik.sk\/index.php\/wp-json\/wp\/v2\/posts"}],"about":[{"href":"https:\/\/www.e-anjelik.sk\/index.php\/wp-json\/wp\/v2\/types\/post"}],"author":[{"embeddable":true,"href":"https:\/\/www.e-anjelik.sk\/index.php\/wp-json\/wp\/v2\/users\/3"}],"replies":[{"embeddable":true,"href":"https:\/\/www.e-anjelik.sk\/index.php\/wp-json\/wp\/v2\/comments?post=34599"}],"version-history":[{"count":2,"href":"https:\/\/www.e-anjelik.sk\/index.php\/wp-json\/wp\/v2\/posts\/34599\/revisions"}],"predecessor-version":[{"id":34602,"href":"https:\/\/www.e-anjelik.sk\/index.php\/wp-json\/wp\/v2\/posts\/34599\/revisions\/34602"}],"wp:attachment":[{"href":"https:\/\/www.e-anjelik.sk\/index.php\/wp-json\/wp\/v2\/media?parent=34599"}],"wp:term":[{"taxonomy":"category","embeddable":true,"href":"https:\/\/www.e-anjelik.sk\/index.php\/wp-json\/wp\/v2\/categories?post=34599"},{"taxonomy":"post_tag","embeddable":true,"href":"https:\/\/www.e-anjelik.sk\/index.php\/wp-json\/wp\/v2\/tags?post=34599"}],"curies":[{"name":"wp","href":"https:\/\/api.w.org\/{rel}","templated":true}]}}