{"id":3462,"date":"2011-03-28T08:24:02","date_gmt":"2011-03-28T08:24:02","guid":{"rendered":"http:\/\/e-anjelik.sk\/?p=3462"},"modified":"2011-03-28T08:24:02","modified_gmt":"2011-03-28T08:24:02","slug":"novy-veduci-luzickych-srbov-v-nemecku","status":"publish","type":"post","link":"https:\/\/www.e-anjelik.sk\/index.php\/2011\/03\/28\/novy-veduci-luzickych-srbov-v-nemecku\/","title":{"rendered":"Nov\u00fd ved\u00faci Lu\u017eick\u00fdch Srbov v Nemecku"},"content":{"rendered":"<p>V sobotu 26. marca t.r. bol za nov&eacute;ho ved&uacute;ceho stre&scaron;nej organiz&aacute;cie Lu\u017eick&yacute;ch Srbov v Nemecku DOMOVINA zvolen&yacute; 27-ro\u010dn&yacute; David Statnik. Na valnom zhroma\u017eden&iacute; DOMOVINY za neho hlasovalo 90% zo 158 deleg&aacute;tov. Vo\u013eby boli tajn&eacute;, on bol jedin&yacute; kandid&aacute;t. Domowina m&aacute; spolu 7200 \u010dlenov v 18 spolkoch.Zastupuje z&aacute;ujmy tejto slovanskej men&scaron;iny v spolo\u010dnosti a v rokovan&iacute; so &scaron;t&aacute;tnymi org&aacute;nmi. V roku 2012 bude Domowina oslavova\u0165 100 rokov od svojho zalo\u017eenia. Pod\u013ea odhadov \u017eije v Sasku asi 40 tis&iacute;c a v Brandebursku 20 tis&iacute;c Lu\u017eick&yacute;ch Srbov. V&auml;\u010d&scaron;ina z nich s&uacute; evanjelici.Katol&iacute;cka men&scaron;ina je n&aacute;rodne uvedomelej&scaron;ia. Prv&iacute; maj&uacute; Serbske ewangelske towarstwo, katol&iacute;ci Spolok sv. Cyrila a Metoda.<\/p>\n<p>(<a href=\"http:\/\/www.epd.de\">www.epd.de<\/a>); (<a href=\"http:\/\/www.bautzen.de\">www.bautzen.de<\/a>)<\/p>\n","protected":false},"excerpt":{"rendered":"<p>V sobotu 26. marca t.r. bol za nov&eacute;ho ved&uacute;ceho stre&scaron;nej organiz&aacute;cie Lu\u017eick&yacute;ch Srbov v Nemecku DOMOVINA zvolen&yacute; 27-ro\u010dn&yacute; David Statnik. Na valnom zhroma\u017eden&iacute; DOMOVINY za neho hlasovalo 90% zo 158 deleg&aacute;tov. Vo\u013eby boli tajn&eacute;, on bol jedin&yacute; kandid&aacute;t. Domowina m&aacute; spolu 7200 \u010dlenov v 18 spolkoch.Zastupuje z&aacute;ujmy tejto slovanskej men&scaron;iny v spolo\u010dnosti a v rokovan&iacute; &#8230; <a title=\"Nov\u00fd ved\u00faci Lu\u017eick\u00fdch Srbov v Nemecku\" class=\"read-more\" href=\"https:\/\/www.e-anjelik.sk\/index.php\/2011\/03\/28\/novy-veduci-luzickych-srbov-v-nemecku\/\" aria-label=\"Pre\u010d\u00edtajte si viac o Nov\u00fd ved\u00faci Lu\u017eick\u00fdch Srbov v Nemecku\">\u010c\u00edta\u0165 viac<\/a><\/p>\n","protected":false},"author":22,"featured_media":0,"comment_status":"open","ping_status":"open","sticky":false,"template":"","format":"standard","meta":{"footnotes":""},"categories":[1],"tags":[234],"class_list":["post-3462","post","type-post","status-publish","format-standard","hentry","category-adventna-modlitba","tag-zdruzenia-a-skupiny"],"_links":{"self":[{"href":"https:\/\/www.e-anjelik.sk\/index.php\/wp-json\/wp\/v2\/posts\/3462","targetHints":{"allow":["GET"]}}],"collection":[{"href":"https:\/\/www.e-anjelik.sk\/index.php\/wp-json\/wp\/v2\/posts"}],"about":[{"href":"https:\/\/www.e-anjelik.sk\/index.php\/wp-json\/wp\/v2\/types\/post"}],"author":[{"embeddable":true,"href":"https:\/\/www.e-anjelik.sk\/index.php\/wp-json\/wp\/v2\/users\/22"}],"replies":[{"embeddable":true,"href":"https:\/\/www.e-anjelik.sk\/index.php\/wp-json\/wp\/v2\/comments?post=3462"}],"version-history":[{"count":0,"href":"https:\/\/www.e-anjelik.sk\/index.php\/wp-json\/wp\/v2\/posts\/3462\/revisions"}],"wp:attachment":[{"href":"https:\/\/www.e-anjelik.sk\/index.php\/wp-json\/wp\/v2\/media?parent=3462"}],"wp:term":[{"taxonomy":"category","embeddable":true,"href":"https:\/\/www.e-anjelik.sk\/index.php\/wp-json\/wp\/v2\/categories?post=3462"},{"taxonomy":"post_tag","embeddable":true,"href":"https:\/\/www.e-anjelik.sk\/index.php\/wp-json\/wp\/v2\/tags?post=3462"}],"curies":[{"name":"wp","href":"https:\/\/api.w.org\/{rel}","templated":true}]}}