{"id":34632,"date":"2021-05-09T14:47:13","date_gmt":"2021-05-09T12:47:13","guid":{"rendered":"http:\/\/e-anjelik.sk\/?p=34632"},"modified":"2022-04-25T15:05:38","modified_gmt":"2022-04-25T13:05:38","slug":"za-ses-fararkou-zorou-kachnicovou","status":"publish","type":"post","link":"https:\/\/www.e-anjelik.sk\/index.php\/2021\/05\/09\/za-ses-fararkou-zorou-kachnicovou\/","title":{"rendered":"Za ses.far\u00e1rkou Zorou Kachni\u010dovou"},"content":{"rendered":"\n<h1 class=\"wp-block-heading\">Zomrela sestra far\u00e1rka Zora Kachni\u010dov\u00e1<\/h1>\n\n\n\n<figure class=\"wp-block-image\"><a href=\"https:\/\/www.ecav.sk\/rails\/active_storage\/blobs\/eyJfcmFpbHMiOnsibWVzc2FnZSI6IkJBaHBBbktpIiwiZXhwIjpudWxsLCJwdXIiOiJibG9iX2lkIn19--9638607b859a42a54263d49a64c16956fbb7e0c4\/1620379768033.jpg\"><img decoding=\"async\" src=\"https:\/\/www.ecav.sk\/rails\/active_storage\/representations\/eyJfcmFpbHMiOnsibWVzc2FnZSI6IkJBaHBBbktpIiwiZXhwIjpudWxsLCJwdXIiOiJibG9iX2lkIn19--9638607b859a42a54263d49a64c16956fbb7e0c4\/eyJfcmFpbHMiOnsibWVzc2FnZSI6IkJBaDdCam9MY21WemFYcGxTU0lJT1RBd0Jqb0dSVlE9IiwiZXhwIjpudWxsLCJwdXIiOiJ2YXJpYXRpb24ifX0=--f83398908a42570f1be2d2870fc3e62f317d893b\/1620379768033.jpg\" alt=\"Zomrela sestra far\u00e1rka Zora Kachni\u010dov\u00e1\"\/><\/a><\/figure>\n\n\n\n<ul class=\"wp-block-list\"><li>&nbsp;07.05.21<\/li><li>&nbsp;&nbsp;Jana Nunv\u00e1\u0159ov\u00e1, tla\u010dov\u00e1 tajomn\u00ed\u010dka<\/li><li>&nbsp;<a href=\"https:\/\/www.ecav.sk\/aktuality\/spravodajstvo\">&nbsp;Spravodajstvo<\/a><\/li><\/ul>\n\n\n\n<p>V obci \u010celovce v okrese Ve\u013ek\u00fd Krt\u00ed\u0161 sa odohrala trag\u00e9dia. Pri po\u017eiari fary tam zahynula sestra far\u00e1rka na d\u00f4chodku Zora Kachni\u010dov\u00e1. Predsedn\u00edctvo Evanjelickej cirkvi a. v. na Slovensku vyjadruje hlbok\u00fa a \u00faprimn\u00fa s\u00fastras\u0165 celej rodine, najm\u00e4 neteri sestre J\u00falii Gab\u010dovej z \u010cesk\u00e9ho Brezova.&nbsp;<strong>&#8222;Ja som vzkriesenie a \u017eivot &#8211; kto ver\u00ed vo m\u0148a, bude \u017ei\u0165, aj ke\u010f umrie.&#8220;&nbsp;<\/strong>J 11, 25<\/p>\n\n\n\n<p>Sestra Zora Kachni\u010dov\u00e1 by o nieko\u013eko dn\u00ed (15. m\u00e1ja) osl\u00e1vila 90 rokov. Po\u010das svojho \u017eivota bola vyl\u00fa\u010den\u00e1 zo \u0161t\u00fadia a s rodinou vys\u0165ahovan\u00e1 na Oravu. Aj po\u010das vysoko\u0161kolsk\u00fdch \u0161t\u00fadi\u00ed za\u017eila prenasledovanie a vyl\u00fa\u010denie profesorov a \u0161tudentov Slovenskej evanjelickej bohosloveckej fakulty, medzi ktor\u00fdch patrila aj ona. Posledn\u00e9 roky svojho \u017eivota pre\u017eila na fare v \u010celovciach s spolo\u010dnosti svojich milovan\u00fdch kn\u00edh a hodnotnej literat\u00fary.&nbsp;<\/p>\n\n\n\n<p><strong>ThMgr. &nbsp;Zora &nbsp;KACHNI\u010cOV\u00c1,&nbsp;<\/strong>rod. Beblav\u00e1<strong>&nbsp;\u2013&nbsp;<\/strong>evanjelick\u00e1 a. v. duchovn\u00e1 v. v. Narodila sa 15. 05. 1931 v Kaunase na Litve. Jej otcom bolDr. J\u00e1n Beblav\u00fd, profesor na teologickej fakulte v Bratislave. Vydala sa 27. 01. 1972 v Krompachoch za J\u00e1na Kachni\u010da, evanjelick\u00e9ho a. v. duchovn\u00e9ho, ktor\u00fd zomrel: 10. 04. 2019, vo veku 80 rokov. Deti nemali.&nbsp;<\/p>\n\n\n\n<p><strong><em>Dopl\u0148uj\u00face \u00fadaje z materi\u00e1lu d\u00f4stojn\u00e9ho brata biskupa Uhorskaia:<\/em><\/strong><\/p>\n\n\n\n<p>Za svoje vyslovene konfesion\u00e1lne \u2013 n\u00e1bo\u017eensk\u00e9 postoje na SEBF UK v Bratislave bola tvrdo postihnut\u00e1 aj Zora Beblav\u00e1, vydat\u00e1 Kachni\u010dov\u00e1. Bola dc\u00e9rou profesora Dr. J\u00e1na Beblav\u00e9ho, ktor\u00fd predn\u00e1\u0161al systematiku na teologickej fakulte v Litve. Ke\u010f sa otec v roku 1934 stal profesorom na teologickej fakulte v Bratislave, pres\u0165ahovala sa cel\u00e1 rodina do Bratislavy. Tu absolvovala sestra far\u00e1rka \u013eudov\u00fa \u0161kolu, diev\u010densk\u00e9 gymn\u00e1zium a za\u010dala \u0161tudova\u0165 na SEBF v Bratislave. Tu ju zastihla \u00e9ra kultu osobnosti a kult\u00farnej revol\u00facie. Po zn\u00e1mej (\u201eprotispolo\u010denskej\u201c vtedaj\u0161ieho re\u017eimu) af\u00e9re za\u010diatkom roku 1952 nemohla dokon\u010di\u0165 teologick\u00e9 \u0161t\u00fadi\u00e1. Podobn\u00fd osud zasiahol viacer\u00fdch \u0161tudentov. Skon\u010dila tri ro\u010dn\u00edky, do \u0161tvrt\u00e9ho ju u\u017e neprijali. Odpove\u010f na jej \u017eiados\u0165 o povolenie z\u00e1pisu dostala a\u017e po roku. Fakultn\u00e1 rada jej ozn\u00e1mila, \u017ee sa jej \u017eiadosti nevyhovuje, ke\u010f\u017ee to \u201esmern\u00e9 \u010d\u00edslo\u201c nedovo\u013euje. To bolo definit\u00edvne rozhodnutie. E\u0161te v lete 1952 si musela h\u013eada\u0165 zamestnanie. Zamestnala sa ako lek\u00e1rensk\u00e1 laborantka, potom ako robotn\u00ed\u010dka v z\u00e1hradn\u00edctve. Ke\u010f bol otec sestry far\u00e1rky 30. j\u00fana 1952 vypovedan\u00fd z fakulty a nemohol osta\u0165 ani v Bratislave, nako\u013eko bol ustanoven\u00fd za n\u00e1mestn\u00e9ho k\u0148aza do Jasenovej, pres\u0165ahovala sa do Jasenovej aj sestra far\u00e1rka. V lete roku 1953 mala znovu \u0165a\u017ekosti so zamestnan\u00edm, a\u017e od 01. okt\u00f3bra 1953 nast\u00fapila ako zdravotn\u00e1 sestra v O\u00daNZ v Dolnom Kub\u00edne, a preto musela v rokoch 1954 \u2013 1955 absolvova\u0165 zdravotn\u00edcky kurz. Aby dosiahla \u00fapln\u00fa kvalifik\u00e1ciu, musela vy\u0161tudova\u0165 Stredn\u00fa zdravotn\u00edcku \u0161kolu v Bratislave, \u010do sa jej podarilo, \u0161tudovala externou formou a v roku 1960 zmaturovala. Ke\u010f\u017ee ju pr\u00e1ca zdravotnej sestry neuspokojovala, prihl\u00e1sila sa v roku 1961 na Lek\u00e1rsku fakultu v Bratislave a podarilo sa jej aj, \u017ee ju prijali v roku 1964 na Lek\u00e1rsku fakultu v Prahe. Chcela vy\u0161tudova\u0165 aj medic\u00ednu v Prahe, aj teol\u00f3giu v Bratislave. N\u00e1hla smr\u0165 otca 10. apr\u00edla 1968 sp\u00f4sobila, \u017ee rodina ostala bez prostriedkov, preto sestra far\u00e1rka preru\u0161ila \u0161t\u00fadi\u00e1 a op\u00e4\u0165 sa zamestnala. Pracovala v PNS v Dolnom Kub\u00edne. Rok 1968 jej priniesol aj uvo\u013enenie. Na z\u00e1klade obrodn\u00e9ho hnutia v cirkvi z\u00e1sluhou re\u017eimom doby postihnut\u00fdch far\u00e1rov bola prijat\u00e1 do 4. ro\u010dn\u00edka SEBF UK v Bratislave v \u0161k. roku 1968\/69. &nbsp;&nbsp;<\/p>\n\n\n\n<p>V rokoch 1970 \u2013 1988 pracovala ako duchovn\u00e1 v CZ \u010celovce (HOS \u2013 ZD), do roku 1996 ako zborov\u00e1 far\u00e1rka v \u010celovciach. Od roku 1997 bola ako d\u00f4chodky\u0148a na mieste senior\u00e1tneho kapl\u00e1na HOS a od janu\u00e1ra do augusta 1998 bola n\u00e1mestnou far\u00e1rkou pracuj\u00facou d\u00f4chodky\u0148ou v CZ ECAV Cerovo (HOS \u2013 ZD). Do konca roka 1998 bola potom n\u00e1mestnou far\u00e1rkou \u2013 pracuj\u00facou d\u00f4chodky\u0148ou na miesto senior\u00e1tneho kapl\u00e1na HOS na 1\/2 pracovn\u00fd \u00fav\u00e4zok D\u0148om 31. 12. 1998 dohodou skon\u010dila pracovn\u00fd pomer.<\/p>\n","protected":false},"excerpt":{"rendered":"<p>Zomrela sestra far\u00e1rka Zora Kachni\u010dov\u00e1 &nbsp;07.05.21 &nbsp;&nbsp;Jana Nunv\u00e1\u0159ov\u00e1, tla\u010dov\u00e1 tajomn\u00ed\u010dka &nbsp;&nbsp;Spravodajstvo V obci \u010celovce v okrese Ve\u013ek\u00fd Krt\u00ed\u0161 sa odohrala trag\u00e9dia. Pri po\u017eiari fary tam zahynula sestra far\u00e1rka na d\u00f4chodku Zora Kachni\u010dov\u00e1. Predsedn\u00edctvo Evanjelickej cirkvi a. v. na Slovensku vyjadruje hlbok\u00fa a \u00faprimn\u00fa s\u00fastras\u0165 celej rodine, najm\u00e4 neteri sestre J\u00falii Gab\u010dovej z \u010cesk\u00e9ho Brezova.&nbsp;&#8222;Ja som &#8230; <a title=\"Za ses.far\u00e1rkou Zorou Kachni\u010dovou\" class=\"read-more\" href=\"https:\/\/www.e-anjelik.sk\/index.php\/2021\/05\/09\/za-ses-fararkou-zorou-kachnicovou\/\" aria-label=\"Pre\u010d\u00edtajte si viac o Za ses.far\u00e1rkou Zorou Kachni\u010dovou\">\u010c\u00edta\u0165 viac<\/a><\/p>\n","protected":false},"author":4,"featured_media":0,"comment_status":"open","ping_status":"open","sticky":false,"template":"","format":"standard","meta":{"footnotes":""},"categories":[609,610,193,322,535],"tags":[],"class_list":["post-34632","post","type-post","status-publish","format-standard","hentry","category-celovce","category-cerovo","category-co-pisu-ini","category-nekrolog","category-umrtia"],"_links":{"self":[{"href":"https:\/\/www.e-anjelik.sk\/index.php\/wp-json\/wp\/v2\/posts\/34632","targetHints":{"allow":["GET"]}}],"collection":[{"href":"https:\/\/www.e-anjelik.sk\/index.php\/wp-json\/wp\/v2\/posts"}],"about":[{"href":"https:\/\/www.e-anjelik.sk\/index.php\/wp-json\/wp\/v2\/types\/post"}],"author":[{"embeddable":true,"href":"https:\/\/www.e-anjelik.sk\/index.php\/wp-json\/wp\/v2\/users\/4"}],"replies":[{"embeddable":true,"href":"https:\/\/www.e-anjelik.sk\/index.php\/wp-json\/wp\/v2\/comments?post=34632"}],"version-history":[{"count":1,"href":"https:\/\/www.e-anjelik.sk\/index.php\/wp-json\/wp\/v2\/posts\/34632\/revisions"}],"predecessor-version":[{"id":34633,"href":"https:\/\/www.e-anjelik.sk\/index.php\/wp-json\/wp\/v2\/posts\/34632\/revisions\/34633"}],"wp:attachment":[{"href":"https:\/\/www.e-anjelik.sk\/index.php\/wp-json\/wp\/v2\/media?parent=34632"}],"wp:term":[{"taxonomy":"category","embeddable":true,"href":"https:\/\/www.e-anjelik.sk\/index.php\/wp-json\/wp\/v2\/categories?post=34632"},{"taxonomy":"post_tag","embeddable":true,"href":"https:\/\/www.e-anjelik.sk\/index.php\/wp-json\/wp\/v2\/tags?post=34632"}],"curies":[{"name":"wp","href":"https:\/\/api.w.org\/{rel}","templated":true}]}}