{"id":34634,"date":"2021-05-09T15:16:01","date_gmt":"2021-05-09T13:16:01","guid":{"rendered":"http:\/\/e-anjelik.sk\/?p=34634"},"modified":"2021-05-09T15:16:40","modified_gmt":"2021-05-09T13:16:40","slug":"jan-pravoslav-leska","status":"publish","type":"post","link":"https:\/\/www.e-anjelik.sk\/index.php\/2021\/05\/09\/jan-pravoslav-leska\/","title":{"rendered":"J\u00e1n Pravoslav Le\u0161ka"},"content":{"rendered":"\n<p>Spolok Martina R\u00e1zusa<\/p>\n\n\n\n<figure class=\"wp-block-image size-large\"><img decoding=\"async\" src=\"http:\/\/e-anjelik.sk\/wp-content\/uploads\/2021\/05\/183096374_329780071909495_3734111329058297440_n-1.jpg\" alt=\"\" class=\"wp-image-34638\"\/><\/figure>\n\n\n\n<p>   Dnes si pripom\u00edname 190. v\u00fdro\u010die narodenia evanjelick\u00e9ho k\u0148aza, spisovate\u013ea, novin\u00e1ra, prekladate\u013ea a n\u00e1rodovca-J\u00e1na Pravoslava Le\u0161ku. Narodil sa 7. m\u00e1ja 1831 vo Vrbovciach do rodiny pytlik\u00e1ra J\u00e1na Le\u0161ku a jeho man\u017eelky Al\u017ebety rod. Ne\u00faro\u010dnej. Mal sestru a brata. Rodi\u010dia ho vychov\u00e1vali skromne a dbali na jeho du\u0161evn\u00fd v\u00fdvin, \u010do sa u neho prejavilo po\u010das cel\u00e9ho jeho \u017eivota.V roku 1844 za\u010dal \u0161tudova\u0165 evanjelick\u00e9 gymn\u00e1zium v Modre, kde boli jeho profesormi Karol \u0160t\u00far a J\u00e1n Kalin\u010diak. Po otcovej smrti mu bol ve\u013ekou oporou jeho str\u00fdko staropazovsk\u00fd far\u00e1r \u0160tefan Le\u0161ka, ktor\u00fd ho finan\u010dne i mor\u00e1lne ve\u013emi podporoval. Po skon\u010den\u00ed \u0161t\u00fadia v Modre absolvoval v rokoch 1849-54 teologick\u00e9 \u0161t\u00fadium na evanjelickom l\u00fdceu v Bratislave a rok \u0161tudoval na teologickej fakulte vo Viedni.20. janu\u00e1ra 1855 nast\u00fapil na kapl\u00e1nske miesto v Myjave a to do slu\u017eby far\u00e1rovi Pavlovi Hajn\u00f3czymu. Obdobie v Myjave je pre neho najkraj\u0161ia \u010das\u0165 \u017eivota. Tu spozn\u00e1 svoju celo\u017eivotn\u00fa l\u00e1sku Krist\u00ednu Marte\u0161\u00edkov\u00fa s ktorou sa zasn\u00fabil, ale nikdy si ju nevzal za man\u017eelku. Le\u0161ka hne\u010f od za\u010diatku svojej duchovnej slu\u017eby preuk\u00e1zal svoj neoby\u010dajn\u00fd kazate\u013esk\u00fd talent. Ke\u010f boli sv\u00e4todu\u0161n\u00e9 sviatky v roku 1855 k\u00e1zal na Bukovci. E\u0161te v tom istom roku si ho Bukov\u010dania povolali do slu\u017eby za far\u00e1ra. Po\u010das piatich rokov svojho p\u00f4sobenia v Bukovci zve\u013eadil po hospod\u00e1rskej i kult\u00farnej str\u00e1nke obec i cirkevn\u00fd zbor. Ch\u00fdr o jeho zvu\u010dn\u00fdch k\u00e1z\u0148ach sa niesli cel\u00fdm podbradlianskym a podjavorinsk\u00fdm krajom. Ako n\u00e1rodne uvedomel\u00fd k\u0148az a vlastenec zaujal aj samotn\u00e9ho Jozefa Miloslava Hurbana, s ktor\u00fdm po boku \u010fa\u013e\u0161\u00edch n\u00e1rodne uvedomel\u00fdch evanjelick\u00fdch k\u0148azov ostro vys\u00fapil v roku 1859 proti snahe spoji\u0165 do jednej cirkvi evanjelikov v Uhorsku, z ktor\u00fdch bolo 80% Slov\u00e1kov medzi ktor\u00fdmi bolo aj nieko\u013eko ma\u010farsk\u00fdch kalv\u00ednov. T\u00edmto sp\u00f4sobom zjednotenia evanjelikov v Uhorsku, by boli slovensk\u00ed evanjelici n\u00e1silne poma\u010far\u010den\u00ed. V roku 1860 bol pozvan\u00fd za far\u00e1ra do Bziniec pod Javorinou. Hne\u010f sa pustil do rozvoja a zve\u013ea\u010fovania cirkevn\u00e9ho zboru. Svojim \u00fasil\u00edm a vytrvalos\u0165ou vyplatil v\u0161etky cirkevn\u00e9 dlhy. V rokoch 1866-67 za\u010dal stava\u0165 nov\u00fa faru pod\u013ea vlastn\u00fdch pl\u00e1nov. Popritom urobil pl\u00e1ny na nov\u00fa cirkevn\u00fa \u0161kolu aj s bytom pre u\u010dite\u013ea. V Le\u0161kovej novej fare v Bzinciach pod Javorinou za\u010dal hne\u010f pulzova\u0165 nov\u00fd \u017eivot. Sch\u00e1dzali sa tu n\u00e1rodovci z cel\u00e9ho okolia &#8211; Holubyovci, Riznerovci, Royovci a mnoh\u00ed in\u00ed.Bol vynikaj\u00faci a nadan\u00fd spisovate\u013e, ktor\u00fd p\u00edsal \u010dl\u00e1nky v n\u00e1rodnom a kres\u0165anskom duchu. Svoj talent vyu\u017eil aj pri p\u00edsan\u00ed b\u00e1sn\u00ed. Jeho diela boli najm\u00e4 publikovan\u00e9 v Hurbanov\u00fdch cirkevn\u00fdch listoch, Koruhovi na Sione, Pe\u0161\u0165bud\u00ednskych vedomostiach, Sokole, Obzore ale aj v nemeck\u00fdch a ma\u010farsk\u00fdch teologick\u00fdch \u010dasopisoch.Pre \u0161kolsk\u00fa ml\u00e1de\u017e vydal s\u00e1m Lutherov Katechizmus. V roku 1879 bol zvolen\u00fd za konseniora Nitrianskeho senior\u00e1tu a v roku 1880 za seniora.V\u010faka svojim aktivit\u00e1m v slu\u017ebe n\u00e1rodu a cirkvi sa stal J\u00e1n Pravoslav Le\u0161ka zn\u00e1mou a v\u00e1\u017eenou osobnos\u0165ou. V roku 1881 sa dostal do duchovnej slu\u017eby do Brezovej pod Bradlom. Pr\u00e1ve obdobie po\u010das jeho p\u00f4sobenia v Brezovej bolo jeho najlep\u0161iea nejprodukt\u00edvnej\u0161ie obdobie jeho \u017eivota. Dok\u00e1zal spoji\u0165 cirkevn\u00e9 ciele s n\u00e1rodn\u00fdmi. Ako dlhoro\u010dn\u00fd priate\u013e a spolubojovn\u00edk J.M.Hurbana sa na jeho pohrebe l\u00fa\u010dil s Hurbanom smutnou re\u010dou. Tak si v\u00e1\u017eil Hurbana, \u017ee na jeho pohrebe sa nez\u013eakol a nedal sa vyprovokova\u0165 ani zastra\u0161en\u00edm pr\u00edtomn\u00fdch ma\u010farsk\u00fdch mocip\u00e1nov. Pre protesty proti brut\u00e1lnej ma\u010fariz\u00e1cii presadzovanej budape\u0161tianskou synodou v rokoch 1891-94 bol Le\u0161ka v roku 1897 n\u00e1silne a protipr\u00e1vne zosaden\u00fd z funkcie seniora.27. apr\u00edla 1905 osl\u00e1vil svoju 50. ro\u010dn\u00fa duchovn\u00fa slu\u017ebu. \u017dal\u00fado\u010dn\u00e1 choroba spojen\u00e1 s vy\u0161\u0161\u00edm vekom ho don\u00fatila vzda\u0165 sa svojej funkcie d\u0148a 16. marca 1909 a od\u00eds\u0165 na odpo\u010dinok do Bziniec pod Javorinu, kde po kr\u00e1tkom \u010dase 5. augusta 1909 zomiera.\u010co doda\u0165 na z\u00e1ver? J\u00e1n Pravoslav Le\u0161ka bol skromn\u00fd, obetav\u00fd kazate\u013e a n\u00e1rodovec, ktor\u00e9mu patr\u00ed \u010destn\u00e9 miesto medzi velik\u00e1nmi n\u00e1\u0161ho n\u00e1roda ak\u00fdmi boli \u013dudov\u00edt \u0160t\u00far, J.M. Hurban alebo Karol Kuzm\u00e1ny. Ako talentovan\u00e9ho a skvel\u00e9ho kazate\u013ea ho prez\u00fdvali J\u00e1n Zlato\u00fasty.<a href=\"https:\/\/www.facebook.com\/ozjhb\/photos\/pcb.329842931903209\/329780068576162\/?__cft__[0]=AZWQywUiA_R4D2c0K9Y8QLPaLgA-LjLuEFJiHLIWL4uYzESOKh3Gv9E7Aki4ZvysTrGK01h-3ztq-U-AomeOEm2MukuO1TT_9mMXJq9xlMB_j3sg0m1J5JF6GPI79ASmf_6N99kTjVyDriWWt90BRn3_ExeRNaL1cnC69pB2yUswt_V9XOTD-qvRKatYg6yxLTY&amp;__tn__=*bH-R\"><\/a><a href=\"https:\/\/www.facebook.com\/ozjhb\/photos\/pcb.329842931903209\/329780091909493\/?__cft__[0]=AZWQywUiA_R4D2c0K9Y8QLPaLgA-LjLuEFJiHLIWL4uYzESOKh3Gv9E7Aki4ZvysTrGK01h-3ztq-U-AomeOEm2MukuO1TT_9mMXJq9xlMB_j3sg0m1J5JF6GPI79ASmf_6N99kTjVyDriWWt90BRn3_ExeRNaL1cnC69pB2yUswt_V9XOTD-qvRKatYg6yxLTY&amp;__tn__=*bH-R\"><\/a><\/p>\n\n\n\n<figure class=\"wp-block-image size-large\"><img decoding=\"async\" src=\"http:\/\/e-anjelik.sk\/wp-content\/uploads\/2021\/05\/183886340_329780098576159_5640984576786097358_n.jpg\" alt=\"\" class=\"wp-image-34636\"\/><\/figure>\n","protected":false},"excerpt":{"rendered":"<p>Spolok Martina R\u00e1zusa Dnes si pripom\u00edname 190. v\u00fdro\u010die narodenia evanjelick\u00e9ho k\u0148aza, spisovate\u013ea, novin\u00e1ra, prekladate\u013ea a n\u00e1rodovca-J\u00e1na Pravoslava Le\u0161ku. Narodil sa 7. m\u00e1ja 1831 vo Vrbovciach do rodiny pytlik\u00e1ra J\u00e1na Le\u0161ku a jeho man\u017eelky Al\u017ebety rod. Ne\u00faro\u010dnej. Mal sestru a brata. Rodi\u010dia ho vychov\u00e1vali skromne a dbali na jeho du\u0161evn\u00fd v\u00fdvin, \u010do sa u neho prejavilo &#8230; <a title=\"J\u00e1n Pravoslav Le\u0161ka\" class=\"read-more\" href=\"https:\/\/www.e-anjelik.sk\/index.php\/2021\/05\/09\/jan-pravoslav-leska\/\" aria-label=\"Pre\u010d\u00edtajte si viac o J\u00e1n Pravoslav Le\u0161ka\">\u010c\u00edta\u0165 viac<\/a><\/p>\n","protected":false},"author":4,"featured_media":0,"comment_status":"open","ping_status":"open","sticky":false,"template":"","format":"standard","meta":{"footnotes":""},"categories":[150,193,195,386,6,95,196],"tags":[],"class_list":["post-34634","post","type-post","status-publish","format-standard","hentry","category-brezova-pod-bradlom","category-co-pisu-ini","category-evanjelicke-slovensko","category-historicke-okienko","category-myjavsky-seniorat","category-sobotiste","category-vrbovce"],"_links":{"self":[{"href":"https:\/\/www.e-anjelik.sk\/index.php\/wp-json\/wp\/v2\/posts\/34634","targetHints":{"allow":["GET"]}}],"collection":[{"href":"https:\/\/www.e-anjelik.sk\/index.php\/wp-json\/wp\/v2\/posts"}],"about":[{"href":"https:\/\/www.e-anjelik.sk\/index.php\/wp-json\/wp\/v2\/types\/post"}],"author":[{"embeddable":true,"href":"https:\/\/www.e-anjelik.sk\/index.php\/wp-json\/wp\/v2\/users\/4"}],"replies":[{"embeddable":true,"href":"https:\/\/www.e-anjelik.sk\/index.php\/wp-json\/wp\/v2\/comments?post=34634"}],"version-history":[{"count":2,"href":"https:\/\/www.e-anjelik.sk\/index.php\/wp-json\/wp\/v2\/posts\/34634\/revisions"}],"predecessor-version":[{"id":34639,"href":"https:\/\/www.e-anjelik.sk\/index.php\/wp-json\/wp\/v2\/posts\/34634\/revisions\/34639"}],"wp:attachment":[{"href":"https:\/\/www.e-anjelik.sk\/index.php\/wp-json\/wp\/v2\/media?parent=34634"}],"wp:term":[{"taxonomy":"category","embeddable":true,"href":"https:\/\/www.e-anjelik.sk\/index.php\/wp-json\/wp\/v2\/categories?post=34634"},{"taxonomy":"post_tag","embeddable":true,"href":"https:\/\/www.e-anjelik.sk\/index.php\/wp-json\/wp\/v2\/tags?post=34634"}],"curies":[{"name":"wp","href":"https:\/\/api.w.org\/{rel}","templated":true}]}}