{"id":3465,"date":"2011-03-29T11:19:47","date_gmt":"2011-03-29T11:19:47","guid":{"rendered":"http:\/\/e-anjelik.sk\/?p=3465"},"modified":"2011-03-29T11:19:47","modified_gmt":"2011-03-29T11:19:47","slug":"500-cervenych-bukov-pre-evanjelikov-v-polsku","status":"publish","type":"post","link":"https:\/\/www.e-anjelik.sk\/index.php\/2011\/03\/29\/500-cervenych-bukov-pre-evanjelikov-v-polsku\/","title":{"rendered":"500 \u010derven\u00fdch bukov pre evanjelikov v Po\u013esku"},"content":{"rendered":"<p>V nede\u013eu 27. marca t.r. evanjelici v Szczyrku v Beskyd&aacute;ch dostali dar od nemeck&eacute;ho partnersk&eacute;ho mesta Zetel &#8211; 500 \u010derven&yacute;ch bukov&yacute;ch sadeni\u010diek. \u010cas\u0165 z nich vysadia v Z&aacute;hrade reform&aacute;cie, ktor&uacute; realizuje pri 500. v&yacute;ro\u010d&iacute; reform&aacute;cie far&aacute;r Jan Byrt. Po nede\u013en&yacute;ch bohoslu\u017eb&aacute;ch Nemci pri kostole , kde bude Z&aacute;hrada reform&aacute;cie, sl&aacute;vnostne vysadili jednu sadeni\u010dku \u010derven&eacute;ho buku. Aj ka\u017ed&yacute; n&aacute;v&scaron;tevn&iacute;k bohoslu\u017eby dostal jednu, aby si ju potom doma zasadil na pamiatku tohto jubilea. Minul&uacute; jese\u0148 Nemci dodali 500 kusov cibuliek krokusov, ktor&eacute; teraz na jar zakvitn&uacute;. Luter&aacute;ni z Holandska poslali do Besk&yacute;d tie\u017e 500 kusov \u010derveno-bielych tulip&aacute;nov.<\/p>\n<p>(<a href=\"http:\/\/www.luteranie.pl\">www.luteranie.pl<\/a>)<\/p>\n","protected":false},"excerpt":{"rendered":"<p>V nede\u013eu 27. marca t.r. evanjelici v Szczyrku v Beskyd&aacute;ch dostali dar od nemeck&eacute;ho partnersk&eacute;ho mesta Zetel &#8211; 500 \u010derven&yacute;ch bukov&yacute;ch sadeni\u010diek. \u010cas\u0165 z nich vysadia v Z&aacute;hrade reform&aacute;cie, ktor&uacute; realizuje pri 500. v&yacute;ro\u010d&iacute; reform&aacute;cie far&aacute;r Jan Byrt. Po nede\u013en&yacute;ch bohoslu\u017eb&aacute;ch Nemci pri kostole , kde bude Z&aacute;hrada reform&aacute;cie, sl&aacute;vnostne vysadili jednu sadeni\u010dku \u010derven&eacute;ho buku. &#8230; <a title=\"500 \u010derven\u00fdch bukov pre evanjelikov v Po\u013esku\" class=\"read-more\" href=\"https:\/\/www.e-anjelik.sk\/index.php\/2011\/03\/29\/500-cervenych-bukov-pre-evanjelikov-v-polsku\/\" aria-label=\"Pre\u010d\u00edtajte si viac o 500 \u010derven\u00fdch bukov pre evanjelikov v Po\u013esku\">\u010c\u00edta\u0165 viac<\/a><\/p>\n","protected":false},"author":22,"featured_media":0,"comment_status":"open","ping_status":"open","sticky":false,"template":"","format":"standard","meta":{"footnotes":""},"categories":[9,10],"tags":[],"class_list":["post-3465","post","type-post","status-publish","format-standard","hentry","category-europa","category-zo-sveta"],"_links":{"self":[{"href":"https:\/\/www.e-anjelik.sk\/index.php\/wp-json\/wp\/v2\/posts\/3465","targetHints":{"allow":["GET"]}}],"collection":[{"href":"https:\/\/www.e-anjelik.sk\/index.php\/wp-json\/wp\/v2\/posts"}],"about":[{"href":"https:\/\/www.e-anjelik.sk\/index.php\/wp-json\/wp\/v2\/types\/post"}],"author":[{"embeddable":true,"href":"https:\/\/www.e-anjelik.sk\/index.php\/wp-json\/wp\/v2\/users\/22"}],"replies":[{"embeddable":true,"href":"https:\/\/www.e-anjelik.sk\/index.php\/wp-json\/wp\/v2\/comments?post=3465"}],"version-history":[{"count":0,"href":"https:\/\/www.e-anjelik.sk\/index.php\/wp-json\/wp\/v2\/posts\/3465\/revisions"}],"wp:attachment":[{"href":"https:\/\/www.e-anjelik.sk\/index.php\/wp-json\/wp\/v2\/media?parent=3465"}],"wp:term":[{"taxonomy":"category","embeddable":true,"href":"https:\/\/www.e-anjelik.sk\/index.php\/wp-json\/wp\/v2\/categories?post=3465"},{"taxonomy":"post_tag","embeddable":true,"href":"https:\/\/www.e-anjelik.sk\/index.php\/wp-json\/wp\/v2\/tags?post=3465"}],"curies":[{"name":"wp","href":"https:\/\/api.w.org\/{rel}","templated":true}]}}