{"id":34662,"date":"2021-05-16T23:25:22","date_gmt":"2021-05-16T21:25:22","guid":{"rendered":"http:\/\/e-anjelik.sk\/?p=34662"},"modified":"2021-05-16T23:25:22","modified_gmt":"2021-05-16T21:25:22","slug":"pamatnik-trom-prenasledovanym-duchovnym","status":"publish","type":"post","link":"https:\/\/www.e-anjelik.sk\/index.php\/2021\/05\/16\/pamatnik-trom-prenasledovanym-duchovnym\/","title":{"rendered":"Pam\u00e4tn\u00edk trom prenasledovan\u00fdm duchovn\u00fdm"},"content":{"rendered":"\n<h1 class=\"wp-block-heading\">Pam\u00e4tn\u00edk trom prenasledovan\u00fdm duchovn\u00fdm v Pie\u0161\u0165anoch<\/h1>\n\n\n\n<figure class=\"wp-block-image\"><a href=\"https:\/\/www.ecav.sk\/rails\/active_storage\/blobs\/eyJfcmFpbHMiOnsibWVzc2FnZSI6IkJBaHBBcW1pIiwiZXhwIjpudWxsLCJwdXIiOiJibG9iX2lkIn19--c56fe4251f055479efa7c820898bcd8c37e41598\/5.jpg\"><img decoding=\"async\" src=\"https:\/\/www.ecav.sk\/rails\/active_storage\/representations\/eyJfcmFpbHMiOnsibWVzc2FnZSI6IkJBaHBBcW1pIiwiZXhwIjpudWxsLCJwdXIiOiJibG9iX2lkIn19--c56fe4251f055479efa7c820898bcd8c37e41598\/eyJfcmFpbHMiOnsibWVzc2FnZSI6IkJBaDdCam9MY21WemFYcGxTU0lJT1RBd0Jqb0dSVlE9IiwiZXhwIjpudWxsLCJwdXIiOiJ2YXJpYXRpb24ifX0=--f83398908a42570f1be2d2870fc3e62f317d893b\/5.jpg\" alt=\"Pam\u00e4tn\u00edk trom prenasledovan\u00fdm duchovn\u00fdm v Pie\u0161\u0165anoch\"\/><\/a><\/figure>\n\n\n\n<ul class=\"wp-block-list\"><li>&nbsp;12.05.21<\/li><li>&nbsp;&nbsp;Branislav Dolinsk\u00fd, zborov\u00fd far\u00e1r CZ ECAV Pies\u0165any<\/li><li>&nbsp;<a href=\"https:\/\/www.ecav.sk\/aktuality\/spravodajstvo\">&nbsp;Spravodajstvo<\/a><\/li><\/ul>\n\n\n\n<p>Skompletizova\u0165 v Pie\u0161\u0165anoch pam\u00e4tn\u00e9 miesto bojovn\u00edkom za slobodu a prenasledovan\u00fdm totalitn\u00fdmi re\u017eimami si dalo za cie\u013e ob\u010dianske zdru\u017eenie Svetlo n\u00e1deje. Pripravilo projekt na umiestnenie pam\u00e4tn\u00edka venovan\u00e9ho trom evanjelick\u00fdm k\u0148azom. V Pietnej uli\u010dke v prostred\u00ed mestsk\u00e9ho parku na b\u00fdvalom Teplickom cintor\u00edne u\u017e stoj\u00ed pam\u00e4tn\u00edk k\u0148azovi Antonovi Srholcovi a \u017eidovsk\u00e9mu rab\u00ednovi Ysachar Schlomo Teichtalovi. Informoval o tom koordin\u00e1tor projektu Branislav Dolinsk\u00fd.<\/p>\n\n\n\n<p>Ob\u010dianske zdru\u017eenie Svetlo n\u00e1deje si v Pietnej uli\u010dke chce pripom\u00edna\u0165 pamiatku Jozefa Bu\u010dka, ktor\u00fd bol \u00fa\u010dastn\u00edkom protifa\u0161istick\u00e9ho odboja a zomrel po\u010das druhej svetovej vojny v koncentra\u010dnom t\u00e1bore, Alexandra Baricu, ktor\u00fd sa zapojil do podpory odboja a v 50. rokoch bol obe\u0165ou politick\u00fdch perzek\u00faci\u00ed a \u0160tefana Dlh\u00e1\u0148a.<\/p>\n\n\n\n<p>Ten bol prv\u00fdm pie\u0161\u0165ansk\u00fdm evanjelick\u00fdm a. v. far\u00e1rom po znovuobnoven\u00ed cirkevn\u00e9ho zboru, v roku 1953 mu od\u0148ali \u0161t\u00e1tny s\u00fahlas pre k\u0148azsk\u00e9 p\u00f4sobenie.&nbsp;Pre svoju pr\u00e1cu a&nbsp;pr\u00edstup k&nbsp;\u013eu\u010fom doteraz zost\u00e1va v&nbsp;povedom\u00ed Pie\u0161\u0165ancov.<\/p>\n\n\n\n<p>Zdroj: TASR<\/p>\n\n\n\n<p>Sl\u00e1vnostn\u00e9ho odhalenia tabule sa z\u00fa\u010dastnili:<br>z\u00e1stupca politick\u00fdch v\u00e4z\u0148ov, prim\u00e1tor Pie\u0161\u0165an Mgr. Peter Jan\u010dovi\u010d, PhD., evanj. far\u00e1r ThDr. Branislav Dolinsk\u00fd, biskup Z\u00e1padn\u00e9ho di\u0161triktu J\u00e1n Hrobo\u0148 a k\u0148az R\u00edm.-kat. cirkvi.<\/p>\n\n\n\n<p>Autorom pam\u00e4tnej dosky je Mgr. A. Miroslav Jakub\u010d\u00edk (Pie\u0161\u0165anec, \u017eije a tvor\u00ed v Prahe \u2013&nbsp;<a href=\"http:\/\/www.jakubcik.cz\/index.php\">http:\/\/www.jakubcik.cz\/index.php<\/a>)<\/p>\n\n\n\n<p>Materi\u00e1lom pam\u00e4tnej tabule&nbsp;je Corten \u2013 \u0161peci\u00e1lne galvanicky upraven\u00e1 oce\u013e, nepodliehaj\u00faca h\u013abkov\u00e9 kor\u00f3zii. P\u00edsmo je rezan\u00e9 laserom.<\/p>\n\n\n\n<p>\u0160o\u0161ovka je vytvoren\u00e1 \u2013 utaven\u00e1 z optick\u00e9ho skla a ru\u010dne vybr\u00fasen\u00e1. Zo spodnej strany je znak ev. cirkvi vstupuj\u00faci do \u0161o\u0161ovky.<\/p>\n\n\n\n<p>V\u010faka optick\u00e9mu zakriveniu doch\u00e1dza k tomu, \u017ee ke\u010f idete okolo, znak ru\u017eice sa mierne nakl\u00e1\u0148a k v\u00e1\u0161mu poh\u013eadu.<\/p>\n\n\n\n<p>Pomn\u00edk bol koncipovan\u00fd ako horizont\u00e1lny blok, aby \u010do najmenej naru\u0161oval poh\u013ead na pekn\u00fd park .<\/p>\n\n\n\n<p>Av\u0161ak pre toho, kto sa chce nie\u010do dozvedie\u0165 a prist\u00fapi bli\u017e\u0161ie, je v\u0161etko preh\u013eadn\u00e9.<\/p>\n\n\n\n<p>Hrdzav\u00fd povrch evokuje a zosil\u0148uje zmysel odkazu, ktor\u00fd bohu\u017eia\u013e nie je moc vesel\u00fd a vypoved\u00e1 o tom, v akej dobe sa na\u0161a spolo\u010dnos\u0165 v minulosti nach\u00e1dzala\u2026<\/p>\n","protected":false},"excerpt":{"rendered":"<p>Pam\u00e4tn\u00edk trom prenasledovan\u00fdm duchovn\u00fdm v Pie\u0161\u0165anoch &nbsp;12.05.21 &nbsp;&nbsp;Branislav Dolinsk\u00fd, zborov\u00fd far\u00e1r CZ ECAV Pies\u0165any &nbsp;&nbsp;Spravodajstvo Skompletizova\u0165 v Pie\u0161\u0165anoch pam\u00e4tn\u00e9 miesto bojovn\u00edkom za slobodu a prenasledovan\u00fdm totalitn\u00fdmi re\u017eimami si dalo za cie\u013e ob\u010dianske zdru\u017eenie Svetlo n\u00e1deje. Pripravilo projekt na umiestnenie pam\u00e4tn\u00edka venovan\u00e9ho trom evanjelick\u00fdm k\u0148azom. V Pietnej uli\u010dke v prostred\u00ed mestsk\u00e9ho parku na b\u00fdvalom Teplickom cintor\u00edne &#8230; <a title=\"Pam\u00e4tn\u00edk trom prenasledovan\u00fdm duchovn\u00fdm\" class=\"read-more\" href=\"https:\/\/www.e-anjelik.sk\/index.php\/2021\/05\/16\/pamatnik-trom-prenasledovanym-duchovnym\/\" aria-label=\"Pre\u010d\u00edtajte si viac o Pam\u00e4tn\u00edk trom prenasledovan\u00fdm duchovn\u00fdm\">\u010c\u00edta\u0165 viac<\/a><\/p>\n","protected":false},"author":4,"featured_media":0,"comment_status":"open","ping_status":"open","sticky":false,"template":"","format":"standard","meta":{"footnotes":""},"categories":[395,193,462,69],"tags":[],"class_list":["post-34662","post","type-post","status-publish","format-standard","hentry","category-bratislavsky-seniorat","category-co-pisu-ini","category-piestany","category-spominame"],"_links":{"self":[{"href":"https:\/\/www.e-anjelik.sk\/index.php\/wp-json\/wp\/v2\/posts\/34662","targetHints":{"allow":["GET"]}}],"collection":[{"href":"https:\/\/www.e-anjelik.sk\/index.php\/wp-json\/wp\/v2\/posts"}],"about":[{"href":"https:\/\/www.e-anjelik.sk\/index.php\/wp-json\/wp\/v2\/types\/post"}],"author":[{"embeddable":true,"href":"https:\/\/www.e-anjelik.sk\/index.php\/wp-json\/wp\/v2\/users\/4"}],"replies":[{"embeddable":true,"href":"https:\/\/www.e-anjelik.sk\/index.php\/wp-json\/wp\/v2\/comments?post=34662"}],"version-history":[{"count":1,"href":"https:\/\/www.e-anjelik.sk\/index.php\/wp-json\/wp\/v2\/posts\/34662\/revisions"}],"predecessor-version":[{"id":34663,"href":"https:\/\/www.e-anjelik.sk\/index.php\/wp-json\/wp\/v2\/posts\/34662\/revisions\/34663"}],"wp:attachment":[{"href":"https:\/\/www.e-anjelik.sk\/index.php\/wp-json\/wp\/v2\/media?parent=34662"}],"wp:term":[{"taxonomy":"category","embeddable":true,"href":"https:\/\/www.e-anjelik.sk\/index.php\/wp-json\/wp\/v2\/categories?post=34662"},{"taxonomy":"post_tag","embeddable":true,"href":"https:\/\/www.e-anjelik.sk\/index.php\/wp-json\/wp\/v2\/tags?post=34662"}],"curies":[{"name":"wp","href":"https:\/\/api.w.org\/{rel}","templated":true}]}}