{"id":3467,"date":"2011-03-30T08:52:54","date_gmt":"2011-03-30T08:52:54","guid":{"rendered":"http:\/\/e-anjelik.sk\/?p=3467"},"modified":"2011-03-30T08:52:54","modified_gmt":"2011-03-30T08:52:54","slug":"es-pre-ludske-prava-uznava-staznost-iee","status":"publish","type":"post","link":"https:\/\/www.e-anjelik.sk\/index.php\/2011\/03\/30\/es-pre-ludske-prava-uznava-staznost-iee\/","title":{"rendered":"ES pre \u013eudsk\u00e9 pr\u00e1va uzn\u00e1va s\u0165a\u017enos\u0165 IEE"},"content":{"rendered":"<p>Eur&oacute;psky s&uacute;d pre \u013eudsk&eacute; pr&aacute;va prijal s\u0165a\u017enos\u0165 &Scaron;panielskej evanjelickej cirkvi (IEE) na &scaron;panielsky &scaron;t&aacute;t. T&aacute;to mal&aacute; protestantsk&aacute; cirkev zalo\u017een&aacute; roku 1869 je \u010dlenkou SRC, Svetov&eacute;ho reformovan&eacute;ho zv&auml;zu a Svetov&eacute;ho metodistick&eacute;ho zv&auml;zu. Teraz sa obr&aacute;tila na s&uacute;d so s\u0165a\u017enos\u0165ou na &scaron;panielsky &scaron;t&aacute;t, ktor&yacute; diskriminuje jej duchovn&yacute;ch . V \u010dase Francovej diktat&uacute;ry nesmeli duchovn&iacute; tejto cirkvi plati\u0165 soci&aacute;lne poistenie, lebo fakticky mali z&aacute;kaz povolania. Po penzionovan&iacute; preto nedost&aacute;vali d&ocirc;chodok. Mal&aacute; cirkev je dnes finan\u010dne &nbsp;pre\u0165a\u017een&aacute; platen&iacute;m d&ocirc;chodkov. Priame rozhovory s vl&aacute;dou neviedli k nijak&yacute;m v&yacute;sledkom. &scaron;panielske s&uacute;dy s&iacute;ce uznali historick&uacute; vinu &scaron;t&aacute;tu, ale nezaru\u010dili finan\u010dn&eacute; vyrovnanie. S&uacute;d v Strassburgu vyzval &scaron;panielsku vl&aacute;du, aby sa k pr&iacute;padu vyjadrila.&quot;Ide o jasn&uacute; diskrimin&aacute;ciu evanjelick&yacute;ch pastorov,&quot; povedal Joel Cort&eacute;s, prezident synody IEE.<\/p>\n<p>(<a href=\"http:\/\/www.gustav-adolf-werk.de\">www.gustav-adolf-werk.de<\/a>)<\/p>\n","protected":false},"excerpt":{"rendered":"<p>Eur&oacute;psky s&uacute;d pre \u013eudsk&eacute; pr&aacute;va prijal s\u0165a\u017enos\u0165 &Scaron;panielskej evanjelickej cirkvi (IEE) na &scaron;panielsky &scaron;t&aacute;t. T&aacute;to mal&aacute; protestantsk&aacute; cirkev zalo\u017een&aacute; roku 1869 je \u010dlenkou SRC, Svetov&eacute;ho reformovan&eacute;ho zv&auml;zu a Svetov&eacute;ho metodistick&eacute;ho zv&auml;zu. Teraz sa obr&aacute;tila na s&uacute;d so s\u0165a\u017enos\u0165ou na &scaron;panielsky &scaron;t&aacute;t, ktor&yacute; diskriminuje jej duchovn&yacute;ch . V \u010dase Francovej diktat&uacute;ry nesmeli duchovn&iacute; tejto cirkvi plati\u0165 &#8230; <a title=\"ES pre \u013eudsk\u00e9 pr\u00e1va uzn\u00e1va s\u0165a\u017enos\u0165 IEE\" class=\"read-more\" href=\"https:\/\/www.e-anjelik.sk\/index.php\/2011\/03\/30\/es-pre-ludske-prava-uznava-staznost-iee\/\" aria-label=\"Pre\u010d\u00edtajte si viac o ES pre \u013eudsk\u00e9 pr\u00e1va uzn\u00e1va s\u0165a\u017enos\u0165 IEE\">\u010c\u00edta\u0165 viac<\/a><\/p>\n","protected":false},"author":22,"featured_media":0,"comment_status":"open","ping_status":"open","sticky":false,"template":"","format":"standard","meta":{"footnotes":""},"categories":[2],"tags":[],"class_list":["post-3467","post","type-post","status-publish","format-standard","hentry","category-ekumena"],"_links":{"self":[{"href":"https:\/\/www.e-anjelik.sk\/index.php\/wp-json\/wp\/v2\/posts\/3467","targetHints":{"allow":["GET"]}}],"collection":[{"href":"https:\/\/www.e-anjelik.sk\/index.php\/wp-json\/wp\/v2\/posts"}],"about":[{"href":"https:\/\/www.e-anjelik.sk\/index.php\/wp-json\/wp\/v2\/types\/post"}],"author":[{"embeddable":true,"href":"https:\/\/www.e-anjelik.sk\/index.php\/wp-json\/wp\/v2\/users\/22"}],"replies":[{"embeddable":true,"href":"https:\/\/www.e-anjelik.sk\/index.php\/wp-json\/wp\/v2\/comments?post=3467"}],"version-history":[{"count":0,"href":"https:\/\/www.e-anjelik.sk\/index.php\/wp-json\/wp\/v2\/posts\/3467\/revisions"}],"wp:attachment":[{"href":"https:\/\/www.e-anjelik.sk\/index.php\/wp-json\/wp\/v2\/media?parent=3467"}],"wp:term":[{"taxonomy":"category","embeddable":true,"href":"https:\/\/www.e-anjelik.sk\/index.php\/wp-json\/wp\/v2\/categories?post=3467"},{"taxonomy":"post_tag","embeddable":true,"href":"https:\/\/www.e-anjelik.sk\/index.php\/wp-json\/wp\/v2\/tags?post=3467"}],"curies":[{"name":"wp","href":"https:\/\/api.w.org\/{rel}","templated":true}]}}