{"id":34676,"date":"2021-05-26T20:29:05","date_gmt":"2021-05-26T18:29:05","guid":{"rendered":"http:\/\/e-anjelik.sk\/?p=34676"},"modified":"2021-05-26T20:29:05","modified_gmt":"2021-05-26T18:29:05","slug":"gen-dozorca-j-brozman-sa-vzdal-funkcie","status":"publish","type":"post","link":"https:\/\/www.e-anjelik.sk\/index.php\/2021\/05\/26\/gen-dozorca-j-brozman-sa-vzdal-funkcie\/","title":{"rendered":"Gen.dozorca J.Brozman sa vzdal funkcie"},"content":{"rendered":"\n<h1 class=\"wp-block-heading\">Gener\u00e1lny dozorca Ing. J\u00e1n Brozman sa vzdal svojej funkcie<\/h1>\n\n\n\n<figure class=\"wp-block-image\"><a href=\"https:\/\/www.ecav.sk\/rails\/active_storage\/blobs\/eyJfcmFpbHMiOnsibWVzc2FnZSI6IkJBaHBBZ09qIiwiZXhwIjpudWxsLCJwdXIiOiJibG9iX2lkIn19--8ac7f12bddae9c3ac927cc7f3a7ab238b8eff0c8\/lutherova_ruza_cb.jpg\"><img decoding=\"async\" src=\"https:\/\/www.ecav.sk\/rails\/active_storage\/representations\/eyJfcmFpbHMiOnsibWVzc2FnZSI6IkJBaHBBZ09qIiwiZXhwIjpudWxsLCJwdXIiOiJibG9iX2lkIn19--8ac7f12bddae9c3ac927cc7f3a7ab238b8eff0c8\/eyJfcmFpbHMiOnsibWVzc2FnZSI6IkJBaDdCam9MY21WemFYcGxTU0lJT1RBd0Jqb0dSVlE9IiwiZXhwIjpudWxsLCJwdXIiOiJ2YXJpYXRpb24ifX0=--f83398908a42570f1be2d2870fc3e62f317d893b\/lutherova_ruza_cb.jpg\" alt=\"Gener\u00e1lny dozorca Ing. J\u00e1n Brozman sa vzdal svojej funkcie\"\/><\/a><\/figure>\n\n\n\n<ul class=\"wp-block-list\"><li>&nbsp;26.05.21<\/li><li>&nbsp;&nbsp;Predsedn\u00edctvo ECAV<\/li><li>&nbsp;<a href=\"https:\/\/www.ecav.sk\/aktuality\/oznamy\">&nbsp;Oznamy<\/a><\/li><\/ul>\n\n\n\n<p>&nbsp; &nbsp; &nbsp; &nbsp; &nbsp; &nbsp; Oznamujeme evanjelickej verejnosti, \u017ee brat Ing. J\u00e1n Brozman sa vzdal funkcie gener\u00e1lneho dozorcu Evanjelickej cirkvi a. v. na Slovensku listom prijat\u00fdm na Gener\u00e1lnom biskupskom \u00farade d\u0148a 24.05.2021. Pod\u013ea cirkevn\u00e9ho z\u00e1kona 11\/1994&nbsp;<em>O&nbsp;cirkevn\u00fdch predstavite\u013eoch a ich&nbsp;vo\u013eb\u00e1ch<\/em>&nbsp;m\u00e1 gener\u00e1lne presbyterstvo ECAV vyhl\u00e1si\u0165 vo\u013eby na uvo\u013enen\u00fa funkciu do 2 mesiacov. Gener\u00e1lne presbyterstvo sa uvedenou vecou bude zaobera\u0165 na svojom najbli\u017e\u0161om zasadnut\u00ed 04.06.2021.<\/p>\n\n\n\n<p>D\u00f4vod svojho rozhodnutia brat Brozman v liste nenap\u00edsal.<\/p>\n\n\n\n<p>Bratovi Brozmanovi za jeho slu\u017ebu v ne\u013eahk\u00fdch \u010dasoch \u010fakujeme a \u017eel\u00e1me mu zdravie a Bo\u017eie po\u017eehnanie.<\/p>\n\n\n\n<p>Predsedn\u00edctvo ECAV<br>Ivan E\u013eko, gener\u00e1lny biskup ECAV a \u013dubom\u00edr Pankuch, z\u00e1stupca gener\u00e1lneho dozorcu ECAV<\/p>\n","protected":false},"excerpt":{"rendered":"<p>Gener\u00e1lny dozorca Ing. J\u00e1n Brozman sa vzdal svojej funkcie &nbsp;26.05.21 &nbsp;&nbsp;Predsedn\u00edctvo ECAV &nbsp;&nbsp;Oznamy &nbsp; &nbsp; &nbsp; &nbsp; &nbsp; &nbsp; Oznamujeme evanjelickej verejnosti, \u017ee brat Ing. J\u00e1n Brozman sa vzdal funkcie gener\u00e1lneho dozorcu Evanjelickej cirkvi a. v. na Slovensku listom prijat\u00fdm na Gener\u00e1lnom biskupskom \u00farade d\u0148a 24.05.2021. Pod\u013ea cirkevn\u00e9ho z\u00e1kona 11\/1994&nbsp;O&nbsp;cirkevn\u00fdch predstavite\u013eoch a ich&nbsp;vo\u013eb\u00e1ch&nbsp;m\u00e1 gener\u00e1lne presbyterstvo &#8230; <a title=\"Gen.dozorca J.Brozman sa vzdal funkcie\" class=\"read-more\" href=\"https:\/\/www.e-anjelik.sk\/index.php\/2021\/05\/26\/gen-dozorca-j-brozman-sa-vzdal-funkcie\/\" aria-label=\"Pre\u010d\u00edtajte si viac o Gen.dozorca J.Brozman sa vzdal funkcie\">\u010c\u00edta\u0165 viac<\/a><\/p>\n","protected":false},"author":4,"featured_media":0,"comment_status":"open","ping_status":"open","sticky":false,"template":"","format":"standard","meta":{"footnotes":""},"categories":[193,73,177],"tags":[],"class_list":["post-34676","post","type-post","status-publish","format-standard","hentry","category-co-pisu-ini","category-ecav","category-gbu"],"_links":{"self":[{"href":"https:\/\/www.e-anjelik.sk\/index.php\/wp-json\/wp\/v2\/posts\/34676","targetHints":{"allow":["GET"]}}],"collection":[{"href":"https:\/\/www.e-anjelik.sk\/index.php\/wp-json\/wp\/v2\/posts"}],"about":[{"href":"https:\/\/www.e-anjelik.sk\/index.php\/wp-json\/wp\/v2\/types\/post"}],"author":[{"embeddable":true,"href":"https:\/\/www.e-anjelik.sk\/index.php\/wp-json\/wp\/v2\/users\/4"}],"replies":[{"embeddable":true,"href":"https:\/\/www.e-anjelik.sk\/index.php\/wp-json\/wp\/v2\/comments?post=34676"}],"version-history":[{"count":1,"href":"https:\/\/www.e-anjelik.sk\/index.php\/wp-json\/wp\/v2\/posts\/34676\/revisions"}],"predecessor-version":[{"id":34677,"href":"https:\/\/www.e-anjelik.sk\/index.php\/wp-json\/wp\/v2\/posts\/34676\/revisions\/34677"}],"wp:attachment":[{"href":"https:\/\/www.e-anjelik.sk\/index.php\/wp-json\/wp\/v2\/media?parent=34676"}],"wp:term":[{"taxonomy":"category","embeddable":true,"href":"https:\/\/www.e-anjelik.sk\/index.php\/wp-json\/wp\/v2\/categories?post=34676"},{"taxonomy":"post_tag","embeddable":true,"href":"https:\/\/www.e-anjelik.sk\/index.php\/wp-json\/wp\/v2\/tags?post=34676"}],"curies":[{"name":"wp","href":"https:\/\/api.w.org\/{rel}","templated":true}]}}