{"id":34678,"date":"2021-05-27T19:46:32","date_gmt":"2021-05-27T17:46:32","guid":{"rendered":"http:\/\/e-anjelik.sk\/?p=34678"},"modified":"2021-05-27T19:47:01","modified_gmt":"2021-05-27T17:47:01","slug":"zasadnutie-ghv-pokracuje","status":"publish","type":"post","link":"https:\/\/www.e-anjelik.sk\/index.php\/2021\/05\/27\/zasadnutie-ghv-pokracuje\/","title":{"rendered":"Zasadnutie GP pokra\u010duje"},"content":{"rendered":"\n<h1 class=\"wp-block-heading\">Z pokra\u010duj\u00faceho zasadnutia GP<\/h1>\n\n\n\n<ul class=\"wp-block-list\"><li>&nbsp;24.05.21<\/li><li>&nbsp;&nbsp;Zuzana Pol\u00e1kov\u00e1, sekretari\u00e1t ECAV<\/li><li>&nbsp;<a href=\"https:\/\/www.ecav.sk\/aktuality\/spravodajstvo\">&nbsp;Spravodajstvo<\/a><\/li><\/ul>\n\n\n\n<figure class=\"wp-block-image\"><a href=\"https:\/\/www.ecav.sk\/rails\/active_storage\/blobs\/eyJfcmFpbHMiOnsibWVzc2FnZSI6IkJBaHBBdktpIiwiZXhwIjpudWxsLCJwdXIiOiJibG9iX2lkIn19--08eb68a917de93959bec68fdb4d2c4f4543874df\/Lutherova_Ruzaa.png\"><img decoding=\"async\" src=\"https:\/\/www.ecav.sk\/rails\/active_storage\/representations\/eyJfcmFpbHMiOnsibWVzc2FnZSI6IkJBaHBBdktpIiwiZXhwIjpudWxsLCJwdXIiOiJibG9iX2lkIn19--08eb68a917de93959bec68fdb4d2c4f4543874df\/eyJfcmFpbHMiOnsibWVzc2FnZSI6IkJBaDdCam9MY21WemFYcGxTU0lJT1RBd0Jqb0dSVlE9IiwiZXhwIjpudWxsLCJwdXIiOiJ2YXJpYXRpb24ifX0=--f83398908a42570f1be2d2870fc3e62f317d893b\/Lutherova_Ruzaa.png\" alt=\"Z pokra\u010duj\u00faceho zasadnutia GP\"\/><\/a><\/figure>\n\n\n\n<p>Po online rokovaniach gener\u00e1lneho presbyterstva sa po prv\u00fdkr\u00e1t v tomto roku uskuto\u010dnilo zasadnutie za osobnej \u00fa\u010dasti \u010dlenov presbyterstva. Gener\u00e1lni presbyteri a presbyterky sa d\u0148a 14.5.2021 stretli v priestoroch Gener\u00e1lneho biskupsk\u00e9ho \u00faradu ECAV v Bratislave, kde nadviazali na posledn\u00e9 zasadnutie, konan\u00e9 d\u0148a 16.4.2021 a pokra\u010dovali tak neprerokovan\u00fdmi bodmi schv\u00e1len\u00e9ho programu.<\/p>\n\n\n\n<p>V \u00favode sa presbyteri zaoberali problematikou Elektronick\u00e9ho informa\u010dn\u00e9ho syst\u00e9mu, pri\u010dom v r\u00e1mci tohto bodu<strong><\/strong>schv\u00e1lili predlo\u017een\u00fd n\u00e1vrh \u017eiadost\u00ed k pr\u00edstupu do syst\u00e9mu. N\u00e1sledne sa presbyteri venovali z\u00e1verom prijat\u00fdm ku Koncepcii misie a vzdel\u00e1vania ECAV na obdobie rokov 2021 \u2013 2030, ktor\u00e9 vzi\u0161li z online konzult\u00e1cie k tejto t\u00e9me. Presbyterom bol \u010falej predlo\u017een\u00fd n\u00e1vrh organiza\u010dn\u00e9ho poriadku Gener\u00e1lneho biskupsk\u00e9ho \u00faradu a z\u00e1rove\u0148 boli prerokovan\u00e9 aj person\u00e1lne zmeny.<strong><\/strong>Gener\u00e1lne presbyterstvo v zmysle \u010dl. 31 ods. (3) p\u00edsm. g) \u00dastavy ECAV tak zobralo na vedomie skon\u010denie pracovn\u00e9ho pomeru Mgr. Dany Stoklasovej, PhD. k 30.4.2021.<\/p>\n\n\n\n<p>Hlavn\u00e1 \u010das\u0165 programu bola venovan\u00e1 pohovorom s uch\u00e1dza\u010dmi zaraden\u00fdmi do v\u00fdberov\u00e9ho konania na pracovn\u00e9 poz\u00edcie riadite\u013ea Gener\u00e1lneho biskupsk\u00e9ho \u00faradu a riadite\u013ea Evanjelickej diakonie. Pracovn\u00e9 poz\u00edcie, ale neboli obsaden\u00e9 ani jedn\u00fdm z uch\u00e1dza\u010dov.<\/p>\n\n\n\n<p>V r\u00e1mci programu sa uskuto\u010dnili aj dopl\u0148ovacie vo\u013eby, v ktor\u00fdch boli do Arch\u00edvnej rady zvolen\u00ed: Eva Be\u0161inov\u00e1, Branislav Dolinsk\u00fd, Miloslav Gdovin a Martin Riecky a do V\u00fdboru na ochranu Bo\u017eieho stvorenstva ses. Svetlana Barto\u0148ov\u00e1 a br. Martin Za\u0165ko. Vo vo\u013eb\u00e1ch do Spr\u00e1vnej rady Evanjelickej diakonie sa \u010dlenom za gener\u00e1lne presbyterstvo stal br. Samuel Mi\u0161ko. Nako\u013eko sa br. J. Siroma vzdal predsedn\u00edctva vo V\u00fdbore cirkevnej hudby a hymnol\u00f3gie ku d\u0148u 30.4.2021, rozhodli \u010dlenovia gener\u00e1lneho presbyterstva poveri\u0165, na \u010das do konania synody, veden\u00edm tohto v\u00fdboru ses. Evu Koles\u00e1rov\u00fa.<\/p>\n\n\n\n<p>V \u010fal\u0161\u00edch bodoch rokovania rozhodlo gener\u00e1lne presbyterstvo o zru\u0161en\u00ed svojho uznesenia<br>\u010d. 29-1\/2021 zo d\u0148a 29.1.2021. Z\u00e1rove\u0148 prijalo nov\u00e9 uznesenie, \u017ee<strong><\/strong>z d\u00f4vodu r\u00f4znorodosti pandemickej situ\u00e1cie v SR a nastaven\u00ed COVID Automatu odpor\u00fa\u010da v\u0161etk\u00fdm COJ, aby sa pri pr\u00edprave a organiz\u00e1cii zasadnut\u00ed riadiacich org\u00e1nov (presbyterstiev, konventov) riadili aktu\u00e1lne platn\u00fdmi region\u00e1lnymi podmienkami v zmysle COVID automatu a pod\u013ea usmernen\u00ed vydan\u00fdch region\u00e1lnymi \u00faradmi verejn\u00e9ho zdravotn\u00edctva v dan\u00fdch okresoch.<\/p>\n\n\n\n<p>Gener\u00e1lne presbyterstvo zobralo na vedomie podporu projektov zo zdrojov HfO, GAW a EKM. \u010ealej ods\u00fahlasilo poskytnutie finan\u010dnej podpory vo v\u00fd\u0161ke 10.000\u20ac pre projekt Malagaskej cirkvi na Madagaskare. Finan\u010dn\u00e9 prostriedky bud\u00fa na tento \u00fa\u010del poskytnut\u00e9 z celocirkevn\u00fdch ofier pre Svetov\u00fd luter\u00e1nsky zv\u00e4z. V\u00fdboru zahrani\u010dnej misie presbyteri odporu\u010dili podporu \u201ePaul\u00ednskej kolekty\u201c v sume 1.000 \u20ac. Napokon gener\u00e1lne presbyterstvo na svojom zasadnut\u00ed rozhodlo na z\u00e1klade predlo\u017eenej zmluvy a spl\u00e1tkov\u00e9ho kalend\u00e1ra o poskytnut\u00ed p\u00f4\u017ei\u010dky spolo\u010dnosti Tranoscius, a. s.<strong><\/strong>z prostriedkov zaslan\u00fdch z ELCA ako dedi\u010dstva po zru\u0161enom cirkevnom zbore.<\/p>\n\n\n\n<p>Najbli\u017e\u0161ie zasadnutie gener\u00e1lneho presbyterstva je ofici\u00e1lne napl\u00e1novan\u00e9 na 4.6.2021.<\/p>\n\n\n\n<p>Inform\u00e1cie maj\u00fa napom\u00f4c\u0165 otvorenosti a informovanosti v na\u0161ej cirkvi; o presnom znen\u00ed prijat\u00fdch uznesen\u00ed bud\u00fa dotknut\u00e9 COJ a osoby informovan\u00e9 \u00faradn\u00fdm postupom.<\/p>\n","protected":false},"excerpt":{"rendered":"<p>Z pokra\u010duj\u00faceho zasadnutia GP &nbsp;24.05.21 &nbsp;&nbsp;Zuzana Pol\u00e1kov\u00e1, sekretari\u00e1t ECAV &nbsp;&nbsp;Spravodajstvo Po online rokovaniach gener\u00e1lneho presbyterstva sa po prv\u00fdkr\u00e1t v tomto roku uskuto\u010dnilo zasadnutie za osobnej \u00fa\u010dasti \u010dlenov presbyterstva. Gener\u00e1lni presbyteri a presbyterky sa d\u0148a 14.5.2021 stretli v priestoroch Gener\u00e1lneho biskupsk\u00e9ho \u00faradu ECAV v Bratislave, kde nadviazali na posledn\u00e9 zasadnutie, konan\u00e9 d\u0148a 16.4.2021 a pokra\u010dovali tak &#8230; <a title=\"Zasadnutie GP pokra\u010duje\" class=\"read-more\" href=\"https:\/\/www.e-anjelik.sk\/index.php\/2021\/05\/27\/zasadnutie-ghv-pokracuje\/\" aria-label=\"Pre\u010d\u00edtajte si viac o Zasadnutie GP pokra\u010duje\">\u010c\u00edta\u0165 viac<\/a><\/p>\n","protected":false},"author":4,"featured_media":0,"comment_status":"open","ping_status":"open","sticky":false,"template":"","format":"standard","meta":{"footnotes":""},"categories":[193,73,177],"tags":[],"class_list":["post-34678","post","type-post","status-publish","format-standard","hentry","category-co-pisu-ini","category-ecav","category-gbu"],"_links":{"self":[{"href":"https:\/\/www.e-anjelik.sk\/index.php\/wp-json\/wp\/v2\/posts\/34678","targetHints":{"allow":["GET"]}}],"collection":[{"href":"https:\/\/www.e-anjelik.sk\/index.php\/wp-json\/wp\/v2\/posts"}],"about":[{"href":"https:\/\/www.e-anjelik.sk\/index.php\/wp-json\/wp\/v2\/types\/post"}],"author":[{"embeddable":true,"href":"https:\/\/www.e-anjelik.sk\/index.php\/wp-json\/wp\/v2\/users\/4"}],"replies":[{"embeddable":true,"href":"https:\/\/www.e-anjelik.sk\/index.php\/wp-json\/wp\/v2\/comments?post=34678"}],"version-history":[{"count":2,"href":"https:\/\/www.e-anjelik.sk\/index.php\/wp-json\/wp\/v2\/posts\/34678\/revisions"}],"predecessor-version":[{"id":34680,"href":"https:\/\/www.e-anjelik.sk\/index.php\/wp-json\/wp\/v2\/posts\/34678\/revisions\/34680"}],"wp:attachment":[{"href":"https:\/\/www.e-anjelik.sk\/index.php\/wp-json\/wp\/v2\/media?parent=34678"}],"wp:term":[{"taxonomy":"category","embeddable":true,"href":"https:\/\/www.e-anjelik.sk\/index.php\/wp-json\/wp\/v2\/categories?post=34678"},{"taxonomy":"post_tag","embeddable":true,"href":"https:\/\/www.e-anjelik.sk\/index.php\/wp-json\/wp\/v2\/tags?post=34678"}],"curies":[{"name":"wp","href":"https:\/\/api.w.org\/{rel}","templated":true}]}}