{"id":3468,"date":"2011-03-30T09:07:28","date_gmt":"2011-03-30T09:07:28","guid":{"rendered":"http:\/\/e-anjelik.sk\/?p=3468"},"modified":"2011-03-30T09:07:28","modified_gmt":"2011-03-30T09:07:28","slug":"dovera-cirkvam-a-jej-reprezentantom-v-europe","status":"publish","type":"post","link":"https:\/\/www.e-anjelik.sk\/index.php\/2011\/03\/30\/dovera-cirkvam-a-jej-reprezentantom-v-europe\/","title":{"rendered":"D\u00f4vera cirkv\u00e1m a jej reprezentantom v Eur\u00f3pe"},"content":{"rendered":"<p>Cirkvi a jej reprezentanti po\u017e&iacute;vaj&uacute; v Eur&oacute;pe pri porovnan&iacute; s in&yacute;mi in&scaron;tit&uacute;ciami podpriemern&uacute; d&ocirc;veru. Vypl&yacute;va to z aktu&aacute;lneho v&yacute;skumu magaz&iacute;nu &quot;Reader&acute;s &nbsp;Digest&quot; v 16 krajin&aacute;ch. Z okolo 33 tis&iacute;c op&yacute;tan&yacute;ch vyslovilo d&ocirc;veru cirkv&aacute;m 38%. 59% m&aacute; men&scaron;iu alebo nijak&uacute; d&ocirc;veru. Medzi 14 in&scaron;tit&uacute;ciami takto cirkvi obsadili 8. miesto. Najvy&scaron;&scaron;iu d&ocirc;veru z&iacute;skalo man\u017eelstvo- 67% op&yacute;tan&yacute;ch mu d&ocirc;veruje. Na dolnej prie\u010dke v d&ocirc;vere Eur&oacute;panov je &scaron;t&aacute;t &#8211; 23% a reklama &#8211; 14%.<\/p>\n<p>(<a href=\"http:\/\/www.idea.de\">www.idea.de<\/a>)<\/p>\n","protected":false},"excerpt":{"rendered":"<p>Cirkvi a jej reprezentanti po\u017e&iacute;vaj&uacute; v Eur&oacute;pe pri porovnan&iacute; s in&yacute;mi in&scaron;tit&uacute;ciami podpriemern&uacute; d&ocirc;veru. Vypl&yacute;va to z aktu&aacute;lneho v&yacute;skumu magaz&iacute;nu &quot;Reader&acute;s &nbsp;Digest&quot; v 16 krajin&aacute;ch. Z okolo 33 tis&iacute;c op&yacute;tan&yacute;ch vyslovilo d&ocirc;veru cirkv&aacute;m 38%. 59% m&aacute; men&scaron;iu alebo nijak&uacute; d&ocirc;veru. Medzi 14 in&scaron;tit&uacute;ciami takto cirkvi obsadili 8. miesto. Najvy&scaron;&scaron;iu d&ocirc;veru z&iacute;skalo man\u017eelstvo- 67% op&yacute;tan&yacute;ch mu &#8230; <a title=\"D\u00f4vera cirkv\u00e1m a jej reprezentantom v Eur\u00f3pe\" class=\"read-more\" href=\"https:\/\/www.e-anjelik.sk\/index.php\/2011\/03\/30\/dovera-cirkvam-a-jej-reprezentantom-v-europe\/\" aria-label=\"Pre\u010d\u00edtajte si viac o D\u00f4vera cirkv\u00e1m a jej reprezentantom v Eur\u00f3pe\">\u010c\u00edta\u0165 viac<\/a><\/p>\n","protected":false},"author":22,"featured_media":0,"comment_status":"open","ping_status":"open","sticky":false,"template":"","format":"standard","meta":{"footnotes":""},"categories":[2],"tags":[],"class_list":["post-3468","post","type-post","status-publish","format-standard","hentry","category-ekumena"],"_links":{"self":[{"href":"https:\/\/www.e-anjelik.sk\/index.php\/wp-json\/wp\/v2\/posts\/3468","targetHints":{"allow":["GET"]}}],"collection":[{"href":"https:\/\/www.e-anjelik.sk\/index.php\/wp-json\/wp\/v2\/posts"}],"about":[{"href":"https:\/\/www.e-anjelik.sk\/index.php\/wp-json\/wp\/v2\/types\/post"}],"author":[{"embeddable":true,"href":"https:\/\/www.e-anjelik.sk\/index.php\/wp-json\/wp\/v2\/users\/22"}],"replies":[{"embeddable":true,"href":"https:\/\/www.e-anjelik.sk\/index.php\/wp-json\/wp\/v2\/comments?post=3468"}],"version-history":[{"count":0,"href":"https:\/\/www.e-anjelik.sk\/index.php\/wp-json\/wp\/v2\/posts\/3468\/revisions"}],"wp:attachment":[{"href":"https:\/\/www.e-anjelik.sk\/index.php\/wp-json\/wp\/v2\/media?parent=3468"}],"wp:term":[{"taxonomy":"category","embeddable":true,"href":"https:\/\/www.e-anjelik.sk\/index.php\/wp-json\/wp\/v2\/categories?post=3468"},{"taxonomy":"post_tag","embeddable":true,"href":"https:\/\/www.e-anjelik.sk\/index.php\/wp-json\/wp\/v2\/tags?post=3468"}],"curies":[{"name":"wp","href":"https:\/\/api.w.org\/{rel}","templated":true}]}}