{"id":34681,"date":"2021-05-29T23:54:46","date_gmt":"2021-05-29T21:54:46","guid":{"rendered":"http:\/\/e-anjelik.sk\/?p=34681"},"modified":"2021-05-29T23:54:46","modified_gmt":"2021-05-29T21:54:46","slug":"nedela-svatej-trojice","status":"publish","type":"post","link":"https:\/\/www.e-anjelik.sk\/index.php\/2021\/05\/29\/nedela-svatej-trojice\/","title":{"rendered":"Nede\u013ea Sv\u00e4tej Trojice"},"content":{"rendered":"\n<p>&nbsp;&nbsp; &nbsp; &nbsp; &nbsp; &nbsp; &nbsp; &nbsp; &nbsp; &nbsp; &nbsp; &nbsp; &nbsp; &nbsp; &nbsp; &nbsp; &nbsp; &nbsp; &nbsp; <strong>Nede\u013ea Sv\u00e4tej Trojice<\/strong> &nbsp; &nbsp; &nbsp; &nbsp; &nbsp; &nbsp; &nbsp; &nbsp; &nbsp; &nbsp;<\/p>\n\n\n\n<p><strong>Iz 6, 1 &#8211; 8:<\/strong><\/p>\n\n\n\n<p><em>&nbsp;&nbsp; \u201cV roku, ke\u010f zomrel kr\u00e1\u013e Uzij\u00e1 videl som P\u00e1na sedie na vysokom a vyv\u00fd\u0161enom tr\u00f3ne a okraje jeho r\u00facha napl\u0148ovli chr\u00e1m. (2) Serafi st\u00e1li nad N\u00edm, ka\u017ed\u00fd mal po \u0161es\u0165 kr\u00eddel. Dvomi si zakr\u00fdval tv\u00e1r, dvomi si zakr\u00fdval nohy a dvomi lietal. (3) Jeden takto privol\u00e1val druh\u00e9mu: Sv\u00e4t\u00fd, sv\u00e4t\u00fd, sv\u00e4t\u00fd je Hospodin mocnost\u00ed, pln\u00e1 je v\u0161etka zem Jeho sl\u00e1vy. (4) Vtom&nbsp; sa zahveli z\u00e1klady dveraj\u00ed v prahoch pre hlas volaj\u00faceho a dom sa naplnil dymom. (5) Vtedy som povedal: Beda mi, lebo som straten\u00fd lebo som mu\u017eom ne\u010dist\u00fdch per\u00ed a b\u00fdvam uprostred \u013eudu ne\u010dist\u00fdch per\u00ed, preto\u017ee Kr\u00e1\u013ea, Hospodina mocnost\u00ed, videli moje o\u010di. (6) Potom priletel ku mne jeden zo serafov a v ruke mal \u017eerav\u00fd uhl\u00edk, ktor\u00fd vzal klie\u0161\u0165ami z olt\u00e1ra, dotkol sa mi \u00fast a riekol: Ajh\u013ea, tento sa dotkol tvojich per\u00ed a zmizla tvoja vina, tvoj hriech je odpusten\u00fd. (8) A po\u010dul som hovori\u0165 hlas P\u00e1nov: Koho po\u0161lem a kto n\u00e1m p\u00f4jde? Nato som povedal: Tu som ja, po\u0161li m\u0148a\u201d. Amen<\/em><\/p>\n\n\n\n<p><strong>Exeg\u00e9za textu:<\/strong><\/p>\n\n\n\n<p><strong>&nbsp; &nbsp; <\/strong>Text hovor\u00ed o Bo\u017eom vyjaven\u00ed sa Izai\u00e1\u0161ovi a o jeho povolan\u00ed k prorockej slu\u017ebe. Oba d\u00f4razy vid\u00edme aj pri povolan\u00ed Zachari\u00e1\u0161a ( Zach 1,13- 14 ), alebo v NZ pri zjaven\u00ed sa Je\u017ei\u0161a Pavlovi a v jeho povolan\u00ed. ( 1 K 15, 5 -10)&nbsp; V\u017edy ide o iniciat\u00edvu \u201c zhora\u201d ( J, 3, 31),&nbsp; po ktorej prich\u00e1dza u \u010dloveka k pok\u00e1niu a n\u00e1sledne k povereniu zvestova\u0165 slovo Bo\u017eie. Na z\u00e1klade zjavenia Bo\u017eieho v Je\u017ei\u0161ovi smieme lep\u0161ie rozumie\u0165 aj svedectv\u00e1m v SZ. T\u00fdka sa to aj vyjavenia Boha v Trojici jedn\u00e9ho aj v tomto texte. Preto je zvl\u00e1\u0161\u0165 vhodn\u00fd ku k\u00e1zni na sviatok Sv\u00e4tej Trojice.<\/p>\n\n\n\n<p>V.1.&nbsp; Uv\u00e1dza historick\u00fd \u00fadaj o \u010dase, v ktorom bol prorok povolan\u00fd.<em> \u201cKe\u010f zomrel kr\u00e1\u013e Uzij\u00e1\u201d,<\/em> \u010di\u017ee v r. 740 pred Kr. Hospodin kon\u00e1 v\u017edy v dejin\u00e1ch i v \u017eivote jednotlivcov. Izai\u00e1\u0161 neuv\u00e1dza priamo miesto, kde videl P\u00e1na, ale pravdepodobne sa jednalo o \u00fa\u010das\u0165 na chr\u00e1movej bohoslu\u017ebe. Jej opis je v\u0161ak opisom nebeskej liturgie. Podobnos\u0165 vid\u00edme aj v J\u00e1novom viden\u00ed \u201c<em>v de\u0148 P\u00e1nov<\/em>\u201d. ( Zjav 1, 10 )&nbsp; Podoba je aj pri opise liturgie pred tr\u00f3nom Bo\u017e\u00edm a Bar\u00e1nkov\u00fdm. (Zjav 4 a 5, 10)&nbsp; Bo\u017e\u00ed tr\u00f3n zd\u00f4raz\u0148uje Bo\u017eiu vyv\u00fd\u0161enos\u0165 nad svetom, ale aj v\u0161etk\u00fdm stvorenstvom. D\u00f4le\u017eit\u00e9 je tu svedectvo, \u017ee Izai\u00e1\u0161 Hospodina nevidel bezprostredne, ale len <em>\u201cokraje jeho r\u00facha\u201d. <\/em>Pavlovo<em> \u201cs\u010diastky pozn\u00e1vame\u2026\u201d<\/em> (1 K 13,9) plat\u00ed aj tu. Prorok P\u00e1na pozn\u00e1va tak, \u017ee po\u010duje Jeho slovo.<\/p>\n\n\n\n<p>V.2.&nbsp; Serafi pred tr\u00f3nom maj\u00fa \u201c<em>po \u0161es\u0165 kr\u00eddel<\/em>\u201d.Vyjadrenie: <em>\u201cdvomi si zakr\u00fdvaj\u00fa tv\u00e1r\u201d<\/em> nazna\u010duje, \u017ee ich tv\u00e1r \u013eudsk\u00fdm zrakom nemo\u017eno pozna\u0165. Nemo\u017eno hovori\u0165 ani o ich rode, preto\u017ee maj\u00fa zakryt\u00e9 aj \u201cnohy\u201d (pohlavie). Stoja pred Bohom, ale nie s\u00fa Mu rovn\u00ed. Ich poslan\u00edm je ohlasova\u0165 sl\u00e1vu a moc Hospodinovu a plni\u0165 Jeho poverenie. <em>\u201cPomenovanie je odvoden\u00e9 od slovn\u00e9ho kore\u0148a \u0161\u00e1raf = pl\u00e1pola\u0165, horie\u0165.<\/em><em>Serafi tak m\u00f4\u017eu pripom\u00edna\u0165 \u201cohniv\u00e9 hady\u201d o ktor\u00fdch \u010d\u00edtame na r\u00f4znych miestach SZ: Iz 14, 29, Nu 21, 6.( Vi\u010f prame\u0148 dole) &nbsp;<\/em><\/p>\n\n\n\n<p><em>&nbsp; &nbsp; &nbsp; <\/em>Je tu aj s\u00favis s meden\u00fdm hadom (4 M 21, 4 &#8211; 9) a Je\u017ei\u0161ov\u00fdm slovom v J 3, 1. Ale i so zoslan\u00edm Ducha na apo\u0161tolov: \u201c\u2026<em>ako ke\u010f sa prudk\u00fd vietor val\u00ed\u2026i uk\u00e1zali sa im rozdelen\u00e9 jazyky akoby z oh\u0148a\u2026\u201d ( Sk 2, 2-3).&nbsp;<\/em><\/p>\n\n\n\n<p>V.3. Serafi P\u00e1na oslavuj\u00fa trojn\u00e1sobn\u00fdm volan\u00edm<em> \u201csv\u00e4t\u00fd\u201d,<\/em> ktor\u00e9<em> \u201cch\u00e1pala cirkev ako nar\u00e1\u017eku na Bo\u017esk\u00fa Trojicu\u201d. ( Vi\u010f prame\u0148) <\/em>Tak ho cirkev m\u00e1 ch\u00e1pa\u0165 aj dnes. Pripom\u00edna sv\u00e4tos\u0165 celej Trojice. Kontrastuje s poru\u0161enos\u0165ou \u010dloveka i celej zeme. Hospodinovi patr\u00ed sl\u00e1va na nebi (Lk 2, 14), i na zemi. (Iz 52,10)<\/p>\n\n\n\n<p>V.4. \u010cesk\u00fd ekumenick\u00fd preklad uv\u00e1dza ako d\u00f4vod <em>\u201cpohnutia sa dver\u00ed v prahoch a naplnenie chr\u00e1mu dymom\u201d <\/em>spev serafov. N\u00e1\u0161 preklad, spr\u00e1vnej\u0161ie, uv\u00e1dza in\u00fd d\u00f4vod: <em>\u201d Zachveli sa<\/em> &#8211; <em>\u201cpre hlas volaj\u00faceho\u201d<\/em>. Tak\u00fdto preklad m\u00e1 aj Kralick\u00e1 biblia.&nbsp;<\/p>\n\n\n\n<p>Preto je d\u00f4sledkom pr\u00e1ve <em>\u201chlasu volaj\u00faceho\u201d<\/em> strach a pok\u00e1nie proroka.&nbsp;<\/p>\n\n\n\n<p>V. 5. Izai\u00e1\u0161ovo: <em>\u201cBeda mi\u201d-<\/em> znamen\u00e1, \u017ee si je vedom\u00fd svojej hrie\u0161nosti a stratenosti i hrie\u0161nosti svojho \u013eudu. Prav\u00e9 pok\u00e1nie p\u00f4sob\u00ed po\u010dutie Bo\u017eieho slova.&nbsp;<\/p>\n\n\n\n<p>V.6. Seraf kon\u00e1 slu\u017ebu, ktorou ho poveruje Boh. Uhl\u00edk z olt\u00e1ra je znakom nielen spa\u013euj\u00faceho s\u00fadu Bo\u017eieho, ale aj o\u010distenia. Tak ako J\u00e1n Krstite\u013e zvestoval o Je\u017ei\u0161ovi: <em>\u201dOn v\u00e1s bude krsti\u0165 Duchom Sv\u00e4t\u00fdm a oh\u0148om\u201d <\/em>( Mt 3, 11 b)<em>, <\/em>kon\u00e1 Hospodin aj tu.&nbsp;<\/p>\n\n\n\n<p>V.7. Prorok po vyznan\u00ed hriechu smel po\u010dul aj slovo o odpusten\u00ed hriechu a o o\u010disten\u00ed jeho per\u00ed. Tak sa st\u00e1va pripraven\u00fd pre slu\u017ebu. Sved\u010di\u0165 o nebeskej liturgii a k \u00falohe \u201cprorokova\u0165\u201d.&nbsp;<\/p>\n\n\n\n<p>V.8. <em>\u201cKoho po\u0161lem a kto n\u00e1m p\u00f4jde?<\/em>\u201d. Jednoduch\u00e1 ot\u00e1zka poukazuje op\u00e4\u0165 na tajomstvo. Cirkev smie aj v tomto slove vidie <strong>obraz Sv\u00e4tej Trojice.<\/strong> Ot\u00e1zka <em>\u201cKoho po\u0161lem<\/em>\u201d- je toti\u017e v jednotnom \u010d\u00edsle, lebo Boh je len Jeden. Ale ten ist\u00fd Boh hovor\u00ed <strong>s\u00fa\u010dasne v mno\u017enom \u010d\u00edsle: <em>\u201cKto n\u00e1m p\u00f4jde?\u201d<\/em><\/strong>&nbsp;<\/p>\n\n\n\n<p>V tomto tajomstve mo\u017eno op\u00e4\u0165 vidie\u0165 obraz spolo\u010denstva Otca, Syna a Ducha Sv\u00e4t\u00e9ho. Nejde tu, ako sa niekedy tvrd\u00ed, o <em>\u201cplur\u00e1lis majestaticus<\/em>\u201d. V takom pr\u00edpade by v plur\u00e1li bolo aj prv\u00e9 sloveso. Prorok obdaren\u00fd Bo\u017eou milos\u0165ou, smie ochotne a radostne s anjelmi Hospodina oslavova\u0165 a zvestova\u0165 Jeho slovo. To je aj trval\u00e1 \u00faloha cirkvi na zemi.&nbsp;<\/p>\n\n\n\n<p><strong>Propoz\u00edcia: Chv\u00e1\u013eme Boha v Trojici jedn\u00e9ho!<\/strong><\/p>\n\n\n\n<p><strong>&nbsp; &nbsp; &nbsp; &nbsp; &nbsp; &nbsp; &nbsp; &nbsp; &nbsp; &nbsp; &nbsp; <\/strong>1. Za to \u017ee n\u00e1s omilostil<\/p>\n\n\n\n<p>&nbsp; &nbsp; &nbsp; &nbsp; &nbsp; &nbsp; &nbsp; &nbsp; &nbsp; &nbsp; &nbsp; 2. Za to, \u017ee n\u00e1s k slu\u017ebe povolal&nbsp;<\/p>\n\n\n\n<p><strong>N\u00e1\u010drt k\u00e1zne:<\/strong><\/p>\n\n\n\n<p>&nbsp; &nbsp; &nbsp; Posledn\u00fd sviatok v sl\u00e1vnostnej polovici cirkevn\u00e9ho roku je pre n\u00e1s vz\u00e1cny preto, \u017ee smieme e\u0161te raz spolo\u010dne dobrore\u010di\u0165 za dielo celej Trojice Sv\u00e4tej. Smieme sa rozospieva\u0165 k chv\u00e1lospevu tak, ako apo\u0161tol Pavel:<em>\u201dPo\u017eehnan\u00fd Boh a Otec P\u00e1na n\u00e1\u0161ho Je\u017ei\u0161a Krista, ktor\u00fd n\u00e1s v nebesk\u00fdch veciach po\u017eehnal v\u0161etk\u00fdm duchovn\u00fdm po\u017eehnan\u00edm! (Ef 1, 3nn)<\/em> S ve\u013ekou rados\u0165ou sme pre\u017e\u00edvali sviatky Otcovskej l\u00e1sky k svetu i n\u00e1m cez Vianoce, sviatky Syna v obdob\u00ed ve\u013ekono\u010dnom, lebo n\u00e1s Otec \u201c<em>omilostil v Milovanom.<\/em> <em>V \u0147om m\u00e1me vyk\u00fapenie skrze Jeho krv, odpustenie hriechov pod\u013ea bohatstva Jeho milosti.\u201d<\/em> Sviatky Ducha Sv\u00e4t\u00e9ho n\u00e1m pripomenuli dar viery a hodnotu spolo\u010denstva cirkvi putuj\u00facej i osl\u00e1venej. Preto: <strong>Chv\u00e1\u013eme Boha v Trojici jedn\u00e9ho! &nbsp;<\/strong><\/p>\n\n\n\n<p><em>1.Za to \u017ee n\u00e1s omilostil<\/em><\/p>\n\n\n\n<p>&nbsp; &nbsp; N\u00e1\u0161 nebesk\u00fd Otec n\u00e1s nielen stvoril a urobil n\u00e1s p\u00e1nmi nad dielom svojich r\u00fak, ale n\u00e1s aj obnovil v na\u0161om p\u00f4vodnom povolan\u00ed a ur\u010den\u00ed. Urobil to skrze svojho Syna, n\u00e1\u0161ho P\u00e1na. Nielen Boh Otec vie, ak\u00fd sme a uprostered ak\u00e9ho \u013eudu b\u00fdvame\u2026Napriek tomu n\u00e1s omilostil, tak ako omilostil Izai\u00e1\u0161a, prorokov, apo\u0161tolov a in\u00fdch.<\/p>\n\n\n\n<p><em>2. Za to, \u017ee n\u00e1s k slu\u017ebe povolal<\/em><\/p>\n\n\n\n<p><em>&nbsp;&nbsp; <\/em>I n\u00e1s, omilosten\u00fdch hrie\u0161nikov poveruje svojou slu\u017ebou: prorockou &#8211; (zvestovate\u013eskou),&nbsp; kr\u00e1\u013eovskou (str\u00e1\u017enou) i k\u0148azskou (modlitebnou) v na\u0161ich rodin\u00e1ch i v na\u0161ej cirkvi. (Rozvies\u0165 \u00falohy cirkvi dnes pre na\u0161e rodiny, cirkev i svet).&nbsp;<\/p>\n\n\n\n<p>&nbsp;&nbsp; Chv\u00e1\u013eme Trojjedin\u00e9ho Boha, \u017ee n\u00e1s uznal za hodn\u00fdch by\u0165 v spolo\u010denstve s N\u00edm a priv\u00e1dza\u0165 do neho aj ostatn\u00fdch. On n\u00e1m otv\u00e1ra o\u010di pre poznanie Jeho sv\u00e4tosti a moci, ale aj pre slabosti na\u0161e, sveta a bl\u00ed\u017enych. Modlime sa, aby sme dok\u00e1zali na Jeho pozvanie odpoveda\u0165 s prorokom i my: <em>\u201cTu som ja, po\u0161li m\u0148a!\u201d<\/em> Amen<\/p>\n\n\n\n<p>Pou\u017eit\u00e1 literat\u00fara: Star\u00fd Z\u00e1kon, P\u0159eklad s v\u00fdkladem,11- Izai\u00e1\u0161, Kalich, Praha 1982<\/p>\n\n\n\n<p>&nbsp;&nbsp; 22.5.2016&nbsp; pre Slu\u017ebu Slova&nbsp; nap\u00edsal \u013dubom\u00edr Batka st.<\/p>\n","protected":false},"excerpt":{"rendered":"<p>&nbsp;&nbsp; &nbsp; &nbsp; &nbsp; &nbsp; &nbsp; &nbsp; &nbsp; &nbsp; &nbsp; &nbsp; &nbsp; &nbsp; &nbsp; &nbsp; &nbsp; &nbsp; &nbsp; Nede\u013ea Sv\u00e4tej Trojice &nbsp; &nbsp; &nbsp; &nbsp; &nbsp; &nbsp; &nbsp; &nbsp; &nbsp; &nbsp; Iz 6, 1 &#8211; 8: &nbsp;&nbsp; \u201cV roku, ke\u010f zomrel kr\u00e1\u013e Uzij\u00e1 videl som P\u00e1na sedie na vysokom a vyv\u00fd\u0161enom tr\u00f3ne a okraje jeho &#8230; <a title=\"Nede\u013ea Sv\u00e4tej Trojice\" class=\"read-more\" href=\"https:\/\/www.e-anjelik.sk\/index.php\/2021\/05\/29\/nedela-svatej-trojice\/\" aria-label=\"Pre\u010d\u00edtajte si viac o Nede\u013ea Sv\u00e4tej Trojice\">\u010c\u00edta\u0165 viac<\/a><\/p>\n","protected":false},"author":4,"featured_media":0,"comment_status":"open","ping_status":"open","sticky":false,"template":"","format":"standard","meta":{"footnotes":""},"categories":[121,6,112],"tags":[],"class_list":["post-34681","post","type-post","status-publish","format-standard","hentry","category-kazne","category-myjavsky-seniorat","category-sv-trojica"],"_links":{"self":[{"href":"https:\/\/www.e-anjelik.sk\/index.php\/wp-json\/wp\/v2\/posts\/34681","targetHints":{"allow":["GET"]}}],"collection":[{"href":"https:\/\/www.e-anjelik.sk\/index.php\/wp-json\/wp\/v2\/posts"}],"about":[{"href":"https:\/\/www.e-anjelik.sk\/index.php\/wp-json\/wp\/v2\/types\/post"}],"author":[{"embeddable":true,"href":"https:\/\/www.e-anjelik.sk\/index.php\/wp-json\/wp\/v2\/users\/4"}],"replies":[{"embeddable":true,"href":"https:\/\/www.e-anjelik.sk\/index.php\/wp-json\/wp\/v2\/comments?post=34681"}],"version-history":[{"count":1,"href":"https:\/\/www.e-anjelik.sk\/index.php\/wp-json\/wp\/v2\/posts\/34681\/revisions"}],"predecessor-version":[{"id":34682,"href":"https:\/\/www.e-anjelik.sk\/index.php\/wp-json\/wp\/v2\/posts\/34681\/revisions\/34682"}],"wp:attachment":[{"href":"https:\/\/www.e-anjelik.sk\/index.php\/wp-json\/wp\/v2\/media?parent=34681"}],"wp:term":[{"taxonomy":"category","embeddable":true,"href":"https:\/\/www.e-anjelik.sk\/index.php\/wp-json\/wp\/v2\/categories?post=34681"},{"taxonomy":"post_tag","embeddable":true,"href":"https:\/\/www.e-anjelik.sk\/index.php\/wp-json\/wp\/v2\/tags?post=34681"}],"curies":[{"name":"wp","href":"https:\/\/api.w.org\/{rel}","templated":true}]}}