{"id":3469,"date":"2011-03-31T08:02:48","date_gmt":"2011-03-31T08:02:48","guid":{"rendered":"http:\/\/e-anjelik.sk\/?p=3469"},"modified":"2011-03-31T08:02:48","modified_gmt":"2011-03-31T08:02:48","slug":"v-madarsku-sa-pripravuje-novy-zakon-o-cirkvach","status":"publish","type":"post","link":"https:\/\/www.e-anjelik.sk\/index.php\/2011\/03\/31\/v-madarsku-sa-pripravuje-novy-zakon-o-cirkvach\/","title":{"rendered":"V Ma\u010farsku sa pripravuje nov\u00fd z\u00e1kon o cirkv\u00e1ch"},"content":{"rendered":"<p>30. marca bolo v Budape&scaron;ti rokovanie &scaron;t&aacute;tneho tajomn&iacute;ka Ministerstva pre verejnu spr&aacute;vu a spravodlivos\u0165, Sz&aacute;szfalvi L&aacute;szl&oacute;a so z&aacute;stupcami &scaron;tyroch historick&yacute;ch cirkv&iacute; v Ma\u010farsku o pr&iacute;prave nov&eacute;ho z&aacute;kona o cirkv&aacute;ch. Evanjelick&uacute; cirkev v Ma\u010farsku zastupoval predsedaj&uacute;ci biskup G&aacute;ncs P&eacute;ter. Po rokovan&iacute; sa predstavitelia cirkv&iacute; vyjadrili uspokojene o obsahu n&aacute;vrhu . \u010eal&scaron;ie rokovanie cirkv&iacute; a &scaron;t&aacute;tnych org&aacute;nov bude u\u017e na odbornej &uacute;rovni. Z&aacute;kon by poslanci mali prerokova\u0165 e&scaron;te v prvom polroku t.r.<\/p>\n<p>(<a href=\"http:\/\/www.evangelikus.hu\">www.evangelikus.hu<\/a>)<\/p>\n","protected":false},"excerpt":{"rendered":"<p>30. marca bolo v Budape&scaron;ti rokovanie &scaron;t&aacute;tneho tajomn&iacute;ka Ministerstva pre verejnu spr&aacute;vu a spravodlivos\u0165, Sz&aacute;szfalvi L&aacute;szl&oacute;a so z&aacute;stupcami &scaron;tyroch historick&yacute;ch cirkv&iacute; v Ma\u010farsku o pr&iacute;prave nov&eacute;ho z&aacute;kona o cirkv&aacute;ch. Evanjelick&uacute; cirkev v Ma\u010farsku zastupoval predsedaj&uacute;ci biskup G&aacute;ncs P&eacute;ter. Po rokovan&iacute; sa predstavitelia cirkv&iacute; vyjadrili uspokojene o obsahu n&aacute;vrhu . \u010eal&scaron;ie rokovanie cirkv&iacute; a &scaron;t&aacute;tnych org&aacute;nov &#8230; <a title=\"V Ma\u010farsku sa pripravuje nov\u00fd z\u00e1kon o cirkv\u00e1ch\" class=\"read-more\" href=\"https:\/\/www.e-anjelik.sk\/index.php\/2011\/03\/31\/v-madarsku-sa-pripravuje-novy-zakon-o-cirkvach\/\" aria-label=\"Pre\u010d\u00edtajte si viac o V Ma\u010farsku sa pripravuje nov\u00fd z\u00e1kon o cirkv\u00e1ch\">\u010c\u00edta\u0165 viac<\/a><\/p>\n","protected":false},"author":22,"featured_media":0,"comment_status":"open","ping_status":"open","sticky":false,"template":"","format":"standard","meta":{"footnotes":""},"categories":[9,10],"tags":[],"class_list":["post-3469","post","type-post","status-publish","format-standard","hentry","category-europa","category-zo-sveta"],"_links":{"self":[{"href":"https:\/\/www.e-anjelik.sk\/index.php\/wp-json\/wp\/v2\/posts\/3469","targetHints":{"allow":["GET"]}}],"collection":[{"href":"https:\/\/www.e-anjelik.sk\/index.php\/wp-json\/wp\/v2\/posts"}],"about":[{"href":"https:\/\/www.e-anjelik.sk\/index.php\/wp-json\/wp\/v2\/types\/post"}],"author":[{"embeddable":true,"href":"https:\/\/www.e-anjelik.sk\/index.php\/wp-json\/wp\/v2\/users\/22"}],"replies":[{"embeddable":true,"href":"https:\/\/www.e-anjelik.sk\/index.php\/wp-json\/wp\/v2\/comments?post=3469"}],"version-history":[{"count":0,"href":"https:\/\/www.e-anjelik.sk\/index.php\/wp-json\/wp\/v2\/posts\/3469\/revisions"}],"wp:attachment":[{"href":"https:\/\/www.e-anjelik.sk\/index.php\/wp-json\/wp\/v2\/media?parent=3469"}],"wp:term":[{"taxonomy":"category","embeddable":true,"href":"https:\/\/www.e-anjelik.sk\/index.php\/wp-json\/wp\/v2\/categories?post=3469"},{"taxonomy":"post_tag","embeddable":true,"href":"https:\/\/www.e-anjelik.sk\/index.php\/wp-json\/wp\/v2\/tags?post=3469"}],"curies":[{"name":"wp","href":"https:\/\/api.w.org\/{rel}","templated":true}]}}