{"id":3470,"date":"2011-03-31T11:46:21","date_gmt":"2011-03-31T11:46:21","guid":{"rendered":"http:\/\/e-anjelik.sk\/?p=3470"},"modified":"2011-03-31T11:46:21","modified_gmt":"2011-03-31T11:46:21","slug":"per-eckerdal-novy-biskup-v-goteborgu","status":"publish","type":"post","link":"https:\/\/www.e-anjelik.sk\/index.php\/2011\/03\/31\/per-eckerdal-novy-biskup-v-goteborgu\/","title":{"rendered":"Per Eckerdal -nov\u00fd biskup v G\u00f6teborgu"},"content":{"rendered":"<p>&nbsp;31.marca 2011 sa v G&ouml;teborgu konalo druh&eacute; kolo volieb diec&eacute;zneho biskupa &Scaron;v&eacute;dskej cirkvi. Vo vo\u013eb&aacute;ch zv&iacute;\u0165azil Per Eckerdal po\u010dtom hlasov 679, \u010do je 58,2% .Jeho protikandid&aacute;t Staffan Grenstedt z&iacute;skal 488 hlasov, \u010do je 41,8%.<\/p>\n<p>Per Eckerdal je synom far&aacute;ra. Narodil sa v r. 1951. Za k\u0148aza bol ordinovan&yacute; roku 1975. Ako kapl&aacute;n a far&aacute;r p&ocirc;sobil v mestsk&yacute;ch i vidieckych zboroch. Od roku 1990 do roku 2008&nbsp;pracoval ako riadite\u013e&nbsp;v diakonii Br&auml;cka. Je \u017eenat&yacute; s Monicou, ktor&aacute; je tie\u017e far&aacute;rka. Maj&uacute; &scaron;tyri dospel&eacute; deti a dve nevlastn&eacute; dospel&eacute; deti. Perov star&scaron;&iacute; brat Lars Eckerdal bol takisto biskupom v G&ouml;teborgu v rokoch 1991 a\u017e 2003. Vysviacka za biskupa bude v katedr&aacute;le v Uppsale 4. septembra a in&scaron;tal&aacute;cia v d&oacute;me v G&ouml;teborgu 10. septembra 2011.<\/p>\n<p>(<a href=\"http:\/\/www.svenskakyrkan.se\">www.svenskakyrkan.se<\/a>)<\/p>\n<p>&nbsp;<\/p>\n","protected":false},"excerpt":{"rendered":"<p>&nbsp;31.marca 2011 sa v G&ouml;teborgu konalo druh&eacute; kolo volieb diec&eacute;zneho biskupa &Scaron;v&eacute;dskej cirkvi. Vo vo\u013eb&aacute;ch zv&iacute;\u0165azil Per Eckerdal po\u010dtom hlasov 679, \u010do je 58,2% .Jeho protikandid&aacute;t Staffan Grenstedt z&iacute;skal 488 hlasov, \u010do je 41,8%. Per Eckerdal je synom far&aacute;ra. Narodil sa v r. 1951. Za k\u0148aza bol ordinovan&yacute; roku 1975. Ako kapl&aacute;n a far&aacute;r p&ocirc;sobil &#8230; <a title=\"Per Eckerdal -nov\u00fd biskup v G\u00f6teborgu\" class=\"read-more\" href=\"https:\/\/www.e-anjelik.sk\/index.php\/2011\/03\/31\/per-eckerdal-novy-biskup-v-goteborgu\/\" aria-label=\"Pre\u010d\u00edtajte si viac o Per Eckerdal -nov\u00fd biskup v G\u00f6teborgu\">\u010c\u00edta\u0165 viac<\/a><\/p>\n","protected":false},"author":22,"featured_media":0,"comment_status":"open","ping_status":"open","sticky":false,"template":"","format":"standard","meta":{"footnotes":""},"categories":[42,10],"tags":[],"class_list":["post-3470","post","type-post","status-publish","format-standard","hentry","category-skandinavia","category-zo-sveta"],"_links":{"self":[{"href":"https:\/\/www.e-anjelik.sk\/index.php\/wp-json\/wp\/v2\/posts\/3470","targetHints":{"allow":["GET"]}}],"collection":[{"href":"https:\/\/www.e-anjelik.sk\/index.php\/wp-json\/wp\/v2\/posts"}],"about":[{"href":"https:\/\/www.e-anjelik.sk\/index.php\/wp-json\/wp\/v2\/types\/post"}],"author":[{"embeddable":true,"href":"https:\/\/www.e-anjelik.sk\/index.php\/wp-json\/wp\/v2\/users\/22"}],"replies":[{"embeddable":true,"href":"https:\/\/www.e-anjelik.sk\/index.php\/wp-json\/wp\/v2\/comments?post=3470"}],"version-history":[{"count":0,"href":"https:\/\/www.e-anjelik.sk\/index.php\/wp-json\/wp\/v2\/posts\/3470\/revisions"}],"wp:attachment":[{"href":"https:\/\/www.e-anjelik.sk\/index.php\/wp-json\/wp\/v2\/media?parent=3470"}],"wp:term":[{"taxonomy":"category","embeddable":true,"href":"https:\/\/www.e-anjelik.sk\/index.php\/wp-json\/wp\/v2\/categories?post=3470"},{"taxonomy":"post_tag","embeddable":true,"href":"https:\/\/www.e-anjelik.sk\/index.php\/wp-json\/wp\/v2\/tags?post=3470"}],"curies":[{"name":"wp","href":"https:\/\/api.w.org\/{rel}","templated":true}]}}