{"id":34700,"date":"2021-06-12T22:56:53","date_gmt":"2021-06-12T20:56:53","guid":{"rendered":"http:\/\/e-anjelik.sk\/?p=34700"},"modified":"2021-06-12T22:56:53","modified_gmt":"2021-06-12T20:56:53","slug":"vykonali-sme-co-sme-boli-povinni","status":"publish","type":"post","link":"https:\/\/www.e-anjelik.sk\/index.php\/2021\/06\/12\/vykonali-sme-co-sme-boli-povinni\/","title":{"rendered":"Vykonali sme, \u010do sme boli povinn\u00ed?"},"content":{"rendered":"\n<p><strong>&nbsp;&nbsp; &nbsp; &nbsp; &nbsp; &nbsp; &nbsp; &nbsp; Vykonali sme, \u010do sme boli povinn\u00ed?&nbsp;<\/strong><\/p>\n\n\n\n<p><em>L\u00e1skou \u010distou<\/em><\/p>\n\n\n\n<p><em>zdru\u017e n\u00e1s,&nbsp;<\/em><\/p>\n\n\n\n<p><em>srdcia via\u017e a napl\u0148 dlane.<\/em><\/p>\n\n\n\n<p><em>Hnevov, zlosti,<\/em><\/p>\n\n\n\n<p><em>Bo\u017ee varuj &#8211;<\/em><\/p>\n\n\n\n<p><em>a po smrti<\/em><\/p>\n\n\n\n<p><em>\u017eivot daruj!&nbsp; Amen. (M.R.)<\/em><\/p>\n\n\n\n<p><strong>L 17, 7 &#8211; 10:<\/strong><\/p>\n\n\n\n<p><em>\u201cKe\u010f niekto z v\u00e1s m\u00e1 sluhu, ktor\u00fd orie alebo pasie, a vr\u00e1ti sa z po\u013ea, \u010di mu povie: Po\u010f hne\u010f a sadni si za st\u00f4l? (8) \u010ci mu sk\u00f4r nepovie: Priprav mi ve\u010deru, op\u00e1\u0161 sa a posluhuj mi, dokia\u013e sa nenajem a nenapijem, a potom jedz a pi aj ty? (9) \u010ci vari bude \u010fakova\u0165 tomu sluhovi, \u017ee urobil, \u010do mu rozk\u00e1zal? Nemysl\u00edm! (10) Tak aj vy, ke\u010f vykon\u00e1te v\u0161etko, \u010do v\u00e1m bolo prik\u00e1zan\u00e9, povedzte: Neu\u017eito\u010dn\u00ed slu\u017eobn\u00edci sme! \u010co sme boli povinn\u00ed vykona\u0165, vykonali sme.\u201d&nbsp; Amen<\/em><\/p>\n\n\n\n<p><em>&nbsp;<\/em> &nbsp; &nbsp; Bratia a sestry v P\u00e1novi!<\/p>\n\n\n\n<p>&nbsp;&nbsp; &nbsp; V \u010dase ke\u010f som e\u0161te pravide\u013ene u\u010dil n\u00e1bo\u017eenstvo v \u0161kole, zistil som, \u017ee najm\u00e4 men\u0161ie deti mali ve\u013emi radi, ak sa im pri vyu\u010dovan\u00ed&nbsp; prejavila osobn\u00e1 pozornos\u0165. Napr\u00edklad o P\u00e1nu Bohu ako na\u0161om l\u00e1skavom Otcovi som im hovoril nasledovn\u00fdm sp\u00f4sobom: <em>\u201cP\u00e1n Boh stvoril najsk\u00f4r tr\u00e1vi\u010dku, potom kravi\u010dku. Kr\u00e1vi\u010dka d\u00e1va mlie\u010dko, ktor\u00e9 mami\u010dka d\u00e1va na ra\u0148ajky svojmu Jan\u00ed\u010dkovi.\u201d&nbsp;<\/em> Alebo podobn\u00e1 veta: <em>\u201cNebesk\u00fd otec stvoril obilie, potom sliepo\u010dku ktor\u00e1 zn\u00e1\u0161a vaj\u00ed\u010dko, ktor\u00e9 potom mami\u010dka uvarila svojej Ani\u010dke.\u201d <\/em>&#8211; Osloven\u00e9 die\u0165a som pri tom jemne pohladil. Nie div, \u017ee v\u0161etky deti chceli by\u0165 podobn\u00fd sp\u00f4sobom osloven\u00e9 a pohladen\u00e9. Ke\u010f som sa ich p\u00fdtal, \u010di ich rodi\u010dia doma pohladia, <em>\u201cmojkaj\u00fa\u201d <\/em>&#8211; alebo <em>\u201c\u010du\u010dkaj\u00fa\u201d<\/em>, v\u00e4\u010d\u0161ina povedala so sm\u00fatkom, \u017ee nie.&nbsp;<\/p>\n\n\n\n<p>&nbsp;&nbsp; &nbsp; Prirodzene, nielen deti, ale v skuto\u010dnosti ka\u017ed\u00fd \u010dlovek chce \u017ei\u0165 vo vz\u0165ahoch l\u00e1sky a t\u00fa\u017ei po jej prejavoch. Ako kres\u0165ania \u010dasto hovor\u00edme a vyzn\u00e1vame, \u017ee P\u00e1n Boh je n\u00e1\u0161 l\u00e1skav\u00fd nebesk\u00fd Otec a my sme Jeho deti. Veriaci \u010dlovek je ten, kto o Bo\u017eej l\u00e1ske nielen po\u010dul z P\u00edsma, ale ju aj za\u017eil vo svojom \u017eivote cez nejak\u00e9 osobn\u00e9 a osobit\u00e9 sk\u00fasenosti.&nbsp;<\/p>\n\n\n\n<p>&nbsp;&nbsp; &nbsp; M\u00e1me v\u0161ak aj zo \u017eivota rodiny sk\u00fasenos\u0165, \u017ee l\u00e1ska a l\u00e1skav\u00fd vz\u0165ah rodi\u010dov k de\u0165om, alebo vz\u0165ah medzi man\u017eelmi nie je len o pekn\u00fdch slov\u00e1ch a jemn\u00fdch pohladeniach. O rodi\u010dovskej l\u00e1ske by dospievaj\u00face a dospel\u00e9 deti nemali pochybova\u0165 ani vtedy, ke\u010f rodi\u010d od det\u00ed o\u010dak\u00e1va pomoc, alebo slu\u017ebu. Miluj\u00faci rodi\u010d mus\u00ed niekedy aj nie\u010do prik\u00e1za\u0165 a o\u010dak\u00e1va splnenie nejakej \u00falohy, alebo povinnosti.<\/p>\n\n\n\n<p>&nbsp; &nbsp; Jedno z podobenstiev P\u00e1na Je\u017ei\u0161a hovor\u00ed o otcovi aj tak, \u017ee sa obracia na synov a hovor\u00ed ka\u017ed\u00e9mu: <em>\u201cSyn m\u00f4j, cho\u010f dnes pracova\u0165 na vinicu. Syn povedal: dobre &#8211; ale ne\u0161iel. A druh\u00fd povedal: Nechce sa mi, ale rozmyslel si to a napokon &#8211; i ke\u010f namrzen\u00fd, predsa \u0161iel. P\u00e1n Je\u017ei\u0161 v tomto s\u00favise polo\u017eil u\u010den\u00edkom ot\u00e1zku: ktor\u00fd z t\u00fdch dvoch splnil v\u00f4\u013eu otcovu\u201d?&nbsp;<\/em> Samozrejme, ten ktor\u00fd napokon na vinicu \u0161iel a pracoval\u2026<\/p>\n\n\n\n<p><em>&nbsp; &nbsp; <\/em>Aj v na\u0161om vz\u0165ahu k P\u00e1nu Bohu nezost\u00e1vame iba mal\u00fdmi de\u0165mi, ktor\u00e9 l\u00e1sku viac prij\u00edmaj\u00fa a dost\u00e1vaj\u00fa, ako dar l\u00e1sky aj spl\u00e1caj\u00fa a maj\u00fa ju prejavi\u0165 poslu\u0161nos\u0165ou a pripravenos\u0165ou k slu\u017ebe. \u017div\u00e1 viera v P\u00e1na Boha nekon\u010d\u00ed v slov\u00e1ch, ale sa m\u00e1 prejavi\u0165 vo vz\u0165ahu poslu\u0161nosti v na\u0161om ka\u017edodennom konan\u00ed, ktor\u00fdm n\u00e1s poveruje&nbsp; n\u00e1\u0161 nebesk\u00fd P\u00e1n.<\/p>\n\n\n\n<p>&nbsp; &nbsp; Podobenstvo, ktor\u00e9 sme vypo\u010duli z P\u00edsma hovor\u00ed o viere v Je\u017ei\u0161a Krista ako o vz\u0165ahu k P\u00e1novi,ktor\u00fd m\u00e1 pre svoju l\u00e1sku k n\u00e1m pln\u00fd n\u00e1rok na cel\u00fd n\u00e1\u0161 \u017eivot. Preto v\u017edy, nielen v nede\u013en\u00fd, alebo sviato\u010dn\u00fd de\u0148 o\u010dak\u00e1va na\u0161u poslu\u0161nos\u0165 a pripravenos\u0165 st\u00e1\u0165 v Jeho slu\u017ebe.<\/p>\n\n\n\n<p>&nbsp; &nbsp; Aj o tejto str\u00e1nkeviery, ako o poslu\u0161nosti v rozli\u010dn\u00fdch telesn\u00fdch pr\u00e1cach m\u00e1me v cirkvi vedie\u0165, o nej hovori\u0165 a pod\u013ea v\u00f4le P\u00e1na cirkvi aj kona\u0165. Viera nie je a nedokazuje sa iba v slov\u00e1ch:<em> \u201cPane, Pane\u2026\u201d, <\/em>ale aj v konan\u00ed a plnen\u00ed Bo\u017eieho z\u00e1kona.<em>&nbsp;<\/em><\/p>\n\n\n\n<p>Kto ver\u00ed v P\u00e1na Boha, prij\u00edma cel\u00fd svoj \u017eivot, zdravie a v\u0161etky dary pre telo i du\u0161u ako nezasl\u00fa\u017een\u00fd Bo\u017e\u00ed dar. Viera vie, \u017ee P\u00e1n Boh je l\u00e1skav\u00fd Otec a preto je aj P\u00e1nom n\u00e1\u0161ho \u017eivota, ktor\u00e9mu patr\u00edme so v\u0161etk\u00fdm \u010do sme a m\u00e1me. &nbsp; &nbsp;<\/p>\n\n\n\n<p>&nbsp; &nbsp; Pre neveriaceho je to samozrejme <em>\u201ctvrd\u00e1 re\u010d<\/em>\u201d, ktor\u00fa ner\u00e1d po\u010d\u00fava. \u017divot nevn\u00edma ako dar a v\u0161etko \u010do m\u00e1, pova\u017euje za svoju z\u00e1sluhu.&nbsp;<\/p>\n\n\n\n<p>&nbsp; &nbsp; Pre ka\u017ed\u00e9ho z n\u00e1s m\u00e1 n\u00e1\u0161 Otec a P\u00e1n r\u00f4zne poslanie a poverenie. P\u00e1n Je\u017ei\u0161 v dne\u0161nom podobenstve hovor\u00ed o \u010dloveku ako o sluhovi, ktor\u00fd pracuje na poli. <em>T\u00fdm \u201cpo\u013eom\u201d <\/em>je tento svet. Ka\u017ed\u00fd pracuje v nejakom povolan\u00ed, ktor\u00e9 ho \u017eiv\u00ed. P\u00e1n Je\u017ei\u0161 n\u00e1s vol\u00e1 k sebe aj vtedy, ke\u010f zn\u00e1\u0161ame <em>\u201cbremeno d\u0148a a p\u00e1\u013eavu slnka, ke\u010f sa nam\u00e1hame a sme pre\u0165a\u017een\u00ed\u201d <\/em>&#8211; a hovor\u00ed:<em> \u201dJa v\u00e1m d\u00e1m odpo\u010dinutie\u201d. &nbsp;<\/em><\/p>\n\n\n\n<p>Sk\u00f4r, ako pr\u00edde to <em>\u201codpo\u010dinutie ve\u010dn\u00e9\u201d, &#8211; <\/em>vol\u00e1 n\u00e1s k na\u0161im pr\u00e1cam, aby sme v nich nach\u00e1dzali <strong>nielen bremeno, ale aj pote\u0161enie a rados\u0165. <\/strong>Schopnosti, um a pr\u00e1cu m\u00e1me ako veriaci kres\u0165ania ch\u00e1pa\u0165 ako slu\u017ebu n\u00e1\u0161mu nebesk\u00e9mu P\u00e1novi.&nbsp;<\/p>\n\n\n\n<p>&nbsp; &nbsp; Bratia a sestry,&nbsp;<\/p>\n\n\n\n<p>&nbsp; &nbsp; preto by mala by\u0165 pre n\u00e1s <em>\u201c\u013eahk\u00fdm bremenom\u201d<\/em> aj pr\u00e1ca v prospech cirkvi P\u00e1novej, \u010di\u017ee v prospech cirkevn\u00e9ho zboru. Zve\u013eadovanie t\u00fdch hodn\u00f4t, ktor\u00e9 vybudovali cez mnoh\u00e9 \u00fasilie a \u0165a\u017ekosti na\u0161i otcovia. Ak by neboli ch\u00e1pali stavbu kostola, fary, cirkvnej \u0161koly a pr\u00edpadne in\u00e9ho hmotn\u00e9ho majetku ako slu\u017ebu P\u00e1novi cirkvi, neboli by dok\u00e1zali tak\u00e9to dielo, kde vy\u017eili svoje sily, ruky a mnoh\u00e9 obete. Chcem preto dnes pripomen\u00fa\u0165, \u017ee cirkevn\u00fd zbor aj dnes o\u010dak\u00e1va na na\u0161e pr\u00e1ce i na finan\u010dn\u00e9 obete. Nikto in\u00fd, ako sami evanjelici, ako pokorn\u00ed slu\u017eobn\u00edci P\u00e1novi sa o toto dedi\u010dstvo ktor\u00e9 m\u00e1me nepostar\u00e1.<\/p>\n\n\n\n<p>&nbsp;&nbsp; &nbsp; Napokon, P\u00e1n Je\u017ei\u0161 s\u00e1m n\u00e1s predch\u00e1dza v nesen\u00ed bremien svoj\u00edm vlastn\u00fdm pr\u00edkladom, preto\u017ee aj On svoje synovstvo Bo\u017eie dok\u00e1zal svojou poslu\u0161nos\u0165ou Otcovi.<em> \u201cVzal na seba podobu slu\u017eobn\u00edka\u201d<\/em> a tak niesol svoj kr\u00ed\u017e.&nbsp;<\/p>\n\n\n\n<p>&nbsp;&nbsp; &nbsp; Na\u0161e povinnosti ako veriacich kres\u0165anov a slu\u017eobn\u00edkov P\u00e1nov\u00fdch v\u0161ak nekon\u010dia pr\u00e1cami n\u00e1\u0161ho povolania. P\u00e1n Je\u017ei\u0161 hovor\u00ed aj o d\u00f4le\u017eitej slu\u017ebe v rodine, pri pr\u00edprave jedla a pri stole. Aj o tejto slu\u017ebe a pr\u00e1ci hovor\u00ed ako o takej, ktor\u00fa m\u00e1me kona\u0165 ako slu\u017ebu Jemu sam\u00e9mu. Vtedy aj t\u00e1 \u00fanavn\u00e1 a st\u00e1le sa opakuj\u00faca pr\u00e1ca v dom\u00e1cnosti a slu\u017eba v rodine je ur\u010dit\u00fdm sp\u00f4sobom <em>\u201cbohoslu\u017ebou\u201d<\/em>, ktorou sme podl\u017en\u00ed n\u00e1\u0161mu P\u00e1novi. &nbsp;<\/p>\n\n\n\n<p>&nbsp;&nbsp; Ak slu\u017ebu v rodine nech\u00e1peme a nekon\u00e1me ako P\u00e1novi, st\u00e1va sa bremenom a d\u00f4vodom nap\u00e4tia. (\u017dia\u013e, neraz aj d\u00f4vodom rozpadu man\u017eestva a rodiny.)<\/p>\n\n\n\n<p>&nbsp;&nbsp; Mil\u00ed bratia a sestry v P\u00e1novi!<\/p>\n\n\n\n<p>&nbsp;&nbsp; U\u017e som povedal a nazna\u010dil, \u017ee mnoh\u00e9 pr\u00e1ce a slu\u017eobn\u00e9 povinnnosti m\u00e1me ako kres\u0165ania kona\u0165&nbsp; \u201cako P\u00e1novi\u201d a nie \u013eu\u010fom. Vieme, \u017ee v\u00fdzvy k obetiam \u010dasu, pe\u0148az\u00ed, alebo k pr\u00e1cam nie s\u00fa popul\u00e1rne a mnoh\u00ed o nich nechc\u00fa po\u010du\u0165.<\/p>\n\n\n\n<p>&nbsp; &nbsp; Ale to v\u0161etko nie je tou naj\u0165a\u017e\u0161\u0161ou \u00falohou, alebo bremenom, ktor\u00e9 ako veriaci kres\u0165ania nesieme. P\u00e1n Je\u017ei\u0161 v z\u00e1vere kr\u00e1tkeho podobenstva hovor\u00ed e\u0161te o jednej \u0165a\u017ekej, ak nie naj\u0165a\u017e\u0161ej \u00falohe veriaceho. &nbsp;<\/p>\n\n\n\n<p>&nbsp;&nbsp; P\u00fdta sa, \u010di bude ten, ktor\u00fd je skuto\u010dn\u00fd a zvrchovan\u00fd p\u00e1n \u010fakova\u0165 svojmu sluhovi za to, \u017ee urobil, \u010do mu rozk\u00e1zal. Je\u017ei\u0161 hovor\u00ed: <em>\u201cNemysl\u00edm<\/em>\u201d. Ak si uvedom\u00edme ak\u00fd bol vz\u0165ah p\u00e1nov a sluhov v d\u00e1vnej minulosti, je to iste\u017ee pochopiten\u00fd vz\u0165ah.<\/p>\n\n\n\n<p>&nbsp;&nbsp; P\u00e1n Je\u017ei\u0161 ho v\u0161ak pou\u017e\u00edva ako obraz a pr\u00edklad pre seba i pre n\u00e1s.&nbsp;<\/p>\n\n\n\n<p><em>\u201cTak aj vy, ke\u010f vykon\u00e1te v\u0161etko, \u010do v\u00e1m bolo prik\u00e1zan\u00e9, povedzte: Neu\u017eito\u010dn\u00ed slu\u017eobn\u00edci sme! \u010co sme boli povinn\u00ed vykona\u0165, vykonali sme\u201d.&nbsp;<\/em><\/p>\n\n\n\n<p><em>&nbsp; &nbsp; <\/em>Pre mnoh\u00fdch s\u00fa to iste<em> \u201c\u0165a\u017eko str\u00e1vite\u013en\u00e9 slov\u00e1\u201d. <\/em>Len \u010dlovek veriaci, Bohu d\u00f4veruj\u00faci, dok\u00e1\u017ee takto vyzn\u00e1va\u0165. Pred P\u00e1nom Bohom nem\u00e1me ni\u010d, \u010d\u00edm by sme sa mohli chv\u00e1li\u0165, na \u010dom by sme si mohli zaklada\u0165, ak ide o na\u0161e spasenie. Na\u0161a odmena je s\u00edce hojn\u00e1 v nebesiach, ale nie je \u0148ou s\u00e1m ve\u010dn\u00fd \u017eivot. Ten si \u010dlovek nezasluhuje pr\u00e1cou, obe\u0165ami, alebo slu\u017ebou slova v cirkvi. P\u00e1n Je\u017ei\u0161 je Ten, ktor\u00fd n\u00e1m ho zas\u013e\u00fa\u017eil a daroval. Tu je z\u00e1klad i vrchol kres\u0165anskej viery.<\/p>\n\n\n\n<p>&nbsp; &nbsp; Preto Je\u017ei\u0161 v\u0161etk\u00fdch farizejov vtedaj\u0161\u00edch i teraj\u0161\u00edch vol\u00e1 k pok\u00e1niu a pokore. K vyznaniu: <em>\u201cNeu\u017eito\u010dn\u00ed slu\u017eobn\u00edci sme &#8211; \u010do smeboli povinn\u00ed vykona\u0165, vykonali sme\u201d.&nbsp;<\/em><\/p>\n\n\n\n<p><em>&nbsp; &nbsp; <\/em>Na\u0161e skutky teda nie s\u00fa z\u00e1slu\u017en\u00e9. S\u00fa v\u017edy len odpove\u010fou na L\u00e1sku Bo\u017eiu v Kristu Je\u017ei\u0161i, na\u0161om P\u00e1novi. Tak m\u00f4\u017eeme porozumie\u0165 aj slov\u00e1m apo\u0161tola Pavla, ktor\u00fd povedal:<em> \u201d S\u00e1m sebou sa nebudem chv\u00e1li\u0165 &#8211; ak len nie svojimi slabos\u0165ami\u201d. <\/em>Ke\u010f ust\u00fapi do \u00fazadia na\u0161e \u201cja\u201d, vtedy bude plati\u0165 Pavlovo slovo: <em>\u201dne\u017eijem u\u017e ja, ale \u017eije vo mne Kristus\u201d. &nbsp;<\/em> &nbsp;<\/p>\n\n\n\n<p>&nbsp; &nbsp; P\u00e1n Je\u017ei\u0161 chce i n\u00e1s, podobne ako svojich u\u010den\u00edkov nazva\u0165 nie svoj\u00edmi sluhami, ale svojimi priate\u013emi. O toto vz\u00e1cne priate\u013estvo sa teda spolo\u010dne v usilujme. To je pote\u0161enie a \u00faloha, ktor\u00fa m\u00f4\u017eeme prija\u0165 z tohoto podobenstva. Ak dok\u00e1\u017eeme vyzna\u0165: <em>\u201cNeu\u017eito\u010dn\u00ed slu\u017eobn\u00edci sme! \u010co sme boli povinn\u00ed vykona\u0165, vykonali sme\u201d<\/em>, zazneje z neba i n\u00e1m ujistenie: <em>\u201cDos\u0165 m\u00e1\u0161 na mojej milosti\u201d. <\/em>Amen<em>&nbsp;<\/em><\/p>\n\n\n\n<p><em>2.nede\u013ea po Sv.Trojici &nbsp; &nbsp; &nbsp; &nbsp; &nbsp; &nbsp; Myjava&nbsp; 21&nbsp; &nbsp; &nbsp; &nbsp; \u013dubom\u00edr Batka st.&nbsp; &nbsp; &nbsp;<\/em><\/p>\n","protected":false},"excerpt":{"rendered":"<p>&nbsp;&nbsp; &nbsp; &nbsp; &nbsp; &nbsp; &nbsp; &nbsp; Vykonali sme, \u010do sme boli povinn\u00ed?&nbsp; L\u00e1skou \u010distou zdru\u017e n\u00e1s,&nbsp; srdcia via\u017e a napl\u0148 dlane. Hnevov, zlosti, Bo\u017ee varuj &#8211; a po smrti \u017eivot daruj!&nbsp; Amen. (M.R.) L 17, 7 &#8211; 10: \u201cKe\u010f niekto z v\u00e1s m\u00e1 sluhu, ktor\u00fd orie alebo pasie, a vr\u00e1ti sa z po\u013ea, \u010di &#8230; <a title=\"Vykonali sme, \u010do sme boli povinn\u00ed?\" class=\"read-more\" href=\"https:\/\/www.e-anjelik.sk\/index.php\/2021\/06\/12\/vykonali-sme-co-sme-boli-povinni\/\" aria-label=\"Pre\u010d\u00edtajte si viac o Vykonali sme, \u010do sme boli povinn\u00ed?\">\u010c\u00edta\u0165 viac<\/a><\/p>\n","protected":false},"author":4,"featured_media":0,"comment_status":"open","ping_status":"open","sticky":false,"template":"","format":"standard","meta":{"footnotes":""},"categories":[563,121,118],"tags":[],"class_list":["post-34700","post","type-post","status-publish","format-standard","hentry","category-2-nedela-po-sv-trojici","category-kazne","category-myjava"],"_links":{"self":[{"href":"https:\/\/www.e-anjelik.sk\/index.php\/wp-json\/wp\/v2\/posts\/34700","targetHints":{"allow":["GET"]}}],"collection":[{"href":"https:\/\/www.e-anjelik.sk\/index.php\/wp-json\/wp\/v2\/posts"}],"about":[{"href":"https:\/\/www.e-anjelik.sk\/index.php\/wp-json\/wp\/v2\/types\/post"}],"author":[{"embeddable":true,"href":"https:\/\/www.e-anjelik.sk\/index.php\/wp-json\/wp\/v2\/users\/4"}],"replies":[{"embeddable":true,"href":"https:\/\/www.e-anjelik.sk\/index.php\/wp-json\/wp\/v2\/comments?post=34700"}],"version-history":[{"count":1,"href":"https:\/\/www.e-anjelik.sk\/index.php\/wp-json\/wp\/v2\/posts\/34700\/revisions"}],"predecessor-version":[{"id":34701,"href":"https:\/\/www.e-anjelik.sk\/index.php\/wp-json\/wp\/v2\/posts\/34700\/revisions\/34701"}],"wp:attachment":[{"href":"https:\/\/www.e-anjelik.sk\/index.php\/wp-json\/wp\/v2\/media?parent=34700"}],"wp:term":[{"taxonomy":"category","embeddable":true,"href":"https:\/\/www.e-anjelik.sk\/index.php\/wp-json\/wp\/v2\/categories?post=34700"},{"taxonomy":"post_tag","embeddable":true,"href":"https:\/\/www.e-anjelik.sk\/index.php\/wp-json\/wp\/v2\/tags?post=34700"}],"curies":[{"name":"wp","href":"https:\/\/api.w.org\/{rel}","templated":true}]}}