{"id":34702,"date":"2021-06-16T23:44:13","date_gmt":"2021-06-16T21:44:13","guid":{"rendered":"http:\/\/e-anjelik.sk\/?p=34702"},"modified":"2021-06-16T23:44:13","modified_gmt":"2021-06-16T21:44:13","slug":"z-rokovania-gp","status":"publish","type":"post","link":"https:\/\/www.e-anjelik.sk\/index.php\/2021\/06\/16\/z-rokovania-gp\/","title":{"rendered":"Z rokovania GP"},"content":{"rendered":"\n<h1 class=\"wp-block-heading\">Z rokovania Gener\u00e1lneho presbyterstva ECAV, 4.6.2021<\/h1>\n\n\n\n<figure class=\"wp-block-image\"><a href=\"https:\/\/www.ecav.sk\/rails\/active_storage\/blobs\/eyJfcmFpbHMiOnsibWVzc2FnZSI6IkJBaHBBbDJqIiwiZXhwIjpudWxsLCJwdXIiOiJibG9iX2lkIn19--28577cbd97eeac8383baba34b8c01f8da991af67\/lutherova_ruza_cb.jpg\"><img decoding=\"async\" src=\"https:\/\/www.ecav.sk\/rails\/active_storage\/representations\/eyJfcmFpbHMiOnsibWVzc2FnZSI6IkJBaHBBbDJqIiwiZXhwIjpudWxsLCJwdXIiOiJibG9iX2lkIn19--28577cbd97eeac8383baba34b8c01f8da991af67\/eyJfcmFpbHMiOnsibWVzc2FnZSI6IkJBaDdCam9MY21WemFYcGxTU0lJT1RBd0Jqb0dSVlE9IiwiZXhwIjpudWxsLCJwdXIiOiJ2YXJpYXRpb24ifX0=--f83398908a42570f1be2d2870fc3e62f317d893b\/lutherova_ruza_cb.jpg\" alt=\"Z rokovania Gener\u00e1lneho presbyterstva ECAV, 4.6.2021\"\/><\/a><\/figure>\n\n\n\n<ul class=\"wp-block-list\"><li>&nbsp;08.06.21<\/li><li>&nbsp;&nbsp;Zuzana Pol\u00e1kov\u00e1, sekretari\u00e1t ECAV<\/li><li>&nbsp;<a href=\"https:\/\/www.ecav.sk\/aktuality\/spravodajstvo\">&nbsp;Spravodajstvo<\/a><\/li><\/ul>\n\n\n\n<p>V porad\u00ed \u0161tvrt\u00e9 zasadnutie Gener\u00e1lneho presbyterstva ECAV v tomto roku sa konalo d\u0148a 4. j\u00fana v priestoroch B\u00daZD vo Zvolene.<\/p>\n\n\n\n<p>\u010clenovia gener\u00e1lneho presbyterstva v \u00favode zobrali na vedomie upr\u00e1zdnenie miesta gener\u00e1lneho dozorcu. Na vlastn\u00fa \u017eiados\u0165 br. \u013dubom\u00edra Pankucha ho gener\u00e1lne presbyterstvo odvolalo z funkcie administr\u00e1tora z\u00e1stupcu gener\u00e1lneho dozorcu a do tejto funkcie n\u00e1sledne menovalo ses. Ren\u00e1tu Vinczeov\u00fa. Za administr\u00e1tora z\u00e1stupcu gener\u00e1lneho biskupa presbyteri menovali br. Petra Miho\u010da, di\u0161triktu\u00e1lneho biskupa VD.<strong><\/strong><\/p>\n\n\n\n<p>Gener\u00e1lne presbyterstvo \u010falej zobralo na vedomie vyhodnotenie plnenia uznesen\u00ed z Gener\u00e1lneho presbyterstva ECAV a zo Synody ECAV 2020.<\/p>\n\n\n\n<p>Hlavn\u00fdm bodom programu bolo prerokovanie legislat\u00edvnych n\u00e1vrhov v s\u00favislosti s avizovan\u00fdm term\u00ednom bl\u00ed\u017eiacej sa synody.<\/p>\n\n\n\n<p>Rozsiahla diskusia bola tie\u017e na rokovan\u00ed venovan\u00e1 Z\u00e1sad\u00e1m odme\u0148ovania duchovn\u00fdch ECAV, ktor\u00e9 gener\u00e1lni presbyteri schv\u00e1lili s platnos\u0165ou od 1.7.2021, ako aj n\u00e1vrhu platov\u00fdch tabuliek odme\u0148ovania duchovn\u00fdch, pri\u010dom v diskusii k tomuto bodu sa bude pokra\u010dova\u0165 aj na nasleduj\u00facom zasadnut\u00ed, ktor\u00e9 je napl\u00e1novan\u00e9 na 16.6.2021.<\/p>\n\n\n\n<p>Na zasadnut\u00ed bol presbytermi ods\u00fahlasen\u00fd aj sank\u010dn\u00fd mechanizmus vym\u00e1hania pr\u00edspevku do Fondu finan\u010dn\u00e9ho zabezpe\u010denia (\u00a78 ods. 5 cirkevn\u00e9ho z\u00e1kona \u010d. 02\/2020) navrhovan\u00fd Gener\u00e1lnym hospod\u00e1rskym v\u00fdborom ECAV. Z\u00e1rove\u0148 bol v s\u00favislosti s t\u00fdm, br. predseda GHV poveren\u00fd spracova\u0165 n\u00e1vrh uznesenia pre synodu ECAV.<\/p>\n\n\n\n<p>Gener\u00e1lne presbyterstvo \u010falej zobralo na vedomie spr\u00e1vy synod\u00e1lnych v\u00fdborov a V\u00fdro\u010dn\u00fa spr\u00e1vu EBF UK, ktor\u00e9 pos\u00fava na rokovanie synode.<\/p>\n\n\n\n<p>V \u010fal\u0161om bode programu bola \u010dlenmi gener\u00e1lneho presbyterstva menovan\u00e1 spevn\u00edkov\u00e1 komisia, ktor\u00e1 m\u00e1 za \u00falohu venova\u0165 sa pr\u00edprave nov\u00e9ho ev. spevn\u00edka, v zlo\u017een\u00ed: Marta Bedn\u00e1rov\u00e1, Adriana Gre\u0161ov\u00e1, J\u00e1n Hrobo\u0148, Katar\u00edna Jur\u00edkov\u00e1, Eva Koles\u00e1rov\u00e1, Martin Meli\u0161\u00edk, Peter Miho\u010d, Anna Mi\u0161\u00fanov\u00e1, Roman Porub\u00e4n, Slavom\u00edr Sabol, Janko Siroma, Ondrej \u0160aray, Martin Tipul, Katar\u00edna Val\u010dov\u00e1, Ivan Valenta, Martin Vargov\u010d\u00e1k.<\/p>\n\n\n\n<p>Gener\u00e1lni presbyteri tie\u017e stanovili term\u00edny najbli\u017e\u0161\u00edch zasadnut\u00ed Gener\u00e1lneho presbyterstva ECAV a z\u00e1rove\u0148 sa uzniesli na n\u00e1vrhu term\u00ednu rokovania druhej Synody ECAV 2021 v d\u0148och 10.-11.9.2021.&nbsp;<\/p>\n\n\n\n<p>Upozor\u0148ujeme \u010ditate\u013eov, \u017ee tieto inform\u00e1cie s\u00fa zverej\u0148ovan\u00e9 s cie\u013eom napom\u00f4c\u0165 otvorenosti a informovanosti v na\u0161ej cirkvi; o presnom znen\u00ed prijat\u00fdch uznesen\u00ed bud\u00fa dotknut\u00e9 COJ a osoby informovan\u00e9 \u00faradn\u00fdm postupom.<\/p>\n","protected":false},"excerpt":{"rendered":"<p>Z rokovania Gener\u00e1lneho presbyterstva ECAV, 4.6.2021 &nbsp;08.06.21 &nbsp;&nbsp;Zuzana Pol\u00e1kov\u00e1, sekretari\u00e1t ECAV &nbsp;&nbsp;Spravodajstvo V porad\u00ed \u0161tvrt\u00e9 zasadnutie Gener\u00e1lneho presbyterstva ECAV v tomto roku sa konalo d\u0148a 4. j\u00fana v priestoroch B\u00daZD vo Zvolene. \u010clenovia gener\u00e1lneho presbyterstva v \u00favode zobrali na vedomie upr\u00e1zdnenie miesta gener\u00e1lneho dozorcu. Na vlastn\u00fa \u017eiados\u0165 br. \u013dubom\u00edra Pankucha ho gener\u00e1lne presbyterstvo odvolalo z &#8230; <a title=\"Z rokovania GP\" class=\"read-more\" href=\"https:\/\/www.e-anjelik.sk\/index.php\/2021\/06\/16\/z-rokovania-gp\/\" aria-label=\"Pre\u010d\u00edtajte si viac o Z rokovania GP\">\u010c\u00edta\u0165 viac<\/a><\/p>\n","protected":false},"author":4,"featured_media":0,"comment_status":"open","ping_status":"open","sticky":false,"template":"","format":"standard","meta":{"footnotes":""},"categories":[177,104],"tags":[],"class_list":["post-34702","post","type-post","status-publish","format-standard","hentry","category-gbu","category-synoda"],"_links":{"self":[{"href":"https:\/\/www.e-anjelik.sk\/index.php\/wp-json\/wp\/v2\/posts\/34702","targetHints":{"allow":["GET"]}}],"collection":[{"href":"https:\/\/www.e-anjelik.sk\/index.php\/wp-json\/wp\/v2\/posts"}],"about":[{"href":"https:\/\/www.e-anjelik.sk\/index.php\/wp-json\/wp\/v2\/types\/post"}],"author":[{"embeddable":true,"href":"https:\/\/www.e-anjelik.sk\/index.php\/wp-json\/wp\/v2\/users\/4"}],"replies":[{"embeddable":true,"href":"https:\/\/www.e-anjelik.sk\/index.php\/wp-json\/wp\/v2\/comments?post=34702"}],"version-history":[{"count":1,"href":"https:\/\/www.e-anjelik.sk\/index.php\/wp-json\/wp\/v2\/posts\/34702\/revisions"}],"predecessor-version":[{"id":34703,"href":"https:\/\/www.e-anjelik.sk\/index.php\/wp-json\/wp\/v2\/posts\/34702\/revisions\/34703"}],"wp:attachment":[{"href":"https:\/\/www.e-anjelik.sk\/index.php\/wp-json\/wp\/v2\/media?parent=34702"}],"wp:term":[{"taxonomy":"category","embeddable":true,"href":"https:\/\/www.e-anjelik.sk\/index.php\/wp-json\/wp\/v2\/categories?post=34702"},{"taxonomy":"post_tag","embeddable":true,"href":"https:\/\/www.e-anjelik.sk\/index.php\/wp-json\/wp\/v2\/tags?post=34702"}],"curies":[{"name":"wp","href":"https:\/\/api.w.org\/{rel}","templated":true}]}}